{"id":47752,"date":"2018-05-22T16:43:06","date_gmt":"2018-05-22T21:43:06","guid":{"rendered":"https:\/\/www.uv.mx\/prensa\/?p=47752"},"modified":"2018-05-23T13:15:54","modified_gmt":"2018-05-23T18:15:54","slug":"narraciones-orales-dan-identidad-alejandra-sanchez","status":"publish","type":"post","link":"https:\/\/www.uv.mx\/prensa\/regiones\/poza-rica\/narraciones-orales-dan-identidad-alejandra-sanchez\/","title":{"rendered":"Narraciones orales dan identidad: Alejandra S\u00e1nchez"},"content":{"rendered":"<p>&nbsp;<\/p>\n<div id=\"attachment_47751\" style=\"width: 491px\" class=\"wp-caption aligncenter\"><a href=\"https:\/\/www.uv.mx\/prensa\/files\/2018\/05\/220518-POZA-RICA-CONFERENCIA-ALEJANDRA-SANCHEZ.jpg\"><img aria-describedby=\"caption-attachment-47751\" decoding=\"async\" loading=\"lazy\" class=\"size-full wp-image-47751\" src=\"https:\/\/www.uv.mx\/prensa\/files\/2018\/05\/220518-POZA-RICA-CONFERENCIA-ALEJANDRA-SANCHEZ.jpg\" alt=\"\" width=\"481\" height=\"722\" srcset=\"https:\/\/www.uv.mx\/prensa\/files\/2018\/05\/220518-POZA-RICA-CONFERENCIA-ALEJANDRA-SANCHEZ.jpg 481w, https:\/\/www.uv.mx\/prensa\/files\/2018\/05\/220518-POZA-RICA-CONFERENCIA-ALEJANDRA-SANCHEZ-200x300.jpg 200w\" sizes=\"(max-width: 481px) 100vw, 481px\" \/><\/a><p id=\"caption-attachment-47751\" class=\"wp-caption-text\">Alejandra S\u00e1nchez Galicia ofreci\u00f3 una conferencia en la USBI-Poza Rica<\/p><\/div>\n<p>&nbsp;<\/p>\n<p><b><i>Alma Celia San Mart\u00edn Cruz<\/i><\/b><\/p>\n<p><b><i>22\/05\/18, Poza Rica, Ver.- <\/i><\/b>Las narraciones orales dan identidad a una comunidad o a la naci\u00f3n, por ello es importante que sean valoradas como patrimonio intangible, asegur\u00f3 Alejandra S\u00e1nchez Galicia, narradora oral, investigadora y promotora cultural.<\/p>\n<p>El viernes 18 de mayo, Alejandra S\u00e1nchez ofreci\u00f3 la conferencia \u201cLeyendas de nahuales en pueblos originarios\u201d en la <a href=\"https:\/\/www.uv.mx\/pozarica\/usbi\/\" target=\"_blank\" rel=\"noopener\">Unidad de Servicios Bibliotecarios y de Informaci\u00f3n<\/a> (USBI) de la Universidad Veracruzana (UV)<\/p>\n<p>Mencion\u00f3 que las nuevas generaciones est\u00e1n inmersas en los videojuegos y en los medios de comunicaci\u00f3n, y que es inevitable su influencia; sin embargo, este tipo de medios podr\u00edan aprovecharse para difundir estas historias que han sido recopiladas en las comunidades y transmitidas de generaci\u00f3n en generaci\u00f3n.<\/p>\n<p>La ponente consider\u00f3 que habr\u00eda que rescatarlas mediante videos e Internet y acercarlas a los m\u00e1s j\u00f3venes. As\u00ed se evitar\u00eda que estos elementos de identidad de los pueblos originarios y las zonas urbanas se pierdan.<\/p>\n<p>Como parte del proyecto, en la p\u00e1gina de <i>Facebook<\/i>: A.S. Literatura Tradicional se difunde e invita a personas de todas las edades a contar y subir historias para conocer este importante material. Se busca que este espacio sea un repositorio de historias que sirvan para futuras investigaciones.<\/p>\n<p>Agreg\u00f3 que en la p\u00e1gina de <i>Facebook<\/i> se encuentran videos y grabaciones de personas de las comunidades y pueblos que ha visitado tras iniciar este trabajo. Es un sitio abierto al cual pueden acceder quienes quieran contar y compartir una historia, o simplemente recrearse con la lectura de las leyendas.<\/p>\n<p>S\u00e1nchez Galicia, quien es narradora de historias de los pueblos de Milpa Alta y Tl\u00e1huac asentados en la Ciudad de M\u00e9xico, mencion\u00f3 que las leyendas y relatos siempre han existido en cada cultura, para dar respuesta a un suceso. Adem\u00e1s se cuentan dentro de la cotidianidad y en ellos hay referencias de calles, ciudades y cerros, por lo que quienes los escuchan se sienten identificados.<\/p>\n<p>En la conferencia tambi\u00e9n habl\u00f3 de los nahuales, quienes son personas que por las noches se convierten en animales y salen a robar; adem\u00e1s, mencion\u00f3 a las sirenas y algunos personajes de la regi\u00f3n de donde es originaria.<\/p>\n<p>&nbsp;<\/p>\n<div id=\"attachment_47750\" style=\"width: 732px\" class=\"wp-caption aligncenter\"><a href=\"https:\/\/www.uv.mx\/prensa\/files\/2018\/05\/220518-POZA-RICA-CONFERENCIA-ALEJANDRA-SANCHEZ-2.jpg\"><img aria-describedby=\"caption-attachment-47750\" decoding=\"async\" loading=\"lazy\" class=\"size-full wp-image-47750\" src=\"https:\/\/www.uv.mx\/prensa\/files\/2018\/05\/220518-POZA-RICA-CONFERENCIA-ALEJANDRA-SANCHEZ-2.jpg\" alt=\"\" width=\"722\" height=\"480\" srcset=\"https:\/\/www.uv.mx\/prensa\/files\/2018\/05\/220518-POZA-RICA-CONFERENCIA-ALEJANDRA-SANCHEZ-2.jpg 722w, https:\/\/www.uv.mx\/prensa\/files\/2018\/05\/220518-POZA-RICA-CONFERENCIA-ALEJANDRA-SANCHEZ-2-300x199.jpg 300w\" sizes=\"(max-width: 722px) 100vw, 722px\" \/><\/a><p id=\"caption-attachment-47750\" class=\"wp-caption-text\">Estudiantes de los diferentes programas educativos disfrutaron la conferencia<\/p><\/div>\n","protected":false},"excerpt":{"rendered":"<p>La investigadora ofreci\u00f3 una conferencia en la USBI-Poza Rica<\/p>\n","protected":false},"author":1508,"featured_media":47750,"comment_status":"closed","ping_status":"closed","sticky":false,"template":"","format":"standard","meta":[],"categories":[54],"tags":[],"_links":{"self":[{"href":"https:\/\/www.uv.mx\/prensa\/wp-json\/wp\/v2\/posts\/47752"}],"collection":[{"href":"https:\/\/www.uv.mx\/prensa\/wp-json\/wp\/v2\/posts"}],"about":[{"href":"https:\/\/www.uv.mx\/prensa\/wp-json\/wp\/v2\/types\/post"}],"author":[{"embeddable":true,"href":"https:\/\/www.uv.mx\/prensa\/wp-json\/wp\/v2\/users\/1508"}],"replies":[{"embeddable":true,"href":"https:\/\/www.uv.mx\/prensa\/wp-json\/wp\/v2\/comments?post=47752"}],"version-history":[{"count":0,"href":"https:\/\/www.uv.mx\/prensa\/wp-json\/wp\/v2\/posts\/47752\/revisions"}],"wp:featuredmedia":[{"embeddable":true,"href":"https:\/\/www.uv.mx\/prensa\/wp-json\/wp\/v2\/media\/47750"}],"wp:attachment":[{"href":"https:\/\/www.uv.mx\/prensa\/wp-json\/wp\/v2\/media?parent=47752"}],"wp:term":[{"taxonomy":"category","embeddable":true,"href":"https:\/\/www.uv.mx\/prensa\/wp-json\/wp\/v2\/categories?post=47752"},{"taxonomy":"post_tag","embeddable":true,"href":"https:\/\/www.uv.mx\/prensa\/wp-json\/wp\/v2\/tags?post=47752"}],"curies":[{"name":"wp","href":"https:\/\/api.w.org\/{rel}","templated":true}]}}