{"id":47666,"date":"2018-05-21T18:52:13","date_gmt":"2018-05-21T23:52:13","guid":{"rendered":"https:\/\/www.uv.mx\/prensa\/?p=47666"},"modified":"2021-10-28T10:34:08","modified_gmt":"2021-10-28T15:34:08","slug":"tecnologia-debe-impactar-favorablemente-a-la-sociedad","status":"publish","type":"post","link":"https:\/\/www.uv.mx\/prensa\/general\/tecnologia-debe-impactar-favorablemente-a-la-sociedad\/","title":{"rendered":"Tecnolog\u00eda debe impactar favorablemente a la sociedad"},"content":{"rendered":"<ul>\n<li><i>Jos\u00e9 Rafael Rojano habl\u00f3 de la discapacidad auditiva en el III Coloquio Sistemas Interactivos Centrados en el Usuario<\/i><\/li>\n<\/ul>\n<div id=\"attachment_47612\" style=\"width: 732px\" class=\"wp-caption aligncenter\"><a href=\"https:\/\/www.uv.mx\/prensa\/files\/2018\/05\/21052018-KARINA-Discapacidad-auditiva.jpg\"><img loading=\"lazy\" decoding=\"async\" aria-describedby=\"caption-attachment-47612\" class=\"size-full wp-image-47612\" src=\"https:\/\/www.uv.mx\/prensa\/files\/2018\/05\/21052018-KARINA-Discapacidad-auditiva.jpg\" alt=\"\" width=\"722\" height=\"481\" srcset=\"https:\/\/www.uv.mx\/prensa\/files\/2018\/05\/21052018-KARINA-Discapacidad-auditiva.jpg 722w, https:\/\/www.uv.mx\/prensa\/files\/2018\/05\/21052018-KARINA-Discapacidad-auditiva-300x200.jpg 300w\" sizes=\"auto, (max-width: 722px) 100vw, 722px\" \/><\/a><p id=\"caption-attachment-47612\" class=\"wp-caption-text\">Rojano C\u00e1ceres busca sensibilizar a estudiantes para que se interesen en temas como la discapacidad auditiva<\/p><\/div>\n<p><b><i>Karina de la Paz Reyes D\u00edaz<\/i><\/b><\/p>\n<p><b><i>21\/05\/18, Xalapa, Ver.- <\/i><\/b>La tecnolog\u00eda computacional debe impactar favorablemente a la sociedad, destac\u00f3 Jos\u00e9 Rafael Rojano C\u00e1ceres, responsable del cuerpo acad\u00e9mico (CA) Tecnolog\u00eda Computacional y Educativa de la <a href=\"https:\/\/www.uv.mx\/fei\/\" target=\"_blank\" rel=\"noopener\">Facultad de Estad\u00edstica e Inform\u00e1tica<\/a> (FEI) de la Universidad Veracruzana (UV), en el III Coloquio Sistemas Interactivos Centrados en el Usuario.<\/p>\n<p>El acad\u00e9mico imparti\u00f3 la conferencia magistral \u201cTecnolog\u00eda social para la discapacidad auditiva\u201d en el evento que organiz\u00f3 la Maestr\u00eda en Sistemas Interactivos Centrados en el Usuario (MSICU), el 18 de mayo en el auditorio de la FEI.<\/p>\n<p>Ante estudiantes de licenciatura, maestr\u00eda y doctorado, aclar\u00f3 su inter\u00e9s por sensibilizarlos y despertar su curiosidad hacia el tema, m\u00e1s all\u00e1 de los t\u00e9rminos y procesos t\u00e9cnicos que se requieren para desarrollarlo. Por ello, detall\u00f3 c\u00f3mo est\u00e1 afectada la vida de las personas con discapacidad ante la falta de espacios, servicios y atenci\u00f3n apropiada.<\/p>\n<p>Detall\u00f3, por ejemplo, que esta poblaci\u00f3n presenta los peores resultados sanitarios y acad\u00e9micos, menor participaci\u00f3n econ\u00f3mica, alta tasa de pobreza, mayor dependencia y limitada participaci\u00f3n social. Cit\u00f3 tambi\u00e9n que si bien hay marcos normativos como la Ley Federal para Prevenir y Eliminar la Discriminaci\u00f3n (2003) o la Ley para la Integraci\u00f3n de las Personas con Discapacidad del Estado de Veracruz de Ignacio de la Llave (2010), la discriminaci\u00f3n est\u00e1 presente en la sociedad.<\/p>\n<p>En la inclusi\u00f3n de las personas sordas, dijo, son varios los aspectos que se deben tomar en cuenta: el desarrollo cognitivo que se ve retrasado por falta de desarrollo del lenguaje; la capacidad de abstracci\u00f3n se ve limitada; muchos no saben leer o escribir; la capacidad de comprensi\u00f3n escrita tambi\u00e9n se ve afectada; la lengua de se\u00f1as no es universal, entre otros.<\/p>\n<p>\u201cSer inclusivos con las personas sordas requiere, en primer t\u00e9rmino, entender su posici\u00f3n, sus necesidades y ofrecer respeto a su propia cultura\u201d, remarc\u00f3 el acad\u00e9mico de la FEI.<\/p>\n<p>A manera de conclusi\u00f3n, cit\u00f3 algunos de los resultados de proyectos que ha desarrollado sobre el tema: sensibilizaci\u00f3n de la sociedad, a trav\u00e9s de talleres en diversas entidades de la UV; desarrollo de materiales educativos para oyentes, de interfaces aumentativas y modelos computacionales.<\/p>\n","protected":false},"excerpt":{"rendered":"<p>Jos\u00e9 Rafael Rojano habl\u00f3 de la discapacidad auditiva en el III Coloquio Sistemas Interactivos Centrados en el Usuario<\/p>\n","protected":false},"author":1775,"featured_media":47612,"comment_status":"closed","ping_status":"closed","sticky":false,"template":"","format":"standard","meta":{"footnotes":""},"categories":[1],"tags":[753,752,484,120,4725,4723,4015,4724],"class_list":["post-47666","post","type-post","status-publish","format-standard","has-post-thumbnail","hentry","category-general","tag-ca","tag-cuerpo-academico","tag-facultad-de-estadistica-e-informatica","tag-fei","tag-iii-coloquio","tag-jose-rafael-rojano-caceres","tag-karina-de-la-paz-reyes-diaz","tag-tecnologia-computacional-y-educativa"],"_links":{"self":[{"href":"https:\/\/www.uv.mx\/prensa\/wp-json\/wp\/v2\/posts\/47666","targetHints":{"allow":["GET"]}}],"collection":[{"href":"https:\/\/www.uv.mx\/prensa\/wp-json\/wp\/v2\/posts"}],"about":[{"href":"https:\/\/www.uv.mx\/prensa\/wp-json\/wp\/v2\/types\/post"}],"author":[{"embeddable":true,"href":"https:\/\/www.uv.mx\/prensa\/wp-json\/wp\/v2\/users\/1775"}],"replies":[{"embeddable":true,"href":"https:\/\/www.uv.mx\/prensa\/wp-json\/wp\/v2\/comments?post=47666"}],"version-history":[{"count":1,"href":"https:\/\/www.uv.mx\/prensa\/wp-json\/wp\/v2\/posts\/47666\/revisions"}],"predecessor-version":[{"id":103995,"href":"https:\/\/www.uv.mx\/prensa\/wp-json\/wp\/v2\/posts\/47666\/revisions\/103995"}],"wp:featuredmedia":[{"embeddable":true,"href":"https:\/\/www.uv.mx\/prensa\/wp-json\/wp\/v2\/media\/47612"}],"wp:attachment":[{"href":"https:\/\/www.uv.mx\/prensa\/wp-json\/wp\/v2\/media?parent=47666"}],"wp:term":[{"taxonomy":"category","embeddable":true,"href":"https:\/\/www.uv.mx\/prensa\/wp-json\/wp\/v2\/categories?post=47666"},{"taxonomy":"post_tag","embeddable":true,"href":"https:\/\/www.uv.mx\/prensa\/wp-json\/wp\/v2\/tags?post=47666"}],"curies":[{"name":"wp","href":"https:\/\/api.w.org\/{rel}","templated":true}]}}