{"id":47596,"date":"2018-05-18T21:10:56","date_gmt":"2018-05-19T02:10:56","guid":{"rendered":"https:\/\/www.uv.mx\/prensa\/?p=47596"},"modified":"2018-05-21T13:44:39","modified_gmt":"2018-05-21T18:44:39","slug":"investigadora-de-eeuu-dicto-conferencia-sobre-neuroquimica","status":"publish","type":"post","link":"https:\/\/www.uv.mx\/prensa\/ciencia\/investigadora-de-eeuu-dicto-conferencia-sobre-neuroquimica\/","title":{"rendered":"Investigadora de EEUU dict\u00f3 conferencia sobre neuroqu\u00edmica"},"content":{"rendered":"<div id=\"attachment_47593\" style=\"width: 732px\" class=\"wp-caption aligncenter\"><a href=\"https:\/\/www.uv.mx\/prensa\/files\/2018\/05\/180518-Conferencia-EEE.jpg\"><img loading=\"lazy\" decoding=\"async\" aria-describedby=\"caption-attachment-47593\" class=\"wp-image-47593 size-full\" src=\"https:\/\/www.uv.mx\/prensa\/files\/2018\/05\/180518-Conferencia-EEE.jpg\" alt=\"\" width=\"722\" height=\"481\" srcset=\"https:\/\/www.uv.mx\/prensa\/files\/2018\/05\/180518-Conferencia-EEE.jpg 722w, https:\/\/www.uv.mx\/prensa\/files\/2018\/05\/180518-Conferencia-EEE-300x200.jpg 300w\" sizes=\"auto, (max-width: 722px) 100vw, 722px\" \/><\/a><p id=\"caption-attachment-47593\" class=\"wp-caption-text\">Babette Fuss, acad\u00e9mica del Departamento de Anatom\u00eda y Neurobiolog\u00eda de la Universidad Commonwealth de Virginia<\/p><\/div>\n<p>&nbsp;<\/p>\n<p><strong><em>David Sandoval Rodr\u00edguez<\/em><\/strong><\/p>\n<p><strong><em>18\/05\/18, Xalapa, Ver.-<\/em><\/strong> En la actualidad, el diagn\u00f3stico y atenci\u00f3n de las enfermedades mentales ha cambiado y se sigue avanzando en comprenderlas desde m\u00faltiples \u00e1ngulos, coment\u00f3 Babette Fuss, investigadora y acad\u00e9mica del Departamento de Anatom\u00eda y Neurobiolog\u00eda de la Universidad Commonwealth de Virginia, Estados Unidos (EEUU), al visitar la Universidad Veracruzana (UV).<\/p>\n<p>A trav\u00e9s de la <a href=\"https:\/\/www.uv.mx\/internacional\/\" target=\"_blank\" rel=\"noopener\">Direcci\u00f3n General de Relaciones Internacionales<\/a> (DGRI) y el Doctorado en Ciencias Biom\u00e9dicas, la investigadora dict\u00f3 la conferencia \u201cGlutamate Transporters as Regulators of Oligodendrocyte Differentiation and Myelination\u201d en la <a href=\"https:\/\/www.uv.mx\/eee\/\" target=\"_blank\" rel=\"noopener\">Escuela para Estudiantes Extranjeros<\/a> (EEE) el mi\u00e9rcoles 16 de mayo.<\/p>\n<p>Rossana Citlali Zepeda Hern\u00e1ndez, acad\u00e9mica del Centro de Investigaciones Biom\u00e9dicas y del Doctorado en Ciencias Biom\u00e9dicas, explic\u00f3 que gracias a la colaboraci\u00f3n continua con Arturo Ortega Soto, investigador del Departamento de Toxicolog\u00eda del Centro de Investigaci\u00f3n y de Estudios Avanzados (<em>Cinvestav<\/em>), fue posible contar con la presencia de la cient\u00edfica norteamericana.<\/p>\n<p>Su conferencia se sum\u00f3 a las actividades del curso de neurotoxicolog\u00eda de dicho posgrado y benefici\u00f3 aproximadamente a 40 alumnos, coment\u00f3 la acad\u00e9mica.<\/p>\n<p>Babette Fuss explic\u00f3 que ella y Arturo Ortega son miembros de la Sociedad Americana de Neuroqu\u00edmica y refiri\u00f3 que a partir de una estancia de investigaci\u00f3n que realiz\u00f3 una alumna de este \u00faltimo comenzaron a colaborar en sus respectivos trabajos.<\/p>\n<p>Sus investigaciones sobre los transportadores de glutamato ocurrieron en un momento en el que eran escasas, por lo cual ambos se interesaron en continuar esta colaboraci\u00f3n a partir de las investigaciones de su alumna.<\/p>\n<p>Encontraron informaci\u00f3n interesante que permiti\u00f3 continuar la colaboraci\u00f3n y al d\u00eda de hoy ha recibido en EEUU a Miguel Escalante L\u00f3pez, quien trabaja actualmente un proyecto en el laboratorio de la doctora Fuss.<\/p>\n<p>La importancia de estas investigaciones radica en que se buscan los caminos que siguen las mol\u00e9culas en un periodo de enfermedad como es el caso de las oligodendrocitas, c\u00e9lulas del Sistema Nervioso Central (SNC), y c\u00f3mo son afectadas por la esclerosis m\u00faltiple, por mencionar una de las enfermedades, coment\u00f3 la ponente.<\/p>\n<p>\u201cCon la informaci\u00f3n que tenemos pensamos que hemos encontrado que existe un camino importante que regula la producci\u00f3n de estas c\u00e9lulas, pero en la enfermedad este camino se interrumpe o no funciona, por lo cual comienzan las afectaciones y trabajamos en identificar el camino completo para poderlo reparar.\u201d<\/p>\n<p>La esclerosis m\u00faltiple y la esquizofrenia son algunas de las enfermedades en las que incide directamente su investigaci\u00f3n, es posible que incluso pueda incidir en el tratamiento de la depresi\u00f3n.<\/p>\n<p>\u201cA largo plazo ser\u00e1 posible que dise\u00f1emos tratamientos para evitarlas o contrarrestarlas, \u00e9se es nuestro prop\u00f3sito\u201d, apunt\u00f3.<\/p>\n<p>Respecto a si las enfermedades neurol\u00f3gicas se han incrementado en la actualidad, la investigadora opin\u00f3 que se debe considerar, previo a cualquier pron\u00f3stico, que hemos mejorado mucho en el reconocimiento y diagn\u00f3stico de las enfermedades mentales.<\/p>\n<p>\u201cPor ejemplo, ahora no s\u00f3lo se piensa en la depresi\u00f3n como un sin\u00f3nimo de una persona triste por cualquier raz\u00f3n, sabemos que esta enfermedad ocurre por una causa fisiol\u00f3gica y afecta al cerebro.\u201d<\/p>\n<p>En cuanto a la esquizofrenia, dijo: \u201cDebemos recordar que en el pasado a quienes padec\u00edan este trastorno se les consideraba locos, raros o extra\u00f1os, y la soluci\u00f3n era encerrarlos; ahora sabemos que algo en sus cerebros no funciona bien y est\u00e1 relacionado con la capacidad que tenemos de reconocer y diagnosticar las enfermedades\u201d.<\/p>\n<p>En la esclerosis m\u00faltiple, sus primeros s\u00edntomas pueden ser enga\u00f1osos, al principio las personas se sienten cansadas o inc\u00f3modas, pero el hecho de que es una enfermedad grave que ha hecho a las personas m\u00e1s conscientes y algunas que desconocen si est\u00e1n enfermas ahora pueden ser atendidas y saber su diagn\u00f3stico.<\/p>\n<p>Con respecto a su visita a la UV, la investigadora consider\u00f3 que se establece una relaci\u00f3n positiva en la que los estudiantes tendr\u00e1n conocimientos de primera l\u00ednea, basados en investigaciones y que quiz\u00e1 no han sido tratados con este nivel de detalle en su formaci\u00f3n.<\/p>\n<p>\u201cA veces en estas presentaciones considero que son elementos inconexos y descubro que sus preguntas sobre el trabajo muestran posibles puntos de contacto que vale la pena desarrollar, incluso como un trabajo de titulaci\u00f3n de sus posgrados\u201d, opin\u00f3 Fuss.<\/p>\n<p>Consider\u00f3 importante escuchar lo que tienen que decir los alumnos \u201cporque se encuentran conexiones que uno no ve a simple vista, por eso es importante mantener una mente abierta a diferentes perspectivas y opiniones\u201d.<\/p>\n","protected":false},"excerpt":{"rendered":"<p>Babette Fuss, del Departamento de Anatom\u00eda y Neurobiolog\u00eda de la Universidad Commonwealth de Virginia, charl\u00f3 sobre los cambios y avances en el diagn\u00f3stico y atenci\u00f3n de las enfermedades mentales<\/p>\n","protected":false},"author":1508,"featured_media":47593,"comment_status":"closed","ping_status":"closed","sticky":false,"template":"","format":"standard","meta":{"footnotes":""},"categories":[45],"tags":[],"class_list":["post-47596","post","type-post","status-publish","format-standard","has-post-thumbnail","hentry","category-ciencia"],"_links":{"self":[{"href":"https:\/\/www.uv.mx\/prensa\/wp-json\/wp\/v2\/posts\/47596","targetHints":{"allow":["GET"]}}],"collection":[{"href":"https:\/\/www.uv.mx\/prensa\/wp-json\/wp\/v2\/posts"}],"about":[{"href":"https:\/\/www.uv.mx\/prensa\/wp-json\/wp\/v2\/types\/post"}],"author":[{"embeddable":true,"href":"https:\/\/www.uv.mx\/prensa\/wp-json\/wp\/v2\/users\/1508"}],"replies":[{"embeddable":true,"href":"https:\/\/www.uv.mx\/prensa\/wp-json\/wp\/v2\/comments?post=47596"}],"version-history":[{"count":0,"href":"https:\/\/www.uv.mx\/prensa\/wp-json\/wp\/v2\/posts\/47596\/revisions"}],"wp:featuredmedia":[{"embeddable":true,"href":"https:\/\/www.uv.mx\/prensa\/wp-json\/wp\/v2\/media\/47593"}],"wp:attachment":[{"href":"https:\/\/www.uv.mx\/prensa\/wp-json\/wp\/v2\/media?parent=47596"}],"wp:term":[{"taxonomy":"category","embeddable":true,"href":"https:\/\/www.uv.mx\/prensa\/wp-json\/wp\/v2\/categories?post=47596"},{"taxonomy":"post_tag","embeddable":true,"href":"https:\/\/www.uv.mx\/prensa\/wp-json\/wp\/v2\/tags?post=47596"}],"curies":[{"name":"wp","href":"https:\/\/api.w.org\/{rel}","templated":true}]}}