{"id":47523,"date":"2018-05-18T20:21:05","date_gmt":"2018-05-19T01:21:05","guid":{"rendered":"https:\/\/www.uv.mx\/prensa\/?p=47523"},"modified":"2018-05-18T20:21:05","modified_gmt":"2018-05-19T01:21:05","slug":"uv-rindio-homenaje-a-norma-morales-sanchez","status":"publish","type":"post","link":"https:\/\/www.uv.mx\/prensa\/regiones\/uv-rindio-homenaje-a-norma-morales-sanchez\/","title":{"rendered":"UV rindi\u00f3 homenaje a Norma Morales S\u00e1nchez"},"content":{"rendered":"<ul>\n<li><em>La ex Secretaria Regional de Administraci\u00f3n y Finanzas fue reconocida por sus 36 a\u00f1os al servicio de la Universidad<\/em><\/li>\n<li><em>Mar\u00eda In\u00e9s Quevedo L\u00f3pez sustituye en el cargo a la homenajeada<\/em><\/li>\n<\/ul>\n<p><strong>\u00a0<\/strong><\/p>\n<div id=\"attachment_47524\" style=\"width: 732px\" class=\"wp-caption aligncenter\"><a href=\"https:\/\/www.uv.mx\/prensa\/files\/2018\/05\/180518-CECILIA-Ceremonia2.jpg\"><img loading=\"lazy\" decoding=\"async\" aria-describedby=\"caption-attachment-47524\" class=\"size-full wp-image-47524\" src=\"https:\/\/www.uv.mx\/prensa\/files\/2018\/05\/180518-CECILIA-Ceremonia2.jpg\" alt=\"\" width=\"722\" height=\"1083\" srcset=\"https:\/\/www.uv.mx\/prensa\/files\/2018\/05\/180518-CECILIA-Ceremonia2.jpg 722w, https:\/\/www.uv.mx\/prensa\/files\/2018\/05\/180518-CECILIA-Ceremonia2-200x300.jpg 200w, https:\/\/www.uv.mx\/prensa\/files\/2018\/05\/180518-CECILIA-Ceremonia2-683x1024.jpg 683w\" sizes=\"auto, (max-width: 722px) 100vw, 722px\" \/><\/a><p id=\"caption-attachment-47524\" class=\"wp-caption-text\">Norma Morales S\u00e1nchez con el vicerrector Carlos Lamothe Zavaleta<\/p><\/div>\n<p>&nbsp;<\/p>\n<p><strong><em>Cecilia Escribano Reyes<\/em><\/strong><\/p>\n<p><strong><em>18\/05\/18, Coatzacoalcos, Ver.-<\/em><\/strong> La Secretar\u00eda Regional de Administraci\u00f3n y Finanzas y la Vicerrector\u00eda Coatzacoalcos-Minatitl\u00e1n de la Universidad Veracruzana (UV) rindieron homenaje a Norma Morales S\u00e1nchez por 36 a\u00f1os al servicio de esta casa de estudios.<\/p>\n<p>La homenajeada estuvo al frente de la Secretar\u00eda Regional de Administraci\u00f3n y Finanzas desde el 6 de enero de 1999 hasta el 17 de mayo del presente a\u00f1o.<\/p>\n<p>En la misma ceremonia, realizada el 17 de mayo en el Aula Magna del <em>campus<\/em> Minatitl\u00e1n, Mar\u00eda In\u00e9s Quevedo L\u00f3pez recibi\u00f3 el nombramiento como nueva titular de dicha dependencia universitaria, en sustituci\u00f3n de Norma Morales, de quien se present\u00f3 un video de su trayectoria profesional.<\/p>\n<p>Morales S\u00e1nchez ingres\u00f3 a la UV el 1 de octubre de 1981, en la Direcci\u00f3n de Contabilidad, como analista en el Departamento de Egresos. A partir del 16 de octubre de 1995, labor\u00f3 en el <em>campus<\/em> Coatzacoalcos como administradora; por sus m\u00e9ritos laborales fue invitada a ocupar el cargo de Secretaria de Administraci\u00f3n y Finanzas en la Vicerrector\u00eda Coatzacoalcos-Minatitl\u00e1n.<\/p>\n<p>El vicerrector Carlos Lamothe Zavaleta entreg\u00f3 a Norma Morales un reconocimiento y se\u00f1al\u00f3: \u201cHoy tenemos la oportunidad de ofrecerle una despedida, pero sobre todo un homenaje a quien durante 36 a\u00f1os se dedic\u00f3 de manera puntual, responsable y \u00e9tica al trabajo de esta casa de estudios y haber mantenido el rumbo en tiempos dif\u00edciles, por ser el tim\u00f3n que llev\u00f3 a la Vicerrector\u00eda a puerto seguro\u201d.<\/p>\n<p>Enrique Ram\u00edrez Nazariega, ex vicerrector y miembro de la Junta de Gobierno, expres\u00f3: \u201cNorma es s\u00edmbolo de profesionalismo, institucionalidad y compromiso, pero tambi\u00e9n de mucha firmeza\u201d.<\/p>\n<p>Agreg\u00f3 que la homenajeada ayud\u00f3 a sentar las bases para una administraci\u00f3n financiera m\u00e1s eficiente, transparente y \u00e1gil. \u201cFue tambi\u00e9n la promotora de la modernizaci\u00f3n de los procesos manuales a los procesos sistematizados del \u00e1rea financiera en la regi\u00f3n\u201d.<\/p>\n<p>En su participaci\u00f3n, Salvador Tapia Spinoso, secretario de Administraci\u00f3n y Finanzas de la UV, se\u00f1al\u00f3: \u201cEs com\u00fan escuchar que honrar, honra; en ese sentido, me siento orgulloso de pertenecer a una instituci\u00f3n como \u00e9sta, que sabe reconocer a trav\u00e9s de su comunidad la trayectoria de una persona como Norma Morales, quien ha entregado tanto a la Universidad\u201d.<\/p>\n<p>Recalc\u00f3 sentir una gran admiraci\u00f3n, pero sobre todo le agradeci\u00f3 a nombre de esta casa de estudios el ser un ejemplo de conducta profesional y \u00e9tica basada en un sentido de responsabilidad excepcional.<\/p>\n<p>En el evento se enton\u00f3 el <em>Himno a la Universidad Veracruzana<\/em> y se present\u00f3 el grupo Flor de Lis de la Facultad de Enfermer\u00eda con el espect\u00e1culo <em>Toro Zacamand<\/em><em>\u00fa<\/em>.<\/p>\n<p>Al tomar la palabra, Norma Morales dijo sentirse honrada por pertenecer a la Universidad Veracruzana. \u201cAl despedirme de esta instituci\u00f3n quiero manifestar mi agradecimiento por el apoyo otorgado para el desarrollo de mis funciones, pudimos cumplir con los planes y programas establecidos para el desarrollo de la educaci\u00f3n superior en la regi\u00f3n\u201d.<\/p>\n<p>Adem\u00e1s reconoci\u00f3 el invaluable apoyo, comprensi\u00f3n y amor que le ofrecieron su familia y amigos durante toda su carrera laboral.<\/p>\n<p>En el evento tambi\u00e9n participaron: Florentino Cruz Mart\u00ednez, secretario Acad\u00e9mico regional; Jorge Andaverde Arredondo y Carlos \u00c1vila Bello, ex vicerrectores de la regi\u00f3n; Delfina Acosta Arg\u00fcello, contralora de la UV, adem\u00e1s de directivos, administrativos, familiares y amigos.<\/p>\n<p>Por su parte, Mar\u00eda In\u00e9s Quevedo se comprometi\u00f3 a cumplir y hacer cumplir los estatutos y reglamentos institucionales, as\u00ed como planear, supervisar y vigilar la operaci\u00f3n financiera de la regi\u00f3n en apego a los lineamientos institucionales.<\/p>\n<p>\u201cConozco las categor\u00edas laborales del personal de confianza y aprend\u00ed de cada una de ellas el compromiso, la responsabilidad y la determinaci\u00f3n de frente al servicio universitario, por lo que ahora no ser\u00e1 la excepci\u00f3n.\u201d<\/p>\n<p>Enfatiz\u00f3 que ser parte del equipo de trabajo de Carlos Lamothe implica honestidad, rectitud y lealtad a la Universidad, \u201cme sumo al esfuerzo de Sistema Universitario en Red, dando m\u00e1s con menos\u201d.<\/p>\n<div id=\"attachment_47525\" style=\"width: 732px\" class=\"wp-caption aligncenter\"><a href=\"https:\/\/www.uv.mx\/prensa\/files\/2018\/05\/180518-CECILIA-Ceremonia4.jpg\"><img loading=\"lazy\" decoding=\"async\" aria-describedby=\"caption-attachment-47525\" class=\"size-full wp-image-47525\" src=\"https:\/\/www.uv.mx\/prensa\/files\/2018\/05\/180518-CECILIA-Ceremonia4.jpg\" alt=\"\" width=\"722\" height=\"481\" srcset=\"https:\/\/www.uv.mx\/prensa\/files\/2018\/05\/180518-CECILIA-Ceremonia4.jpg 722w, https:\/\/www.uv.mx\/prensa\/files\/2018\/05\/180518-CECILIA-Ceremonia4-300x200.jpg 300w\" sizes=\"auto, (max-width: 722px) 100vw, 722px\" \/><\/a><p id=\"caption-attachment-47525\" class=\"wp-caption-text\">Toma de protesta a Mar\u00eda In\u00e9s Quevedo, nueva Secretaria Regional de Administraci\u00f3n y Finanzas<\/p><\/div>\n","protected":false},"excerpt":{"rendered":"<p>A nombre de esta casa de estudios, Salvador Tapia Spinoso, secretario de Administraci\u00f3n y Finanzas, le agradeci\u00f3 a su conducta profesional y \u00e9tica<\/p>\n","protected":false},"author":1869,"featured_media":47524,"comment_status":"closed","ping_status":"closed","sticky":false,"template":"","format":"standard","meta":{"footnotes":""},"categories":[52,32],"tags":[],"class_list":["post-47523","post","type-post","status-publish","format-standard","has-post-thumbnail","hentry","category-coatzacoalcos","category-regiones"],"_links":{"self":[{"href":"https:\/\/www.uv.mx\/prensa\/wp-json\/wp\/v2\/posts\/47523","targetHints":{"allow":["GET"]}}],"collection":[{"href":"https:\/\/www.uv.mx\/prensa\/wp-json\/wp\/v2\/posts"}],"about":[{"href":"https:\/\/www.uv.mx\/prensa\/wp-json\/wp\/v2\/types\/post"}],"author":[{"embeddable":true,"href":"https:\/\/www.uv.mx\/prensa\/wp-json\/wp\/v2\/users\/1869"}],"replies":[{"embeddable":true,"href":"https:\/\/www.uv.mx\/prensa\/wp-json\/wp\/v2\/comments?post=47523"}],"version-history":[{"count":0,"href":"https:\/\/www.uv.mx\/prensa\/wp-json\/wp\/v2\/posts\/47523\/revisions"}],"wp:featuredmedia":[{"embeddable":true,"href":"https:\/\/www.uv.mx\/prensa\/wp-json\/wp\/v2\/media\/47524"}],"wp:attachment":[{"href":"https:\/\/www.uv.mx\/prensa\/wp-json\/wp\/v2\/media?parent=47523"}],"wp:term":[{"taxonomy":"category","embeddable":true,"href":"https:\/\/www.uv.mx\/prensa\/wp-json\/wp\/v2\/categories?post=47523"},{"taxonomy":"post_tag","embeddable":true,"href":"https:\/\/www.uv.mx\/prensa\/wp-json\/wp\/v2\/tags?post=47523"}],"curies":[{"name":"wp","href":"https:\/\/api.w.org\/{rel}","templated":true}]}}