{"id":47516,"date":"2018-05-18T19:32:44","date_gmt":"2018-05-19T00:32:44","guid":{"rendered":"https:\/\/www.uv.mx\/prensa\/?p=47516"},"modified":"2021-10-27T11:59:54","modified_gmt":"2021-10-27T16:59:54","slug":"alumnos-aprenden-y-se-divierten-en-los-cursos-de-futbol-del-afel","status":"publish","type":"post","link":"https:\/\/www.uv.mx\/prensa\/deportes\/alumnos-aprenden-y-se-divierten-en-los-cursos-de-futbol-del-afel\/","title":{"rendered":"Alumnos aprenden y se divierten en los cursos de futbol del AFEL"},"content":{"rendered":"<ul>\n<li><i>Las sesiones se llevan a cabo en la Unidad Deportiva Universitaria y otorgan cuatro cr\u00e9ditos para la formaci\u00f3n acad\u00e9mica de los estudiantes<\/i><\/li>\n<\/ul>\n<div id=\"attachment_47451\" style=\"width: 732px\" class=\"wp-caption aligncenter\"><a href=\"https:\/\/www.uv.mx\/prensa\/files\/2018\/05\/170518-SANTIAGO-curso-de-futbol-100k.jpg\"><img loading=\"lazy\" decoding=\"async\" aria-describedby=\"caption-attachment-47451\" class=\"size-full wp-image-47451\" src=\"https:\/\/www.uv.mx\/prensa\/files\/2018\/05\/170518-SANTIAGO-curso-de-futbol-100k.jpg\" alt=\"\" width=\"722\" height=\"481\" srcset=\"https:\/\/www.uv.mx\/prensa\/files\/2018\/05\/170518-SANTIAGO-curso-de-futbol-100k.jpg 722w, https:\/\/www.uv.mx\/prensa\/files\/2018\/05\/170518-SANTIAGO-curso-de-futbol-100k-300x200.jpg 300w\" sizes=\"auto, (max-width: 722px) 100vw, 722px\" \/><\/a><p id=\"caption-attachment-47451\" class=\"wp-caption-text\">Asisten alumnos y alumnas de diversas carreras<\/p><\/div>\n<p><b><i>Santiago Morales<\/i><\/b><\/p>\n<p><b><i>18\/05\/18, Xalapa, Ver.- <\/i><\/b>Los alumnos de la Universidad Veracruzana aprenden y se divierten en los cursos semestrales de futbol asociaci\u00f3n del \u00c1rea de Formaci\u00f3n de Elecci\u00f3n Libre (AFEL) que imparte la Direcci\u00f3n de Actividades Deportivas de esta casa de estudios (DADUV).<\/p>\n<p>Las sesiones se llevan a cabo de martes a jueves, de 10:00 a 13:00 y de 11:00 a 14:00 horas, en las canchas de la Unidad Deportiva del Campus para la Cultura, las Artes y el Deporte, a cargo de los instructores Bartolo Arg\u00fcelles Lara y Humberto Morales Camarero.<\/p>\n<p>El cupo es de 25 a 30 alumnos por turno, se\u00f1al\u00f3 Bartolo Arg\u00fcelles y destac\u00f3 que las ense\u00f1anzas est\u00e1n enfocadas en fundamentos b\u00e1sicos, reglas e historia de la disciplina, adem\u00e1s del acondicionamiento f\u00edsico.<\/p>\n<p>Como parte fundamental en la formaci\u00f3n acad\u00e9mica de los asistentes, los cursos tienen un valor de cuatro cr\u00e9ditos, otorgados de acuerdo al aprovechamiento, disciplina y puntualidad.<\/p>\n<p>Agreg\u00f3 que de igual forma, los cursos del AFEL sirven para detectar nuevos valores y encauzarlos a los equipos representativos de la UV.<\/p>\n<p>Arg\u00fcelles Lara coment\u00f3 que el futbol siempre ha tenido buena respuesta en los cursos, con la asistencia de alumnos y alumnas que gustan de su deporte favorito y adem\u00e1s tienen el inter\u00e9s de realizar actividad f\u00edsica y obtener los cr\u00e9ditos que se ofertan.<\/p>\n<p>Por \u00faltimo, invit\u00f3 a todos los alumnos para aprovechar la oportunidad e inscribirse en los cursos semestrales o intersemestrales, en los diferentes deportes que ofrece la UV, pues adem\u00e1s de apoyarlos en formaci\u00f3n acad\u00e9mica los motivan a realizar actividad f\u00edsica para mantener un buen estado de salud.<\/p>\n","protected":false},"excerpt":{"rendered":"<p>Los cursos tambi\u00e9n sirven para detectar nuevos valores y encauzarlos a los equipos representativos de la UV<\/p>\n","protected":false},"author":1775,"featured_media":47451,"comment_status":"closed","ping_status":"closed","sticky":false,"template":"","format":"standard","meta":{"footnotes":""},"categories":[12],"tags":[85,1747,493,197,1383,4700,4699],"class_list":["post-47516","post","type-post","status-publish","format-standard","has-post-thumbnail","hentry","category-deportes","tag-afel","tag-alumnos","tag-area-de-formacion-de-eleccion-libre","tag-daduv","tag-direccion-de-actividades-deportivas","tag-futbol-asociacion","tag-santiago-morales"],"_links":{"self":[{"href":"https:\/\/www.uv.mx\/prensa\/wp-json\/wp\/v2\/posts\/47516","targetHints":{"allow":["GET"]}}],"collection":[{"href":"https:\/\/www.uv.mx\/prensa\/wp-json\/wp\/v2\/posts"}],"about":[{"href":"https:\/\/www.uv.mx\/prensa\/wp-json\/wp\/v2\/types\/post"}],"author":[{"embeddable":true,"href":"https:\/\/www.uv.mx\/prensa\/wp-json\/wp\/v2\/users\/1775"}],"replies":[{"embeddable":true,"href":"https:\/\/www.uv.mx\/prensa\/wp-json\/wp\/v2\/comments?post=47516"}],"version-history":[{"count":1,"href":"https:\/\/www.uv.mx\/prensa\/wp-json\/wp\/v2\/posts\/47516\/revisions"}],"predecessor-version":[{"id":103915,"href":"https:\/\/www.uv.mx\/prensa\/wp-json\/wp\/v2\/posts\/47516\/revisions\/103915"}],"wp:featuredmedia":[{"embeddable":true,"href":"https:\/\/www.uv.mx\/prensa\/wp-json\/wp\/v2\/media\/47451"}],"wp:attachment":[{"href":"https:\/\/www.uv.mx\/prensa\/wp-json\/wp\/v2\/media?parent=47516"}],"wp:term":[{"taxonomy":"category","embeddable":true,"href":"https:\/\/www.uv.mx\/prensa\/wp-json\/wp\/v2\/categories?post=47516"},{"taxonomy":"post_tag","embeddable":true,"href":"https:\/\/www.uv.mx\/prensa\/wp-json\/wp\/v2\/tags?post=47516"}],"curies":[{"name":"wp","href":"https:\/\/api.w.org\/{rel}","templated":true}]}}