{"id":47500,"date":"2018-05-19T07:00:30","date_gmt":"2018-05-19T12:00:30","guid":{"rendered":"https:\/\/www.uv.mx\/prensa\/?p=47500"},"modified":"2018-05-21T15:37:21","modified_gmt":"2018-05-21T20:37:21","slug":"la-literatura-me-encontro-y-empece-a-escribir-mario-sanchez","status":"publish","type":"post","link":"https:\/\/www.uv.mx\/prensa\/banner\/la-literatura-me-encontro-y-empece-a-escribir-mario-sanchez\/","title":{"rendered":"La literatura me encontr\u00f3 y empec\u00e9 a escribir: Mario S\u00e1nchez"},"content":{"rendered":"<ul>\n<li><em>El joven escritor originario de la Ciudad de M\u00e9xico estuvo en la FILU 2018 para promocionar su libro <\/em>Bilis negra<\/li>\n<li><em>Difusi\u00f3n de la cultura, trabajo importante tanto de escritores como de universidades<\/em><\/li>\n<\/ul>\n<p>&nbsp;<\/p>\n<div id=\"attachment_47504\" style=\"width: 732px\" class=\"wp-caption aligncenter\"><a href=\"https:\/\/www.uv.mx\/prensa\/files\/2018\/05\/190518-Principales-ybanner-uv.jpg\"><img loading=\"lazy\" decoding=\"async\" aria-describedby=\"caption-attachment-47504\" class=\"size-full wp-image-47504\" src=\"https:\/\/www.uv.mx\/prensa\/files\/2018\/05\/190518-Principales-ybanner-uv.jpg\" alt=\"\" width=\"722\" height=\"482\" srcset=\"https:\/\/www.uv.mx\/prensa\/files\/2018\/05\/190518-Principales-ybanner-uv.jpg 722w, https:\/\/www.uv.mx\/prensa\/files\/2018\/05\/190518-Principales-ybanner-uv-300x200.jpg 300w\" sizes=\"auto, (max-width: 722px) 100vw, 722px\" \/><\/a><p id=\"caption-attachment-47504\" class=\"wp-caption-text\">Mario S\u00e1nchez Carbajal, ganador del Premio Nacional de Cuento \u201cAgust\u00edn Y\u00e1\u00f1ez\u201d 2017<\/p><\/div>\n<p>&nbsp;<\/p>\n<p><strong><em>Claudia Peralta V<\/em><\/strong><strong><em>\u00e1zquez <\/em><\/strong><\/p>\n<p><strong><em>19\/05\/18, Xalapa, Ver.-<\/em><\/strong> \u201cLa literatura me encontr\u00f3 y empec\u00e9 a escribir\u201d, expres\u00f3 Mario S\u00e1nchez Carbajal, escritor originario de la Ciudad de M\u00e9xico, a quien una enfermedad lo llev\u00f3 a adentrarse al mundo de las letras, pese a que durante su infancia y adolescencia no tuvo mucho acercamiento a ellas.<\/p>\n<p>En la Feria Internacional del Libro Universitario (FILU) 2018, el joven present\u00f3 su libro <em>Bilis negra<\/em>, y previo a este evento el escritor ganador del Premio Nacional de Cuento \u201cAgust\u00edn Y\u00e1\u00f1ez\u201d 2017, concedi\u00f3 una entrevista a <em>Universo<\/em> para dialogar sobre su incursi\u00f3n a la literatura.<\/p>\n<p>&nbsp;<\/p>\n<p><strong><em>\u00bfC\u00f3mo fue tu incursi\u00f3n en el mundo de las letras?<\/em><\/strong><\/p>\n<p>Empec\u00e9 a escribir tarde, alrededor de los 25 a\u00f1os, pues anteriormente no tuve mucha relaci\u00f3n con la literatura ya que mi familia no se dedica al arte, la mayor\u00eda son abogados, ingenieros, contadores, y yo ten\u00eda poco acercamiento real con la literatura, s\u00f3lo en la escuela.<\/p>\n<p>Leer el <em>Cantar del Mio Cid<\/em> a los 10 a\u00f1os es algo que no volver\u00e1s a leer en tu vida, te vacunan contra la literatura.<\/p>\n<p>Por ah\u00ed de los 20 a\u00f1os me enferm\u00e9, tuve demasiado tiempo y empec\u00e9 a encontrar libros, la literatura me encontr\u00f3 y empec\u00e9 a escribir m\u00e1s o menos tarde.<\/p>\n<p>&nbsp;<\/p>\n<p><strong><em>\u00bf<\/em><\/strong><strong><em>Qu<\/em><\/strong><strong><em>\u00e9 <\/em><\/strong><strong><em>aplicas m<\/em><\/strong><strong><em>\u00e1s al momento de escribir, la realidad, la ficci\u00f3n o la imaginaci\u00f3n?<\/em><\/strong><\/p>\n<p>A m\u00ed me gusta mucho pensar en la imaginaci\u00f3n como construcci\u00f3n de historias reales, esa participaci\u00f3n que tiene la imaginaci\u00f3n en una cr\u00f3nica inclusive.<\/p>\n<p>El escritor debe imaginar muchas cosas para llenar un suceso que aunque parece objetivo en el momento de narrarlo se convierte en una ficci\u00f3n. Me gusta pensar en la imaginaci\u00f3n y explorar la realidad en todos sus matices.<\/p>\n<p>Cuando al poeta Leopoldo Marechal le preguntaron cu\u00e1l era la diferencia entre la literatura realista y la literatura fant\u00e1stica, dijo que esta \u00faltima no exist\u00eda pues simplemente eran distintas gradaciones de la realidad.<\/p>\n<p>Me gusta esta percepci\u00f3n porque como escritor pensar que la ficci\u00f3n y la realidad se pueden mezclar de una u otra manera a partir de la imaginaci\u00f3n, es como verte en un cambio muy amplio y me gusta porque me permite explorar m\u00e1s.<\/p>\n<p>&nbsp;<\/p>\n<p><strong><em>\u00bf<\/em><\/strong><strong><em>Qu<\/em><\/strong><strong><em>\u00e9 tan dif\u00edcil es plasmar todo ese c\u00famulo de ideas? <\/em><\/strong><\/p>\n<p>Es un trabajo arduo, lo interesante y complicado de explorar es que te pierdes, y perderse hasta cierto punto es angustiante porque no sabes hasta d\u00f3nde vas a llegar. En ese sentido, emocionalmente es cansado, pero es curioso como siempre se termina acomodando de una u otra manera.<\/p>\n<p>Por ejemplo, <em>Bilis negra <\/em>es una novela realista completamente cotidiana, y en mayo saldr\u00e1 un libro que es de cuentos apegado un poco m\u00e1s a la cuesti\u00f3n de la fantas\u00eda, de la inclusi\u00f3n de lo fant\u00e1stico a la realidad.<\/p>\n<p>Me pongo a explorar y de repente sucede una cosa u otra.<\/p>\n<p>&nbsp;<\/p>\n<p><strong><em>\u00bfCu\u00e1l es tu opini\u00f3n sobre el respaldo a las novelas que no precisamente son un <\/em><\/strong><strong>bestseller<em>?<\/em><\/strong><\/p>\n<p>Creo que es importante abordar esas novelas que m\u00e1s que un producto comercial es una propuesta est\u00e9tica, no son sensacionalistas y a veces es dif\u00edcil leer pero a final de cuentas aportan una visi\u00f3n m\u00e1s all\u00e1 de la que ya conocemos, de la historia que nos han contado mil veces.<\/p>\n<p>&nbsp;<\/p>\n<p><strong><em>\u00bf<\/em><\/strong><strong><em>Qu<\/em><\/strong><strong><em>\u00e9 piensas de los atentados en contra de j\u00f3venes creadores, como es el caso de los cineastas de Guadalajara, Jalisco?<\/em><\/strong><\/p>\n<p>Es muy triste, nadie deber\u00eda ser torturado, desaparecido ni herido de esa manera, ni por esas personas ni por quienes los rodean. La familia tambi\u00e9n queda lastimada, no s\u00f3lo lastiman a quien desaparecen sino a todos quienes los quieren.<\/p>\n<p>Es muy duro, quisiera pensarlo un poco con iron\u00eda porque a veces la iron\u00eda ayuda a soportar. Me preocupa porque quiere decir que ahora no s\u00f3lo tenemos un gobierno inepto, sino tambi\u00e9n narcotraficantes tontos y eso ya es preocupante.<\/p>\n<p>Me parece detestable, los j\u00f3venes andaban buscando una historia y se encontraron con la m\u00e1s horrible y ya no la pudieron contar, adem\u00e1s.<\/p>\n<p>&nbsp;<\/p>\n<p><strong><em>\u00bfC\u00f3mo catalogas el apoyo en M\u00e9<\/em><\/strong><strong><em>xico para j<\/em><\/strong><strong><em>\u00f3venes creadores?<\/em><\/strong><\/p>\n<p>En el pa\u00eds hay una gran cantidad de becas, de premios, muchos apoyos para los j\u00f3venes, eso me parece fundamental e importante, el problema es que hay un hueco y de repente son apoyos y cosas que no llegan a ning\u00fan lado.<\/p>\n<p>Es decir, un premio que en realidad era para cumplir el tr\u00e1mite burocr\u00e1tico de una universidad y el libro ahora est\u00e1 escondido en una bodega; o una beca anual para que escribas algo y al final no se publica.<\/p>\n<p>&nbsp;<\/p>\n<p><strong><em>\u00bfCu\u00e1l es el reto de los escritores ante la situaci\u00f3n de que cada vez hay menos lectores?<\/em><\/strong><\/p>\n<p>Creo que es importante venir a una feria, presentar un libro y hablar sobre literatura, es parte de la difusi\u00f3n cultural que tenemos que hacer los escritores y verlo como gente que difunde cultura; sin embargo, muchos lo toman como que vienen a la far\u00e1ndula.<\/p>\n<p>&nbsp;<\/p>\n<p><strong><em>\u00bfPor qu\u00e9 empleas el pseud\u00f3nimo de Juan Nauj?<\/em><\/strong><\/p>\n<p>Porque al leer a un escritor argentino que se llama Juan Filloy, quien juega mucho con la palindrom\u00eda, que es lo que se puede leer al derecho y al rev\u00e9s, agarr\u00e9 su nombre y lo puse al rev\u00e9s, por eso es Juan Nauj.<\/p>\n","protected":false},"excerpt":{"rendered":"<p>El autor de <em>Bilis negra<\/em> se\u00f1al\u00f3 que \u201ces importante hablar sobre literatura, como parte de la difusi\u00f3n cultural que tenemos que hacer los escritores\u201d<\/p>\n","protected":false},"author":1869,"featured_media":47503,"comment_status":"closed","ping_status":"closed","sticky":false,"template":"","format":"standard","meta":{"footnotes":""},"categories":[61],"tags":[],"class_list":["post-47500","post","type-post","status-publish","format-standard","has-post-thumbnail","hentry","category-banner"],"_links":{"self":[{"href":"https:\/\/www.uv.mx\/prensa\/wp-json\/wp\/v2\/posts\/47500","targetHints":{"allow":["GET"]}}],"collection":[{"href":"https:\/\/www.uv.mx\/prensa\/wp-json\/wp\/v2\/posts"}],"about":[{"href":"https:\/\/www.uv.mx\/prensa\/wp-json\/wp\/v2\/types\/post"}],"author":[{"embeddable":true,"href":"https:\/\/www.uv.mx\/prensa\/wp-json\/wp\/v2\/users\/1869"}],"replies":[{"embeddable":true,"href":"https:\/\/www.uv.mx\/prensa\/wp-json\/wp\/v2\/comments?post=47500"}],"version-history":[{"count":0,"href":"https:\/\/www.uv.mx\/prensa\/wp-json\/wp\/v2\/posts\/47500\/revisions"}],"wp:featuredmedia":[{"embeddable":true,"href":"https:\/\/www.uv.mx\/prensa\/wp-json\/wp\/v2\/media\/47503"}],"wp:attachment":[{"href":"https:\/\/www.uv.mx\/prensa\/wp-json\/wp\/v2\/media?parent=47500"}],"wp:term":[{"taxonomy":"category","embeddable":true,"href":"https:\/\/www.uv.mx\/prensa\/wp-json\/wp\/v2\/categories?post=47500"},{"taxonomy":"post_tag","embeddable":true,"href":"https:\/\/www.uv.mx\/prensa\/wp-json\/wp\/v2\/tags?post=47500"}],"curies":[{"name":"wp","href":"https:\/\/api.w.org\/{rel}","templated":true}]}}