{"id":47221,"date":"2018-05-15T16:01:27","date_gmt":"2018-05-15T21:01:27","guid":{"rendered":"https:\/\/www.uv.mx\/prensa\/?p=47221"},"modified":"2018-05-16T11:36:39","modified_gmt":"2018-05-16T16:36:39","slug":"academicos-uv-figuras-que-forjan-e-inspiran","status":"publish","type":"post","link":"https:\/\/www.uv.mx\/prensa\/banner\/academicos-uv-figuras-que-forjan-e-inspiran\/","title":{"rendered":"Acad\u00e9micos UV, figuras que forjan e inspiran"},"content":{"rendered":"<ul>\n<li><em>La Universidad Veracruzana reconoci\u00f3 esfuerzo, quehacer y aportaciones de su comunidad acad\u00e9mica, en el marco del D\u00eda del Maestro<\/em><\/li>\n<li><em>A trav\u00e9s de su trayectoria, los decanos han dado luz a la Universidad: Sara Ladr\u00f3n de Guevara<\/em><\/li>\n<li><em>Tambi\u00e9n se rindi\u00f3 homenaje a 21 acad\u00e9micos que fallecieron durante el periodo antes citado<\/em><\/li>\n<\/ul>\n<p>&nbsp;<\/p>\n<div id=\"attachment_47211\" style=\"width: 732px\" class=\"wp-caption aligncenter\"><a href=\"https:\/\/www.uv.mx\/prensa\/files\/2018\/05\/150518-Decanos-1.jpg\"><img loading=\"lazy\" decoding=\"async\" aria-describedby=\"caption-attachment-47211\" class=\"size-full wp-image-47211\" src=\"https:\/\/www.uv.mx\/prensa\/files\/2018\/05\/150518-Decanos-1.jpg\" alt=\"\" width=\"722\" height=\"481\" srcset=\"https:\/\/www.uv.mx\/prensa\/files\/2018\/05\/150518-Decanos-1.jpg 722w, https:\/\/www.uv.mx\/prensa\/files\/2018\/05\/150518-Decanos-1-300x200.jpg 300w\" sizes=\"auto, (max-width: 722px) 100vw, 722px\" \/><\/a><p id=\"caption-attachment-47211\" class=\"wp-caption-text\">Daniel Ram\u00edrez, Sebasti\u00e1n Figueroa, Celia Garrido, Estela Cuervo, Pablo Pacheco y Alfredo Zavaleta, decanos 2018, con la rectora Sara Ladr\u00f3n de Guevara<\/p><\/div>\n<p>&nbsp;<\/p>\n<p><strong><em>Paola Cort\u00e9s, Claudia Peralta y Karina Reyes<\/em><\/strong><\/p>\n<p><strong><em>15\/05\/18, Xalapa, Ver.-<\/em><\/strong> La Universidad veracruzana (UV) reconoci\u00f3 la labor que realizan todos sus docentes activos y aquellos que brindaron su vida a la educaci\u00f3n, as\u00ed como la excelencia acad\u00e9mica de seis profesores con la entrega del Premio al Decano 2018, durante una ceremonia celebrada en el Auditorio \u201cAlfonso Medell\u00edn Zenil\u201d del <a href=\"https:\/\/www.uv.mx\/max\/\" target=\"_blank\" rel=\"noopener\">Museo de Antropolog\u00eda de Xalapa<\/a> (MAX).<\/p>\n<p>En el marco del D\u00eda del Maestro, fueron laureados como decanos: Teresa Estela Catalina Cuervo Vera, miembro de la Orquesta Sinf\u00f3nica de Xalapa (OSX); Pablo Pacheco Cabrera, del <a href=\"https:\/\/www.uv.mx\/neuro\/\" target=\"_blank\" rel=\"noopener\">Instituto de Neuroetolog\u00eda<\/a>; Sebasti\u00e1n Figueroa Rodr\u00edguez, de la <a href=\"https:\/\/www.uv.mx\/psicologia\/\" target=\"_blank\" rel=\"noopener\">Facultad de Psicolog\u00eda<\/a>; Celia del Pilar Garrido Vargas, de la <a href=\"https:\/\/www.uv.mx\/fca\/\" target=\"_blank\" rel=\"noopener\">Facultad de Contadur\u00eda<\/a>, regi\u00f3n Veracruz; Jos\u00e9 Alfredo Zavaleta Betancourt, del <a href=\"https:\/\/www.uv.mx\/iihs\/\" target=\"_blank\" rel=\"noopener\">Instituto de Investigaciones Hist\u00f3rico-Sociales<\/a>, y Daniel Juli\u00e1n Ram\u00edrez Herrera, profesor-investigador en la <a href=\"https:\/\/www.uv.mx\/orizaba\/cq\/\" target=\"_blank\" rel=\"noopener\">Facultad de Ciencias Qu\u00edmicas<\/a>, regi\u00f3n Orizaba-C\u00f3rdoba.<\/p>\n<p>La rectora Sara Ladr\u00f3n de Guevara felicit\u00f3 a los decanos de la Universidad porque asegur\u00f3 que su trayectoria ha dado luz a esta casa de estudios, en el arte y en las ciencias.<\/p>\n<p>A los ganadores del Premio a la Innovaci\u00f3n Docente 2017 y a los que obtuvieron reconocimientos a nivel nacional e internacional, les expres\u00f3 que honran y dan prestigio a esta instituci\u00f3n. Y a quienes fueron distinguidos por su desempe\u00f1o docente, les manifest\u00f3 que eran parte de esta ceremonia por la evaluaci\u00f3n hecha por sus propios alumnos.<\/p>\n<p>Magdalena Hern\u00e1ndez Alarc\u00f3n, secretaria Acad\u00e9mica, detall\u00f3 el porqu\u00e9 del reconocimiento a cada uno de los universitarios. Es el momento, dijo, para agradecer la labor de 66 acad\u00e9micos que se jubilaron en el periodo de mayo de 2017 y abril de 2018, por sus diversos logros institucionales.<\/p>\n<p>Enseguida enunci\u00f3 que el Desempe\u00f1o Docente se otorg\u00f3 a 49 acad\u00e9micos que contribuyeron invaluablemente en la formaci\u00f3n de los estudiantes, de cuyas opiniones proviene esta distinci\u00f3n.<\/p>\n<p>Detall\u00f3 que entre los aspectos tomados en cuenta destacan: ser evaluados con un puntaje mayor a 90; participaci\u00f3n en proyectos de vinculaci\u00f3n con la sociedad que incluyan a estudiantes; contribuci\u00f3n y participaci\u00f3n para obtenci\u00f3n o mantenimiento del reconocimiento de programas educativos (PE) de calidad, y haber tenido un alto nivel en el Programa de Est\u00edmulos, entre otros.<\/p>\n<p>Igualmente, se condecor\u00f3 a 18 acad\u00e9micos de diferentes entidades y regiones de la UV que recibieron distinciones por organismos nacionales e internacionales entre mayo de 2017 y abril de 2018.<\/p>\n<p>A ello se suma el Premio a la Innovaci\u00f3n Docente 2017, edici\u00f3n dedicada al tema \u201cDise\u00f1o, producci\u00f3n de recursos digitales y objetos de aprendizaje\u201d, que se otorg\u00f3 a Ana Gloria Guti\u00e9rrez Garc\u00eda, del Instituto de Neuroetolog\u00eda, y a Jorge Mart\u00ednez Cort\u00e9s, de la <a href=\"https:\/\/www.uv.mx\/idiomas\/\" target=\"_blank\" rel=\"noopener\">Facultad de Idiomas<\/a>.<\/p>\n<p>&nbsp;<\/p>\n<div id=\"attachment_47214\" style=\"width: 732px\" class=\"wp-caption aligncenter\"><a href=\"https:\/\/www.uv.mx\/prensa\/files\/2018\/05\/150518-Decanos-2.jpg\"><img loading=\"lazy\" decoding=\"async\" aria-describedby=\"caption-attachment-47214\" class=\"size-full wp-image-47214\" src=\"https:\/\/www.uv.mx\/prensa\/files\/2018\/05\/150518-Decanos-2.jpg\" alt=\"\" width=\"722\" height=\"481\" srcset=\"https:\/\/www.uv.mx\/prensa\/files\/2018\/05\/150518-Decanos-2.jpg 722w, https:\/\/www.uv.mx\/prensa\/files\/2018\/05\/150518-Decanos-2-300x200.jpg 300w\" sizes=\"auto, (max-width: 722px) 100vw, 722px\" \/><\/a><p id=\"caption-attachment-47214\" class=\"wp-caption-text\">La Rectora destac\u00f3 que la trayectoria de los decanos ha dado luz a esta casa de estudios, en el arte y en las ciencias<\/p><\/div>\n<p>&nbsp;<\/p>\n<p>En este espacio tambi\u00e9n se rindi\u00f3 homenaje a \u00a021 acad\u00e9micos que fallecieron durante el periodo antes citado.<\/p>\n<p>Finalmente, la Secretaria Acad\u00e9mica mencion\u00f3 el Premio al Decano 2018, reconocimiento que cada a\u00f1o la instituci\u00f3n otorga a los acad\u00e9micos en funciones, en cumplimiento a lo establecido dentro del Estatuto del Personal Acad\u00e9mico.<\/p>\n<p>Adem\u00e1s de tomar en cuenta la antig\u00fcedad, son distinguidos por los m\u00e9ritos obtenidos, liderazgo acad\u00e9mico y desarrollo profesional, al igual que por su destacada labor en las actividades universitarias, mediante la cual contribuyen al fortalecimiento y desarrollo de la UV.<\/p>\n<p>En nombre de los galardonados por el Premio al Decano 2018, Sebasti\u00e1n Figueroa destac\u00f3 la labor de la UV, que al ser una instituci\u00f3n p\u00fablica ha tenido que ofrecer respuestas a exigencias de diversa \u00edndole, como incrementar la matr\u00edcula estudiantil sin demeritar la calidad, a lo que se suma la valiente defensa de su comunidad a la asechanza a su patrimonio y autonom\u00eda.<\/p>\n<p>\u201cMucho se ha dicho: la raz\u00f3n de ser de nuestra instituci\u00f3n son nuestros estudiantes, nada m\u00e1s cierto. Como tambi\u00e9n que la gestora y salvaguarda de la investigaci\u00f3n y la difusi\u00f3n de la cultura, y finalmente el semillero del talento es la Universidad\u201d, dijo.<\/p>\n<p>El investigador de la Facultad de Psicolog\u00eda remarc\u00f3: \u201cAl reconocer el trabajo y dedicaci\u00f3n de los premiados est\u00e1n enfatizando tambi\u00e9n los aspectos que deben guiar el quehacer de la Universidad\u00a0 en el milenio en curso\u201d.<\/p>\n<p>Adem\u00e1s, en su opini\u00f3n, si los instrumentos para determinar el galard\u00f3n consideraran factores como el amor al trabajo, la pasi\u00f3n por la ense\u00f1anza y la investigaci\u00f3n, as\u00ed como la capacidad de entrega a las causas universitarias, los resultados habr\u00edan sido los mismos.<\/p>\n<p>En representaci\u00f3n de los galardonados por Desempe\u00f1o Docente, Rogelio Javier Rend\u00f3n Hern\u00e1ndez, de las facultades de Ciencias Administrativas y Sociales (FCAS) y de Econom\u00eda, llam\u00f3 a reflexionar sobre el quehacer y la trascendencia de la ense\u00f1anza y a enorgullecerse por desempe\u00f1ar esta funci\u00f3n.<\/p>\n<p>\u201cEl trabajo docente en la UV no es un empleo m\u00e1s, es un privilegio y una oportunidad de servir a la sociedad a trav\u00e9s de la formaci\u00f3n no s\u00f3lo de profesionistas exitosos, sino tambi\u00e9n de ciudadanos que tienen la responsabilidad de construir un buen presente.\u201d<\/p>\n<p><strong>\u00a0<\/strong><\/p>\n<div id=\"attachment_47212\" style=\"width: 732px\" class=\"wp-caption aligncenter\"><a href=\"https:\/\/www.uv.mx\/prensa\/files\/2018\/05\/150518-Decanos-3.jpg\"><img loading=\"lazy\" decoding=\"async\" aria-describedby=\"caption-attachment-47212\" class=\"size-full wp-image-47212\" src=\"https:\/\/www.uv.mx\/prensa\/files\/2018\/05\/150518-Decanos-3.jpg\" alt=\"\" width=\"722\" height=\"481\" srcset=\"https:\/\/www.uv.mx\/prensa\/files\/2018\/05\/150518-Decanos-3.jpg 722w, https:\/\/www.uv.mx\/prensa\/files\/2018\/05\/150518-Decanos-3-300x200.jpg 300w\" sizes=\"auto, (max-width: 722px) 100vw, 722px\" \/><\/a><p id=\"caption-attachment-47212\" class=\"wp-caption-text\">Rogelio Rend\u00f3n habl\u00f3 en representaci\u00f3n de los acad\u00e9micos reconocidos por su desempe\u00f1o<\/p><\/div>\n<p>&nbsp;<\/p>\n<p><strong>Decanos 2018<\/strong><\/p>\n<p>Teresa Cuervo es segundo viol\u00edn de la OSX. A los cuatro a\u00f1os de edad empez\u00f3 a estudiar el viol\u00edn y el piano con sus padres; a\u00f1os despu\u00e9s ingres\u00f3 a la <a href=\"https:\/\/www.uv.mx\/musica\/\" target=\"_blank\" rel=\"noopener\">Facultad de M\u00fasica<\/a> de la UV. En 1975 fue becada por la Universidad para estudiar en el Conservatorio \u201cGiuseppe Verdi\u201d de Mil\u00e1n, Italia. A los 17 a\u00f1os ingres\u00f3 a la OSX. Fue la primera graduada de la primera generaci\u00f3n de la Licenciatura de Educaci\u00f3n Musical de la UV.<\/p>\n<p>Pablo Pacheco es profesor-investigador adscrito al Instituto de Neuroetolog\u00eda, donde ha desarrollado estudios en Fisiolog\u00eda de la M\u00e9dula Espinal.<\/p>\n<p>Sebasti\u00e1n Figueroa es licenciado en Psicolog\u00eda por la UV, especialista en Investigaci\u00f3n Educativa, con estudios de Maestr\u00eda en Investigaci\u00f3n en Psicolog\u00eda Aplicada a la Educaci\u00f3n y doctor en Filosof\u00eda de las Ciencias y Educaci\u00f3n. Actualmente se desempe\u00f1a como docente en la Facultad de Psicolog\u00eda.<\/p>\n<p>Celia del Pilar Garrido es profesora de tiempo completo en la <a href=\"https:\/\/www.uv.mx\/veracruz\/contaduria\/\" target=\"_blank\" rel=\"noopener\">Facultad de Contadur\u00eda en Veracruz<\/a>. Forma parte del cuerpo acad\u00e9mico (CA) Entorno Contable.<\/p>\n<p>Alfredo Zavaleta es investigador adscrito al IIH-S; doctor en Sociolog\u00eda por la Benem\u00e9rita Universidad Aut\u00f3noma de Puebla e integrante del Sistema Nacional de Investigadores Nivel 2.<\/p>\n<p>&nbsp;<\/p>\n<div id=\"attachment_47223\" style=\"width: 732px\" class=\"wp-caption aligncenter\"><a href=\"https:\/\/www.uv.mx\/prensa\/files\/2018\/05\/150518-Decanos-4.jpg\"><img loading=\"lazy\" decoding=\"async\" aria-describedby=\"caption-attachment-47223\" class=\"size-full wp-image-47223\" src=\"https:\/\/www.uv.mx\/prensa\/files\/2018\/05\/150518-Decanos-4.jpg\" alt=\"\" width=\"722\" height=\"481\" srcset=\"https:\/\/www.uv.mx\/prensa\/files\/2018\/05\/150518-Decanos-4.jpg 722w, https:\/\/www.uv.mx\/prensa\/files\/2018\/05\/150518-Decanos-4-300x200.jpg 300w\" sizes=\"auto, (max-width: 722px) 100vw, 722px\" \/><\/a><p id=\"caption-attachment-47223\" class=\"wp-caption-text\">El investigador Sebasti\u00e1n Figueroa particip\u00f3 en nombre de los decanos<\/p><\/div>\n<p>&nbsp;<\/p>\n<p>Daniel Ram\u00edrez es profesor-investigador en la Facultad de Ciencias Qu\u00edmicas, regi\u00f3n Orizaba-C\u00f3rdoba.<\/p>\n<p>En la ceremonia participaron Enrique Levet Gorozpe, secretario general del Comit\u00e9 Ejecutivo Estatal del <em>Fesapauv<\/em>; Mar\u00eda Magdalena Hern\u00e1ndez Alarc\u00f3n, secretaria acad\u00e9mica; Salvador Tapia Spinoso, secretario de Administraci\u00f3n y Finanzas; Octavio Ochoa Contreras, secretario de Desarrollo Institucional; Hipolito Rodr\u00edguez Herrero, alcalde de Xalapa.<\/p>\n<p>Tambi\u00e9n estuvieron en el pres\u00eddium los vicerrectores de Veracruz, Poza Rica-Tuxpan, Orizaba-C\u00f3rdoba y Coatzacoalcos-Minatitl\u00e1n: Alfonso Gerardo P\u00e9rez Morales, Jos\u00e9 Luis Alan\u00eds M\u00e9ndez, Jos\u00e9 Eduardo Mart\u00ednez Canales y Carlos Lamothe Zavaleta, respectivamente.<\/p>\n<p>Por la Secretar\u00eda de Educaci\u00f3n de Veracruz (SEV), Sergio T\u00e9llez Galv\u00e1n; y del Comit\u00e9 Ejecutivo Regional del <em>Fesapauv<\/em>, Irma Zamora Cortina; adem\u00e1s de distinguidos universitarios.<\/p>\n<p>&nbsp;<\/p>\n<div id=\"attachment_47222\" style=\"width: 732px\" class=\"wp-caption aligncenter\"><a href=\"https:\/\/www.uv.mx\/prensa\/files\/2018\/05\/150518-Decanos-5.jpg\"><img loading=\"lazy\" decoding=\"async\" aria-describedby=\"caption-attachment-47222\" class=\"size-full wp-image-47222\" src=\"https:\/\/www.uv.mx\/prensa\/files\/2018\/05\/150518-Decanos-5.jpg\" alt=\"\" width=\"722\" height=\"481\" srcset=\"https:\/\/www.uv.mx\/prensa\/files\/2018\/05\/150518-Decanos-5.jpg 722w, https:\/\/www.uv.mx\/prensa\/files\/2018\/05\/150518-Decanos-5-300x200.jpg 300w\" sizes=\"auto, (max-width: 722px) 100vw, 722px\" \/><\/a><p id=\"caption-attachment-47222\" class=\"wp-caption-text\">En la ceremonia se reconoci\u00f3 a los acad\u00e9micos que obtuvieron distinciones nacionales e internacionales<\/p><\/div>\n","protected":false},"excerpt":{"rendered":"<p>La UV condecor\u00f3 a seis de sus integrantes con el Premio al Decano,  reconoci\u00f3 a 66 acad\u00e9micos jubilados, a 49 profesores por su Desempe\u00f1o Docente, a dos que ganaron el Premio a la Innovaci\u00f3n Docente, a 18 que obtuvieron distinciones nacionales o internacionales y record\u00f3 a los fallecidos<\/p>\n","protected":false},"author":1508,"featured_media":47225,"comment_status":"closed","ping_status":"closed","sticky":false,"template":"","format":"standard","meta":{"footnotes":""},"categories":[61],"tags":[],"class_list":["post-47221","post","type-post","status-publish","format-standard","has-post-thumbnail","hentry","category-banner"],"_links":{"self":[{"href":"https:\/\/www.uv.mx\/prensa\/wp-json\/wp\/v2\/posts\/47221","targetHints":{"allow":["GET"]}}],"collection":[{"href":"https:\/\/www.uv.mx\/prensa\/wp-json\/wp\/v2\/posts"}],"about":[{"href":"https:\/\/www.uv.mx\/prensa\/wp-json\/wp\/v2\/types\/post"}],"author":[{"embeddable":true,"href":"https:\/\/www.uv.mx\/prensa\/wp-json\/wp\/v2\/users\/1508"}],"replies":[{"embeddable":true,"href":"https:\/\/www.uv.mx\/prensa\/wp-json\/wp\/v2\/comments?post=47221"}],"version-history":[{"count":0,"href":"https:\/\/www.uv.mx\/prensa\/wp-json\/wp\/v2\/posts\/47221\/revisions"}],"wp:featuredmedia":[{"embeddable":true,"href":"https:\/\/www.uv.mx\/prensa\/wp-json\/wp\/v2\/media\/47225"}],"wp:attachment":[{"href":"https:\/\/www.uv.mx\/prensa\/wp-json\/wp\/v2\/media?parent=47221"}],"wp:term":[{"taxonomy":"category","embeddable":true,"href":"https:\/\/www.uv.mx\/prensa\/wp-json\/wp\/v2\/categories?post=47221"},{"taxonomy":"post_tag","embeddable":true,"href":"https:\/\/www.uv.mx\/prensa\/wp-json\/wp\/v2\/tags?post=47221"}],"curies":[{"name":"wp","href":"https:\/\/api.w.org\/{rel}","templated":true}]}}