{"id":47099,"date":"2018-05-14T09:36:46","date_gmt":"2018-05-14T14:36:46","guid":{"rendered":"https:\/\/www.uv.mx\/prensa\/?p=47099"},"modified":"2021-10-27T11:15:08","modified_gmt":"2021-10-27T16:15:08","slug":"estudiantes-uvi-compartieron-zapateado-y-son","status":"publish","type":"post","link":"https:\/\/www.uv.mx\/prensa\/regiones\/orizaba\/estudiantes-uvi-compartieron-zapateado-y-son\/","title":{"rendered":"Estudiantes UVI compartieron zapateado y son"},"content":{"rendered":"<div id=\"attachment_47100\" style=\"width: 732px\" class=\"wp-caption aligncenter\"><a href=\"https:\/\/www.uv.mx\/prensa\/files\/2018\/05\/140518-ORIZABA-UVI-100k.jpg\"><img loading=\"lazy\" decoding=\"async\" aria-describedby=\"caption-attachment-47100\" class=\"size-full wp-image-47100\" src=\"https:\/\/www.uv.mx\/prensa\/files\/2018\/05\/140518-ORIZABA-UVI-100k.jpg\" alt=\"\" width=\"722\" height=\"542\" srcset=\"https:\/\/www.uv.mx\/prensa\/files\/2018\/05\/140518-ORIZABA-UVI-100k.jpg 722w, https:\/\/www.uv.mx\/prensa\/files\/2018\/05\/140518-ORIZABA-UVI-100k-300x225.jpg 300w\" sizes=\"auto, (max-width: 722px) 100vw, 722px\" \/><\/a><p id=\"caption-attachment-47100\" class=\"wp-caption-text\">Estudiantes universitarios conocieron la t\u00e9cnica utilizada en el fandango<\/p><\/div>\n<p><b><i>Oliver Coronado Paz<\/i><\/b><\/p>\n<p><b><i>14\/05\/18, Ixtaczoquitl\u00e1n, Ver.-<\/i><\/b> En el marco de la conmemoraci\u00f3n del D\u00eda Internacional de la Danza \u2013celebrado el 29 de abril\u2013, miembros de la agrupaci\u00f3n musical Son de las Verdes Monta\u00f1as ofrecieron a j\u00f3venes de la comunidad universitaria la actividad did\u00e1ctica \u201cZapateado y son\u201d, el 8 de mayo en la biblioteca de la Unidad de Servicios Bibliotecarios y de Informaci\u00f3n (USBI) de Ixtaczoquitl\u00e1n.<\/p>\n<p>Alrededor de 60 estudiantes, maestros y trabajadores se dieron cita para participar en la actividad, en la cual Anal\u00ed Jim\u00e9nez Hern\u00e1ndez e Israel Ayohua Mart\u00ednez, quienes adem\u00e1s son estudiantes de la <a href=\"https:\/\/www.uv.mx\/uvi\/\" target=\"_blank\" rel=\"noopener\">Universidad Veracruzana Intercultural<\/a> (UVI), compartieron una breve charla sobre el son jarocho y recordaron la importante influencia africana en este g\u00e9nero musical.<\/p>\n<p>Jaranas en mano, los m\u00fasicos afirmaron que esta manifestaci\u00f3n art\u00edstica promueve la convivencia comunitaria, pues el fandango (fiesta popular en la que se tocan tales instrumentos) integra a todo aquel que dese\u00e9 compartir, aun cuando no tenga conocimientos musicales profundos. Como ejemplo de lo anterior, citaron la experiencia del Fandango Fronterizo que se realiza cada a\u00f1o en los l\u00edmites entre M\u00e9xico y Estados Unidos, el cual convoca a vecinos de ambos pa\u00edses justo en la l\u00ednea divisoria para participar de este festejo musical.<\/p>\n<p>Anal\u00ed Jim\u00e9nez destac\u00f3 que el zapateado y el son jarocho son una expresi\u00f3n muy cercana al pueblo y convocan a propios y extra\u00f1os. De la misma forma, asegur\u00f3 que esta expresi\u00f3n musical y de danza \u201cnos empodera delante de la situaci\u00f3n social que vivimos\u201d.<\/p>\n<p><i>El siquisir\u00ed<\/i>, <i>La guacamaya<\/i>, <i>La morena<\/i>, <i>Col\u00e1s<\/i>, entre otros sones, sirvieron para que Jim\u00e9nez Hern\u00e1ndez ense\u00f1ara a los participantes los principios b\u00e1sicos del zapateado jarocho e invit\u00f3 a poner en pr\u00e1ctica lo aprendido en ese momento, convirtiendo la biblioteca de la USBI en un espacio de danza y convivencia cultural.<\/p>\n<p>Por su parte, Graciela Flores Bello, directora de la USBI Ixtac, conmin\u00f3 a los asistentes no s\u00f3lo a tener conocimientos sobre este tipo de manifestaciones del arte, sino tambi\u00e9n a practicarlas.<\/p>\n","protected":false},"excerpt":{"rendered":"<p>La USBI de Ixtaczoquitl\u00e1n se convirti\u00f3 en espacio de danza y convivencia cultural a trav\u00e9s de esta actividad did\u00e1ctica, que congreg\u00f3 a alrededor de 60 estudiantes, maestros y trabajadores<\/p>\n","protected":false},"author":1775,"featured_media":47100,"comment_status":"closed","ping_status":"closed","sticky":false,"template":"","format":"standard","meta":{"footnotes":""},"categories":[53],"tags":[4672,2605,4662,4670,4671,572,279],"class_list":["post-47099","post","type-post","status-publish","format-standard","has-post-thumbnail","hentry","category-orizaba","tag-actividad-didactica","tag-dia-internacional-de-la-danza","tag-ixtaczoquitlan","tag-oliver-coronado-paz","tag-son-de-las-verdes-montanas","tag-unidad-de-servicios-bibliotecarios-y-de-informacion","tag-usbi"],"_links":{"self":[{"href":"https:\/\/www.uv.mx\/prensa\/wp-json\/wp\/v2\/posts\/47099","targetHints":{"allow":["GET"]}}],"collection":[{"href":"https:\/\/www.uv.mx\/prensa\/wp-json\/wp\/v2\/posts"}],"about":[{"href":"https:\/\/www.uv.mx\/prensa\/wp-json\/wp\/v2\/types\/post"}],"author":[{"embeddable":true,"href":"https:\/\/www.uv.mx\/prensa\/wp-json\/wp\/v2\/users\/1775"}],"replies":[{"embeddable":true,"href":"https:\/\/www.uv.mx\/prensa\/wp-json\/wp\/v2\/comments?post=47099"}],"version-history":[{"count":1,"href":"https:\/\/www.uv.mx\/prensa\/wp-json\/wp\/v2\/posts\/47099\/revisions"}],"predecessor-version":[{"id":103880,"href":"https:\/\/www.uv.mx\/prensa\/wp-json\/wp\/v2\/posts\/47099\/revisions\/103880"}],"wp:featuredmedia":[{"embeddable":true,"href":"https:\/\/www.uv.mx\/prensa\/wp-json\/wp\/v2\/media\/47100"}],"wp:attachment":[{"href":"https:\/\/www.uv.mx\/prensa\/wp-json\/wp\/v2\/media?parent=47099"}],"wp:term":[{"taxonomy":"category","embeddable":true,"href":"https:\/\/www.uv.mx\/prensa\/wp-json\/wp\/v2\/categories?post=47099"},{"taxonomy":"post_tag","embeddable":true,"href":"https:\/\/www.uv.mx\/prensa\/wp-json\/wp\/v2\/tags?post=47099"}],"curies":[{"name":"wp","href":"https:\/\/api.w.org\/{rel}","templated":true}]}}