{"id":47097,"date":"2018-05-14T09:05:23","date_gmt":"2018-05-14T14:05:23","guid":{"rendered":"https:\/\/www.uv.mx\/prensa\/?p=47097"},"modified":"2018-05-14T12:11:42","modified_gmt":"2018-05-14T17:11:42","slug":"academica-de-la-unam-impartio-curso-sobre-teoria-fundamentada","status":"publish","type":"post","link":"https:\/\/www.uv.mx\/prensa\/general\/academica-de-la-unam-impartio-curso-sobre-teoria-fundamentada\/","title":{"rendered":"Acad\u00e9mica de la UNAM imparti\u00f3 curso sobre teor\u00eda fundamentada"},"content":{"rendered":"<ul>\n<li><em>La actividad fue organizada por el Instituto de Investigaciones Psicol\u00f3gicas de la UV, en el marco del Seminario Permanente de Investigaci\u00f3n Interdisciplinar<\/em><\/li>\n<\/ul>\n<p>&nbsp;<\/p>\n<p>&nbsp;<\/p>\n<div id=\"attachment_47094\" style=\"width: 732px\" class=\"wp-caption aligncenter\"><a href=\"https:\/\/www.uv.mx\/prensa\/files\/2018\/05\/140518-General-Datos.jpg\"><img loading=\"lazy\" decoding=\"async\" aria-describedby=\"caption-attachment-47094\" class=\"size-full wp-image-47094\" src=\"https:\/\/www.uv.mx\/prensa\/files\/2018\/05\/140518-General-Datos.jpg\" alt=\"\" width=\"722\" height=\"542\" srcset=\"https:\/\/www.uv.mx\/prensa\/files\/2018\/05\/140518-General-Datos.jpg 722w, https:\/\/www.uv.mx\/prensa\/files\/2018\/05\/140518-General-Datos-300x225.jpg 300w\" sizes=\"auto, (max-width: 722px) 100vw, 722px\" \/><\/a><p id=\"caption-attachment-47094\" class=\"wp-caption-text\">Mar\u00eda Carolina Agoff Boileau<\/p><\/div>\n<p>&nbsp;<\/p>\n<p><strong><em>Karina de la Paz Reyes D<\/em><\/strong><strong><em>\u00edaz<\/em><\/strong><\/p>\n<p><strong><em>1<\/em><\/strong><strong><em>4<\/em><\/strong><strong><em>\/05\/18, Xalapa, Ver.-<\/em><\/strong> Mar\u00eda Carolina Agoff Boileau, del Centro Regional de Investigaciones Multidisciplinarias de la Universidad Nacional Aut\u00f3noma de M\u00e9xico (UNAM), imparti\u00f3 en la Universidad Veracruzana (UV) el curso \u201cDescubriendo el sentido de los datos cualitativos: un acercamiento desde la teor\u00eda fundamentada\u201d.<\/p>\n<p>Esta actividad fue organizada por los cuerpos acad\u00e9micos (CA) Psique y Logos: Estudios Interdisciplinares sobre Cultura y Barbarie; Psicolog\u00eda, Salud y Sociedad; y Psicoan\u00e1lisis y Discursos Sociales, todos del <a href=\"https:\/\/www.uv.mx\/iip\/\" target=\"_blank\" rel=\"noopener\">Instituto de Investigaciones Psicol\u00f3gicas<\/a> de la UV, en el marco del Seminario Permanente de Investigaci\u00f3n Interdisciplinar.<\/p>\n<p>Se desarroll\u00f3 del 7 al 9 de mayo en la sala de videoconferencias de la <a href=\"https:\/\/www.uv.mx\/usbi\/\" target=\"_blank\" rel=\"noopener\">Unidad de Servicios Bibliotecarios y de Informaci\u00f3n<\/a> (USBI) y dio continuidad a un taller realizado el a\u00f1o pasado sobre el m\u00e9todo cualitativo ya citado, mismo que seg\u00fan Mar\u00eda Carolina Agoff es \u201cel m\u00e1s consolidado, desarrollado y sistematizado\u201d.<\/p>\n<p>El m\u00e9todo de la teor\u00eda fundamentada se cre\u00f3 en Estados Unidos a finales de la d\u00e9cada de 1960 y en el transcurso de estos a\u00f1os ha tenido modificaciones y avances, coment\u00f3 la acad\u00e9mica de la UNAM, cuyas l\u00edneas de investigaci\u00f3n son \u201cViolencia de g\u00e9nero y de pareja\u201d, \u201cNuevas configuraciones familiares desde una perspectiva de g\u00e9nero e interseccional\u201d y \u201cMigraci\u00f3n indocumentada y g\u00e9nero\u201d.<\/p>\n<p>\u201cEs un m\u00e9todo de generaci\u00f3n de conocimiento, de naturaleza cualitativa, que se aplica en las ciencias sociales, en la psicolog\u00eda y en las humanidades\u201d, explic\u00f3 Agoff Boileau.<\/p>\n<p>Coment\u00f3 tambi\u00e9n que en la formaci\u00f3n profesional si bien hay un acercamiento te\u00f3rico o epistemol\u00f3gico al problema de generar el conocimiento, \u201cno hay una modalidad de taller que permita a los alumnos de posgrado o incluso de licenciatura conocer c\u00f3mo ecxactamente se analizan los datos que se obtienen, por ejemplo a trav\u00e9s de una entrevista, un grupo, una etnograf\u00eda o el an\u00e1lisis de la prensa escrita\u201d.<\/p>\n<p>Por ello, la idea del curso \u201cDescubriendo el sentido de los datos cualitativos: un acercamiento desde la teor\u00eda fundamentada\u201d fue proporcionar elementos pr\u00e1cticos para saber hacer tales actividades.<\/p>\n","protected":false},"excerpt":{"rendered":"<p>Es un m\u00e9todo de generaci\u00f3n de conocimiento, de naturaleza cualitativa, que se aplica en las ciencias sociales, en la psicolog\u00eda y en las humanidades<\/p>\n","protected":false},"author":1869,"featured_media":47094,"comment_status":"closed","ping_status":"closed","sticky":false,"template":"","format":"standard","meta":{"footnotes":""},"categories":[1],"tags":[],"class_list":["post-47097","post","type-post","status-publish","format-standard","has-post-thumbnail","hentry","category-general"],"_links":{"self":[{"href":"https:\/\/www.uv.mx\/prensa\/wp-json\/wp\/v2\/posts\/47097","targetHints":{"allow":["GET"]}}],"collection":[{"href":"https:\/\/www.uv.mx\/prensa\/wp-json\/wp\/v2\/posts"}],"about":[{"href":"https:\/\/www.uv.mx\/prensa\/wp-json\/wp\/v2\/types\/post"}],"author":[{"embeddable":true,"href":"https:\/\/www.uv.mx\/prensa\/wp-json\/wp\/v2\/users\/1869"}],"replies":[{"embeddable":true,"href":"https:\/\/www.uv.mx\/prensa\/wp-json\/wp\/v2\/comments?post=47097"}],"version-history":[{"count":0,"href":"https:\/\/www.uv.mx\/prensa\/wp-json\/wp\/v2\/posts\/47097\/revisions"}],"wp:featuredmedia":[{"embeddable":true,"href":"https:\/\/www.uv.mx\/prensa\/wp-json\/wp\/v2\/media\/47094"}],"wp:attachment":[{"href":"https:\/\/www.uv.mx\/prensa\/wp-json\/wp\/v2\/media?parent=47097"}],"wp:term":[{"taxonomy":"category","embeddable":true,"href":"https:\/\/www.uv.mx\/prensa\/wp-json\/wp\/v2\/categories?post=47097"},{"taxonomy":"post_tag","embeddable":true,"href":"https:\/\/www.uv.mx\/prensa\/wp-json\/wp\/v2\/tags?post=47097"}],"curies":[{"name":"wp","href":"https:\/\/api.w.org\/{rel}","templated":true}]}}