{"id":47086,"date":"2018-05-11T20:33:57","date_gmt":"2018-05-12T01:33:57","guid":{"rendered":"https:\/\/www.uv.mx\/prensa\/?p=47086"},"modified":"2018-05-14T13:31:39","modified_gmt":"2018-05-14T18:31:39","slug":"enfermeria-orizaba-remodelo-espacios-educativos","status":"publish","type":"post","link":"https:\/\/www.uv.mx\/prensa\/regiones\/orizaba\/enfermeria-orizaba-remodelo-espacios-educativos\/","title":{"rendered":"Enfermer\u00eda-Orizaba remodel\u00f3 espacios educativos"},"content":{"rendered":"<div id=\"attachment_47090\" style=\"width: 732px\" class=\"wp-caption aligncenter\"><a href=\"https:\/\/www.uv.mx\/prensa\/files\/2018\/05\/110518-ORIZABA-ENFERMERIA-1.jpg\"><img loading=\"lazy\" decoding=\"async\" aria-describedby=\"caption-attachment-47090\" class=\"size-full wp-image-47090\" src=\"https:\/\/www.uv.mx\/prensa\/files\/2018\/05\/110518-ORIZABA-ENFERMERIA-1.jpg\" alt=\"\" width=\"722\" height=\"481\" srcset=\"https:\/\/www.uv.mx\/prensa\/files\/2018\/05\/110518-ORIZABA-ENFERMERIA-1.jpg 722w, https:\/\/www.uv.mx\/prensa\/files\/2018\/05\/110518-ORIZABA-ENFERMERIA-1-300x200.jpg 300w\" sizes=\"auto, (max-width: 722px) 100vw, 722px\" \/><\/a><p id=\"caption-attachment-47090\" class=\"wp-caption-text\">Autoridades regionales cortaron el list\u00f3n<\/p><\/div>\n<p>&nbsp;<\/p>\n<p><b><i>Eduardo Ca\u00f1edo Lom\u00e1n<\/i><\/b><\/p>\n<p><b><i>11\/05\/18, Orizaba, Ver.-<\/i><\/b> Con la finalidad de brindar una mejor atenci\u00f3n administrativa a la comunidad y generar un ambiente cordial y digno para el personal, la <a href=\"https:\/\/www.uv.mx\/orizaba\/enfermeria\/\" target=\"_blank\" rel=\"noopener\">Facultad de Enfermer\u00eda<\/a> de la Universidad Veracruzana (UV) remodel\u00f3 el \u00e1rea de oficinas.<\/p>\n<p>Previo al corte del list\u00f3n inaugural, el mi\u00e9rcoles 9 de mayo, Mar\u00eda Esperanza Conzatti Hern\u00e1ndez, directora de la Facultad, destac\u00f3: \u201cQueremos que se sientan c\u00f3modos y confortables, que se trabaje en armon\u00eda, para ello nos dimos a la tarea de remodelar esta \u00e1rea y buscamos que sea del agrado de todos\u201d.<\/p>\n<p>Asimismo, se inaugur\u00f3 un \u00e1rea con bancas y sillas instaladas a un costado de la cancha central de la entidad, misma que ser\u00e1 provista en pr\u00f3ximas fechas de instalaci\u00f3n el\u00e9ctrica, lo cual ser\u00e1 de gran apoyo para estudiantes y acad\u00e9micos que ocupan sus dispositivos electr\u00f3nicos en espacios abiertos.<\/p>\n<p>Conzatti Hern\u00e1ndez agradeci\u00f3 el apoyo de la <a href=\"https:\/\/www.uv.mx\/orizaba\/cba\/\" target=\"_blank\" rel=\"noopener\">Facultad de Ciencias Biol\u00f3gicas y Agropecuarias<\/a> que coadyuv\u00f3 para embellecer las jardineras.<\/p>\n<p>&nbsp;<\/p>\n<div id=\"attachment_47088\" style=\"width: 732px\" class=\"wp-caption aligncenter\"><a href=\"https:\/\/www.uv.mx\/prensa\/files\/2018\/05\/110518-ORIZABA-ENFERMERIA-2.jpg\"><img loading=\"lazy\" decoding=\"async\" aria-describedby=\"caption-attachment-47088\" class=\"size-full wp-image-47088\" src=\"https:\/\/www.uv.mx\/prensa\/files\/2018\/05\/110518-ORIZABA-ENFERMERIA-2.jpg\" alt=\"\" width=\"722\" height=\"481\" srcset=\"https:\/\/www.uv.mx\/prensa\/files\/2018\/05\/110518-ORIZABA-ENFERMERIA-2.jpg 722w, https:\/\/www.uv.mx\/prensa\/files\/2018\/05\/110518-ORIZABA-ENFERMERIA-2-300x200.jpg 300w\" sizes=\"auto, (max-width: 722px) 100vw, 722px\" \/><\/a><p id=\"caption-attachment-47088\" class=\"wp-caption-text\">\u00abQueremos que se sientan c\u00f3modos y confortables, que se trabaje en armon\u00eda\u201d: Mar\u00eda Esperanza Conzatti Hern\u00e1ndez, directora de la Facultad<\/p><\/div>\n<p>&nbsp;<\/p>\n<p>Por su parte, el vicerrector Jos\u00e9 Eduardo Mart\u00ednez Canales se congratul\u00f3 por las adecuaciones f\u00edsicas realizadas, y al mismo tiempo felicit\u00f3 a la comunidad de Enfermer\u00eda por otros logros tales como los avances en la certificaci\u00f3n ISO del laboratorio proped\u00e9utico y el desempe\u00f1o deportivo que se ha tenido recientemente, en particular a trav\u00e9s de su Selecci\u00f3n Varonil de Futbol.<\/p>\n<p>De igual manera, las autoridades presentes coincidieron en reconocer el trabajo y compromiso mostrado por Rubicelia Mart\u00ednez Hern\u00e1ndez, administradora de la Facultad, para llevar a cabo cambios importantes en la infraestructura a fin de dignificar los espacios universitarios.<\/p>\n<p>Para finalizar, Lizbeth Margarita Viveros Cancino, secretaria regional de Administraci\u00f3n y Finanzas, destac\u00f3 la transparencia con la que se ejercen los recursos p\u00fablicos en la UV: \u201cEs un gusto visitar esta Facultad, se notan los avances y lo han hecho de forma responsable, agradezco tambi\u00e9n al personal t\u00e9cnico y manual por apoyar estos cambios buscando una mejora para todos\u201d.<\/p>\n<p>&nbsp;<\/p>\n<div id=\"attachment_47087\" style=\"width: 732px\" class=\"wp-caption aligncenter\"><a href=\"https:\/\/www.uv.mx\/prensa\/files\/2018\/05\/110518-ORIZABA-ENFERMERIA-3.jpg\"><img loading=\"lazy\" decoding=\"async\" aria-describedby=\"caption-attachment-47087\" class=\"size-full wp-image-47087\" src=\"https:\/\/www.uv.mx\/prensa\/files\/2018\/05\/110518-ORIZABA-ENFERMERIA-3.jpg\" alt=\"\" width=\"722\" height=\"481\" srcset=\"https:\/\/www.uv.mx\/prensa\/files\/2018\/05\/110518-ORIZABA-ENFERMERIA-3.jpg 722w, https:\/\/www.uv.mx\/prensa\/files\/2018\/05\/110518-ORIZABA-ENFERMERIA-3-300x200.jpg 300w\" sizes=\"auto, (max-width: 722px) 100vw, 722px\" \/><\/a><p id=\"caption-attachment-47087\" class=\"wp-caption-text\">Recorrido por los espacios remodelados<\/p><\/div>\n","protected":false},"excerpt":{"rendered":"<p>Ello se suma a otros logros, como los avances en la certificaci\u00f3n ISO del laboratorio proped\u00e9utico y el desempe\u00f1o deportivo de su Selecci\u00f3n Varonil de Futbol<\/p>\n","protected":false},"author":1508,"featured_media":47090,"comment_status":"closed","ping_status":"closed","sticky":false,"template":"","format":"standard","meta":{"footnotes":""},"categories":[53],"tags":[],"class_list":["post-47086","post","type-post","status-publish","format-standard","has-post-thumbnail","hentry","category-orizaba"],"_links":{"self":[{"href":"https:\/\/www.uv.mx\/prensa\/wp-json\/wp\/v2\/posts\/47086","targetHints":{"allow":["GET"]}}],"collection":[{"href":"https:\/\/www.uv.mx\/prensa\/wp-json\/wp\/v2\/posts"}],"about":[{"href":"https:\/\/www.uv.mx\/prensa\/wp-json\/wp\/v2\/types\/post"}],"author":[{"embeddable":true,"href":"https:\/\/www.uv.mx\/prensa\/wp-json\/wp\/v2\/users\/1508"}],"replies":[{"embeddable":true,"href":"https:\/\/www.uv.mx\/prensa\/wp-json\/wp\/v2\/comments?post=47086"}],"version-history":[{"count":0,"href":"https:\/\/www.uv.mx\/prensa\/wp-json\/wp\/v2\/posts\/47086\/revisions"}],"wp:featuredmedia":[{"embeddable":true,"href":"https:\/\/www.uv.mx\/prensa\/wp-json\/wp\/v2\/media\/47090"}],"wp:attachment":[{"href":"https:\/\/www.uv.mx\/prensa\/wp-json\/wp\/v2\/media?parent=47086"}],"wp:term":[{"taxonomy":"category","embeddable":true,"href":"https:\/\/www.uv.mx\/prensa\/wp-json\/wp\/v2\/categories?post=47086"},{"taxonomy":"post_tag","embeddable":true,"href":"https:\/\/www.uv.mx\/prensa\/wp-json\/wp\/v2\/tags?post=47086"}],"curies":[{"name":"wp","href":"https:\/\/api.w.org\/{rel}","templated":true}]}}