{"id":47083,"date":"2018-05-11T20:10:31","date_gmt":"2018-05-12T01:10:31","guid":{"rendered":"https:\/\/www.uv.mx\/prensa\/?p=47083"},"modified":"2018-05-14T13:33:41","modified_gmt":"2018-05-14T18:33:41","slug":"los-magueyes-de-revueltas-critica-al-nacionalismo-postrevolucionario","status":"publish","type":"post","link":"https:\/\/www.uv.mx\/prensa\/cultura\/los-magueyes-de-revueltas-critica-al-nacionalismo-postrevolucionario\/","title":{"rendered":"<em>Los magueyes<\/em>, de Revueltas, cr\u00edtica al nacionalismo postrevolucionario"},"content":{"rendered":"<style type=\"text\/css\">\n  blockquote p { color: #28519b; font-family: helvetica; font-size: 1.6em; }<br \/><\/style>\n<ul>\n<li><i>Con esta pieza el compositor pretend\u00eda caricaturizar el nacionalismo folclorista, asegur\u00f3 investigador de la UNAM<\/i><\/li>\n<\/ul>\n<p>&nbsp;<\/p>\n<p><a href=\"https:\/\/www.uv.mx\/prensa\/files\/2018\/05\/090518-CARLOS-Magueyes-de-Silvestre-2-100k.jpg\"><img loading=\"lazy\" decoding=\"async\" class=\"aligncenter size-full wp-image-47017\" src=\"https:\/\/www.uv.mx\/prensa\/files\/2018\/05\/090518-CARLOS-Magueyes-de-Silvestre-2-100k.jpg\" alt=\"\" width=\"722\" height=\"481\" srcset=\"https:\/\/www.uv.mx\/prensa\/files\/2018\/05\/090518-CARLOS-Magueyes-de-Silvestre-2-100k.jpg 722w, https:\/\/www.uv.mx\/prensa\/files\/2018\/05\/090518-CARLOS-Magueyes-de-Silvestre-2-100k-300x200.jpg 300w\" sizes=\"auto, (max-width: 722px) 100vw, 722px\" \/><\/a><\/p>\n<blockquote><p>\u201cMediante la adaptaci\u00f3n que hizo de la canci\u00f3n, hizo una protesta desde abajo en alianza con las clases desprotegidas de M\u00e9xico y el mundo\u201d: Roberto Kolb<\/p><\/blockquote>\n<p>&nbsp;<\/p>\n<p><b><i>Carlos Hugo Hermida Rosales<\/i><\/b><\/p>\n<p><b><i>11\/05\/18, Xalapa, Ver.- <\/i><\/b>Roberto Kolb, acad\u00e9mico investigador de la Facultad de M\u00fasica de la Universidad Nacional Aut\u00f3noma de M\u00e9xico (UNAM), afirm\u00f3 que con la pieza\u00a0<i>Los magueyes<\/i>, adaptada para cuarteto de cuerdas, Silvestre Revueltas cre\u00f3 una caricatura musical del nacionalismo folclorista postrevolucionario, mediante la cual protest\u00f3 contra esta cultura promovida por el r\u00e9gimen y sus aliados.<\/p>\n<p>Kolb dict\u00f3 la ponencia \u201c<i>Los magueyes<\/i> de Silvestre Revueltas: ret\u00f3ricas de disenso frente al pintoresquismo nacionalista mexicano\u201d, el 9 de mayo en el <a href=\"https:\/\/www.uv.mx\/iihs\/\" target=\"_blank\" rel=\"noopener\">Instituto de Investigaciones Hist\u00f3rico-Sociales<\/a> (IIH-S) de la Universidad Veracruzana (UV), dentro del Seminario de Historia Intelectual\/Historia Cultural.<\/p>\n<p>El acad\u00e9mico estuvo acompa\u00f1ado por un cuarteto de cuerdas de la <a href=\"http:\/\/www.orquestasinfonicadexalapa.com\/\" target=\"_blank\" rel=\"noopener\">Orquesta Sinf\u00f3nica de Xalapa<\/a> (OSX), para ejemplificar los comentarios.<\/p>\n<p>Roberto Kolb explic\u00f3 que cuando Revueltas regres\u00f3 a M\u00e9xico en 1929, despu\u00e9s de 12 a\u00f1os de radicar en Estados Unidos, se encontr\u00f3 con un nacionalismo promovido por el gobierno, que buscaba implantar valores, h\u00e9roes, cantos, paisajes sociales y consignas:\u00a0\u201cMediante la adaptaci\u00f3n que hizo de la canci\u00f3n <i>Los magueyes<\/i> con un cuarteto de cuerdas, hizo una protesta desde abajo en alianza con las clases desprotegidas de M\u00e9xico y el mundo\u201d.<\/p>\n<p>Revueltas se apropi\u00f3 de esta canci\u00f3n popular que desde el t\u00edtulo contiene una promesa nacionalista, pero hizo una burla \u00a0al interrumpir la interpretaci\u00f3n con el cuarteto de cuerdas y otorgarle un car\u00e1cter gracioso.<\/p>\n<p>\u201cLa adaptaci\u00f3n es una caricatura del exotismo de exportaci\u00f3n y del autoexotismo nacionalista\u00bb, concluy\u00f3.<\/p>\n<p>&nbsp;<\/p>\n<div id=\"attachment_47016\" style=\"width: 732px\" class=\"wp-caption aligncenter\"><a href=\"https:\/\/www.uv.mx\/prensa\/files\/2018\/05\/090518-CARLOS-Magueyes-de-Silvestre-1-100k.jpg\"><img loading=\"lazy\" decoding=\"async\" aria-describedby=\"caption-attachment-47016\" class=\"size-full wp-image-47016\" src=\"https:\/\/www.uv.mx\/prensa\/files\/2018\/05\/090518-CARLOS-Magueyes-de-Silvestre-1-100k.jpg\" alt=\"\" width=\"722\" height=\"481\" srcset=\"https:\/\/www.uv.mx\/prensa\/files\/2018\/05\/090518-CARLOS-Magueyes-de-Silvestre-1-100k.jpg 722w, https:\/\/www.uv.mx\/prensa\/files\/2018\/05\/090518-CARLOS-Magueyes-de-Silvestre-1-100k-300x200.jpg 300w\" sizes=\"auto, (max-width: 722px) 100vw, 722px\" \/><\/a><p id=\"caption-attachment-47016\" class=\"wp-caption-text\">Cuarteto de cuerdas de la OSX<\/p><\/div>\n","protected":false},"excerpt":{"rendered":"<p>Con la adaptaci\u00f3n de esta pieza el compositor pretend\u00eda caricaturizar el nacionalismo folclorista, asegur\u00f3 Roberto Kolb, investigador de la UNAM<\/p>\n","protected":false},"author":1508,"featured_media":47017,"comment_status":"closed","ping_status":"closed","sticky":false,"template":"","format":"standard","meta":{"footnotes":""},"categories":[11],"tags":[],"class_list":["post-47083","post","type-post","status-publish","format-standard","has-post-thumbnail","hentry","category-cultura"],"_links":{"self":[{"href":"https:\/\/www.uv.mx\/prensa\/wp-json\/wp\/v2\/posts\/47083","targetHints":{"allow":["GET"]}}],"collection":[{"href":"https:\/\/www.uv.mx\/prensa\/wp-json\/wp\/v2\/posts"}],"about":[{"href":"https:\/\/www.uv.mx\/prensa\/wp-json\/wp\/v2\/types\/post"}],"author":[{"embeddable":true,"href":"https:\/\/www.uv.mx\/prensa\/wp-json\/wp\/v2\/users\/1508"}],"replies":[{"embeddable":true,"href":"https:\/\/www.uv.mx\/prensa\/wp-json\/wp\/v2\/comments?post=47083"}],"version-history":[{"count":0,"href":"https:\/\/www.uv.mx\/prensa\/wp-json\/wp\/v2\/posts\/47083\/revisions"}],"wp:featuredmedia":[{"embeddable":true,"href":"https:\/\/www.uv.mx\/prensa\/wp-json\/wp\/v2\/media\/47017"}],"wp:attachment":[{"href":"https:\/\/www.uv.mx\/prensa\/wp-json\/wp\/v2\/media?parent=47083"}],"wp:term":[{"taxonomy":"category","embeddable":true,"href":"https:\/\/www.uv.mx\/prensa\/wp-json\/wp\/v2\/categories?post=47083"},{"taxonomy":"post_tag","embeddable":true,"href":"https:\/\/www.uv.mx\/prensa\/wp-json\/wp\/v2\/tags?post=47083"}],"curies":[{"name":"wp","href":"https:\/\/api.w.org\/{rel}","templated":true}]}}