{"id":47045,"date":"2018-05-13T07:00:09","date_gmt":"2018-05-13T12:00:09","guid":{"rendered":"https:\/\/www.uv.mx\/prensa\/?p=47045"},"modified":"2018-05-11T17:34:17","modified_gmt":"2018-05-11T22:34:17","slug":"mexico-sufre-el-peor-despojo-de-recursos-naturales-juan-villoro","status":"publish","type":"post","link":"https:\/\/www.uv.mx\/prensa\/entrevista\/mexico-sufre-el-peor-despojo-de-recursos-naturales-juan-villoro\/","title":{"rendered":"M\u00e9xico sufre el peor despojo de recursos naturales: Juan Villoro"},"content":{"rendered":"<ul>\n<li><em>\u201cLos gobiernos locales son c\u00f3mplices de las empresas norteamericanas, al permitirles establecerse en zonas donde da\u00f1an la naturaleza a cambio de ganancias a corto plazo\u201d, lament\u00f3<\/em><\/li>\n<li><em>\u201cLa forma que tenemos de ejercer la democracia es meramente representativa, no es una democracia directa\u201d, expres\u00f3 el escritor<\/em><\/li>\n<\/ul>\n<p>&nbsp;<\/p>\n<div id=\"attachment_47055\" style=\"width: 732px\" class=\"wp-caption aligncenter\"><a href=\"https:\/\/www.uv.mx\/prensa\/files\/2018\/05\/080518-PAOLA-Entrevista-Juan-Villoro.jpg\"><img loading=\"lazy\" decoding=\"async\" aria-describedby=\"caption-attachment-47055\" class=\"size-full wp-image-47055\" src=\"https:\/\/www.uv.mx\/prensa\/files\/2018\/05\/080518-PAOLA-Entrevista-Juan-Villoro.jpg\" alt=\"\" width=\"722\" height=\"482\" srcset=\"https:\/\/www.uv.mx\/prensa\/files\/2018\/05\/080518-PAOLA-Entrevista-Juan-Villoro.jpg 722w, https:\/\/www.uv.mx\/prensa\/files\/2018\/05\/080518-PAOLA-Entrevista-Juan-Villoro-300x200.jpg 300w\" sizes=\"auto, (max-width: 722px) 100vw, 722px\" \/><\/a><p id=\"caption-attachment-47055\" class=\"wp-caption-text\">Juan Villoro advirti\u00f3 que con los partidos pol\u00edticos actuales no se puede avanzar<\/p><\/div>\n<p>&nbsp;<\/p>\n<p><strong><em>Paola Cort<\/em><\/strong><strong><em>\u00e9<\/em><\/strong><strong><em>s P<\/em><\/strong><strong><em>\u00e9<\/em><\/strong><strong><em>rez<\/em><\/strong><\/p>\n<p><strong><em>13<\/em><\/strong><strong><em>\/05\/18, Xalapa, Ver.-<\/em><\/strong> El escritor y periodista mexicano Juan Villoro advirti\u00f3 que M\u00e9xico vive uno de los peores momentos del despojo y explotaci\u00f3n de los recursos naturales, por ello es necesario iniciar una movilizaci\u00f3n de conciencias.<\/p>\n<p>Ante este panorama, expres\u00f3 a <em>Universo<\/em> que es importante que las comunidades ind\u00edgenas sean los verdaderos garantes y custodios de una riqueza que nos beneficia y afecta a todos.<\/p>\n<p>Tambi\u00e9n habl\u00f3 sobre los temas que abordaron en la Segunda Reuni\u00f3n de Trabajo del Concejo Ind\u00edgena de Gobierno, celebrada en abril de este a\u00f1o.<\/p>\n<p>&nbsp;<\/p>\n<p><strong><em>En la reciente reuni\u00f3n del Concejo Ind\u00edgena de Gobierno, a la que usted asisti\u00f3<\/em><\/strong><strong><em>, <\/em><\/strong><strong><em>\u00bfcu\u00e1les fueron los temas que ah\u00ed se trataron?<\/em><\/strong><\/p>\n<p>La realidad es que estuve poco por falta de tiempo, s\u00f3lo particip\u00e9 en el inicio de este conversatorio, donde la idea fue continuar discutiendo el balance y evaluaci\u00f3n de lo que se hizo en la campa\u00f1a de Mar\u00eda de Jes\u00fas Patricio Mart\u00ednez, conocida como Marichuy.<\/p>\n<p>El Concejo logr\u00f3 algo muy importante, m\u00e1s all\u00e1 de lo que fue la experiencia de recabar firmas; tuvo que ver con articular a las comunidades ind\u00edgenas, grupos que no se hab\u00edan conocido entraron en contacto por primera vez.<\/p>\n<p>Marichuy Patricio ha dicho que ir a visitar una comunidad es como visitar a un pariente que sabes que existe y que pertenece a tu familia, pero nunca lo has visto. Entonces, esta gran familia se pudo articular gracias a que recorri\u00f3 26 estados de la Rep\u00fablica Mexicana, lo cual fue muy importante, \u00e9se es un primer logro.<\/p>\n<p>El segundo logro es establecer un diagn\u00f3stico com\u00fan; es decir, tratar de ver cu\u00e1les son los problemas de cada regi\u00f3n porque queda muy claro que estamos viviendo uno de los peores momentos del despojo en M\u00e9xico, ejemplo de ello es la extracci\u00f3n inmoderada de minerales, la contaminaci\u00f3n de los r\u00edos, la destrucci\u00f3n de los parques naturales reconvertidos en \u00e1reas naturales protegidas \u2013que no lo son tanto\u2013. Es un pa\u00eds que est\u00e1 siendo v\u00edctima del saqueo por parte de industrias internacionales y nacionales.<\/p>\n<p>Un caso emblem\u00e1tico es la compa\u00f1\u00eda cervecera norteamericana Constellation Brands \u2013que compr\u00f3 Corona\u2013, la cual se instal\u00f3 en el valle de Mexicali y se quedar\u00e1 con el agua de riego de los algodoneros, que proviene del r\u00edo Colorado; \u00e9sta ya es muy exigua y es muy poca la que llega a M\u00e9xico, las comunidades han protestado por esto.<\/p>\n<p>Nosotros nos quejamos de la pol\u00edtica de Donald Trump, pero los gobiernos locales son c\u00f3mplices de las empresas norteamericanas y permiten que se establezcan en zonas donde da\u00f1an la naturaleza a cambio de ganancias a corto plazo, pero que ser\u00e1n terribles para el futuro. Lo mismo pasa en muchos lados.<\/p>\n<p>Otro ejemplo es el Nevado de Toluca que a trav\u00e9s de su deshielo garantiza el abastecimiento de agua potable a esa ciudad; esto est\u00e1 en riesgo por el cambio de legislaci\u00f3n que permite la inversi\u00f3n tur\u00edstica y comercial en lo que antes era un parque nacional.<\/p>\n<p>Es muy importante que las comunidades ind\u00edgenas sean los verdaderos garantes y custodios de una riqueza que nos afecta a todos, porque es algo que debemos entender, no se trata de que el Concejo Ind\u00edgena de Gobierno s\u00f3lo act\u00fae en exclusiva para las comunidades, sino que a trav\u00e9s de ellas procuren un proyecto que defienda el pa\u00eds desde abajo por quienes conocen el suelo.<\/p>\n<p>En las ciudades queremos comer lechugas org\u00e1nicas y comida sana, \u00bfc\u00f3mo las vamos a obtener si los cultivos est\u00e1n en manos de empresas transnacionales que utilizan fertilizantes y pesticidas que causan c\u00e1ncer?. Si queremos bajar el \u00edndice de c\u00e1ncer debemos buscar otra manera de alimentarnos.<\/p>\n<p>&nbsp;<\/p>\n<p><strong><em>\u00bfSon viables las propuestas impulsadas por el Concejo Ind\u00edgena de Gobierno?<\/em><\/strong><\/p>\n<p>Tenemos que hacer que sean viables, porque las comunidades no tienen el poder para controlar esto; es decir, una comunidad puede denunciar que se exportan maderas finas a China o Jap\u00f3n, pero ellos no tienen la capacidad de detener ese problema y si tratan de hacerlo son reprimidos e incluso asesinados.<\/p>\n<p>En Veracruz, por donde corre el 30 por ciento del agua potable de todo el pa\u00eds, se est\u00e1n construyendo hidroel\u00e9ctricas y se est\u00e1 permitiendo la miner\u00eda y <em>fracking<\/em>, que es terrible; esto se puede denunciar pero para detenerlo tenemos que crear redes de resistencia civil entre todos, \u00e9ste es el siguiente camino y es hacia d\u00f3nde va el Concejo Ind\u00edgena de Gobierno, pero requiere de movilizar a toda la poblaci\u00f3n.<\/p>\n<p>&nbsp;<\/p>\n<p><strong><em>\u00bf<\/em><\/strong><strong><em>C<\/em><\/strong><strong><em>\u00f3mo movilizar a una poblaci\u00f3<\/em><\/strong><strong><em>n ap<\/em><\/strong><strong><em>\u00e1<\/em><\/strong><strong><em>tica?<\/em><\/strong><\/p>\n<p>No hay una sociedad civil activa, si existiera tendr\u00edamos otro pa\u00eds. La poblaci\u00f3n es muy ap\u00e1tica, la escritora Cristina Rivera Garza habla con toda raz\u00f3n de una apat\u00eda militante, uno pensar\u00eda que la apat\u00eda solamente se debe al desinter\u00e9s y que t\u00fa no puedes esforzarte por ser ap\u00e1tico, pero estamos en una situaci\u00f3n parad\u00f3jica donde la gente dedica muchas energ\u00edas a ser ap\u00e1tico porque esto es m\u00e1s c\u00f3modo, le impide participar y es muy tranquilizador no tener que hacer nada.<\/p>\n<p>Obviamente, movilizar las conciencias es un proceso muy dif\u00edcil, la gente est\u00e1 muy cansada porque los partidos pol\u00edticos han enga\u00f1ado tanto, les han prometido tanto y no han cumplido; entonces, a la gente no le interesa meterse en la pol\u00edtica y decide quedarse en su peque\u00f1o n\u00facleo y tratar de sobrevivir de esta manera. Es un proceso complejo el que tenemos que llevar a cabo.<\/p>\n<p>No s\u00e9 cu\u00e1l ser\u00e1 el futuro, ojal\u00e1 pudiera estar cierto, pero creo que lo peor que pueda pasar es no tratar de cambiar las cosas.<\/p>\n<p>&nbsp;<\/p>\n<p><strong><em>\u00bfLograrlo ser\u00e1 un proceso largo?<\/em><\/strong><\/p>\n<p>Largu\u00edsimo, pero como dicen las comunidades ind\u00edgenas, llevamos 500 a\u00f1os en esto, los tiempos de las comunidades son otros tiempos \u2013por fortuna\u2013, como dicen los zapatistas \u201cvamos despacio porque el camino es largo\u201d.<\/p>\n<p>Efectivamente, es un camino que vale la pena transitar y es mucho lo que se ha logrado, es mucha la visibilidad que se obtuvo con las firmas y sobre todo con el diagn\u00f3stico posterior que hizo el Instituto Nacional Electoral al declarar que la contendiente m\u00e1s honesta de todos fue \u201cMarichuy\u201d Patricio, fue un oasis de dignidad en medio de la corrupci\u00f3n pol\u00edtica mexicana y esto impact\u00f3 a muchas personas.<\/p>\n<p>&nbsp;<\/p>\n<p><strong><em>\u00bfEn esta movilizaci\u00f3n de conciencias hay cabida para los partidos pol\u00edticos?<\/em><\/strong><\/p>\n<p>Creo que tendr\u00edan que transformarse totalmente, no (hay cabida) para los que tenemos ahora y no para la forma que tenemos de ejercer la democracia que es meramente representativa, no es una democracia directa.<\/p>\n<p>Lo vemos ahora en las elecciones que hay alianzas absolutamente inveros\u00edmiles entre personas que dicen defender ideas totalmente contrarias y sin embargo se unen por conveniencia; entonces, cada formaci\u00f3n pol\u00edtica est\u00e1 hecha de personas que contradictoriamente se han unido por puro oportunismo. Obviamente con estos partidos no se puede avanzar.<\/p>\n","protected":false},"excerpt":{"rendered":"<p>En entrevista para <em>Universo<\/em>, el escritor asegur\u00f3 que \u00aba la gente no le interesa meterse en la pol\u00edtica, decide quedarse en su peque\u00f1o n\u00facleo y tratar de sobrevivir de esta manera\u00bb<\/p>\n","protected":false},"author":1869,"featured_media":47061,"comment_status":"closed","ping_status":"closed","sticky":false,"template":"","format":"standard","meta":{"footnotes":""},"categories":[13,61],"tags":[],"class_list":["post-47045","post","type-post","status-publish","format-standard","has-post-thumbnail","hentry","category-entrevista","category-banner"],"_links":{"self":[{"href":"https:\/\/www.uv.mx\/prensa\/wp-json\/wp\/v2\/posts\/47045","targetHints":{"allow":["GET"]}}],"collection":[{"href":"https:\/\/www.uv.mx\/prensa\/wp-json\/wp\/v2\/posts"}],"about":[{"href":"https:\/\/www.uv.mx\/prensa\/wp-json\/wp\/v2\/types\/post"}],"author":[{"embeddable":true,"href":"https:\/\/www.uv.mx\/prensa\/wp-json\/wp\/v2\/users\/1869"}],"replies":[{"embeddable":true,"href":"https:\/\/www.uv.mx\/prensa\/wp-json\/wp\/v2\/comments?post=47045"}],"version-history":[{"count":0,"href":"https:\/\/www.uv.mx\/prensa\/wp-json\/wp\/v2\/posts\/47045\/revisions"}],"wp:featuredmedia":[{"embeddable":true,"href":"https:\/\/www.uv.mx\/prensa\/wp-json\/wp\/v2\/media\/47061"}],"wp:attachment":[{"href":"https:\/\/www.uv.mx\/prensa\/wp-json\/wp\/v2\/media?parent=47045"}],"wp:term":[{"taxonomy":"category","embeddable":true,"href":"https:\/\/www.uv.mx\/prensa\/wp-json\/wp\/v2\/categories?post=47045"},{"taxonomy":"post_tag","embeddable":true,"href":"https:\/\/www.uv.mx\/prensa\/wp-json\/wp\/v2\/tags?post=47045"}],"curies":[{"name":"wp","href":"https:\/\/api.w.org\/{rel}","templated":true}]}}