{"id":47040,"date":"2018-05-11T14:58:04","date_gmt":"2018-05-11T19:58:04","guid":{"rendered":"https:\/\/www.uv.mx\/prensa\/?p=47040"},"modified":"2018-05-14T13:40:10","modified_gmt":"2018-05-14T18:40:10","slug":"consejo-ciudadano-fortalecera-a-radio-uv","status":"publish","type":"post","link":"https:\/\/www.uv.mx\/prensa\/banner\/consejo-ciudadano-fortalecera-a-radio-uv\/","title":{"rendered":"Consejo Ciudadano fortalecer\u00e1 a Radio UV"},"content":{"rendered":"<ul>\n<li><i>Los cinco consejeros rindieron protesta<span class=\"Apple-converted-space\">\u00a0<\/span><\/i><\/li>\n<li><i>\u201cUna radio abierta al p\u00fablico implica mayor presencia m\u00e1s all\u00e1 de la comunidad universitaria\u201d: Sara Ladr\u00f3n de Guevara<span class=\"Apple-converted-space\">\u00a0<\/span><\/i><\/li>\n<\/ul>\n<p>&nbsp;<\/p>\n<p>&nbsp;<\/p>\n<div id=\"attachment_47026\" style=\"width: 732px\" class=\"wp-caption aligncenter\"><a href=\"https:\/\/www.uv.mx\/prensa\/files\/2018\/05\/110518-DAVID-Rinde-protesta-consejo-ciudadano-radio-UV-1-100k.jpg\"><img loading=\"lazy\" decoding=\"async\" aria-describedby=\"caption-attachment-47026\" class=\"wp-image-47026 size-full\" src=\"https:\/\/www.uv.mx\/prensa\/files\/2018\/05\/110518-DAVID-Rinde-protesta-consejo-ciudadano-radio-UV-1-100k.jpg\" alt=\"\" width=\"722\" height=\"481\" srcset=\"https:\/\/www.uv.mx\/prensa\/files\/2018\/05\/110518-DAVID-Rinde-protesta-consejo-ciudadano-radio-UV-1-100k.jpg 722w, https:\/\/www.uv.mx\/prensa\/files\/2018\/05\/110518-DAVID-Rinde-protesta-consejo-ciudadano-radio-UV-1-100k-300x200.jpg 300w\" sizes=\"auto, (max-width: 722px) 100vw, 722px\" \/><\/a><p id=\"caption-attachment-47026\" class=\"wp-caption-text\">Los consejeros con la rectora Sara Ladr\u00f3n de Guevara y Ernesto Collinot, coordinador de Radio UV<\/p><\/div>\n<p>&nbsp;<\/p>\n<p><b><i>David Sandoval Rodr\u00edguez<\/i><\/b><\/p>\n<p><b><i>11\/05\/18, Xalapa, Ver.-<\/i><\/b> El Consejo Ciudadano de Radio Universidad Veracruzana (Radio UV) formaliz\u00f3 su toma de protesta ante las autoridades encabezadas por Sara Ladr\u00f3n de Guevara, rectora de esta casa de estudios.<span class=\"Apple-converted-space\">\u00a0<\/span><\/p>\n<p>Sara Ladr\u00f3n de Guevara tom\u00f3 protesta a los consejeros Laura Beatriz Mora Pale, Francisco Javier Cabrera Pi\u00f1a, Aurelio Contreras Moreno, Manuel \u00c1ngel D\u00edez Mendoza y Miguel Garc\u00eda Pe\u00f1a, quienes recibieron sus respectivos nombramientos en evento realizado en la Sala de Juntas de Rector\u00eda y seguido por videoconferencia desde las cuatro regiones universitarias.<\/p>\n<p>La Rectora extendi\u00f3 un agradecimiento a los consejeros y explic\u00f3 que todos ellos ya realizan su importante labor desde que fueron designados en 2017. Su tarea, sobre todo, est\u00e1 relacionada con coadyuvar con Radio UV a establecer los mecanismos necesarios para garantizar que la estaci\u00f3n universitaria cumpla con los principios fundamentales del car\u00e1cter p\u00fablico de la radio y que, entre otros, son la independencia editorial, la expresi\u00f3n de las diversidades y la participaci\u00f3n ciudadana.<span class=\"Apple-converted-space\">\u00a0<\/span><\/p>\n<p>Sara Ladr\u00f3n de Guevara refiri\u00f3 que obtener la concesi\u00f3n por parte del Instituto Federal de Telecomunicaciones (IFT) ha significado llegar a varios municipios de la entidad por frecuencia modulada y m\u00e1s all\u00e1 de las fronteras por Internet, lo que calific\u00f3 como un hecho in\u00e9dito.<\/p>\n<p>\u201cUna radio abierta al p\u00fablico implica mayor presencia m\u00e1s all\u00e1 de la comunidad universitaria, que hemos vivido a lo largo de d\u00e9cadas y ahora se est\u00e1 potenciando\u201d, asever\u00f3.<\/p>\n<p>La responsabilidad de ser un medio de comunicaci\u00f3n veraz y objetivo, as\u00ed como emitir opiniones y la integraci\u00f3n del mismo consejo, son responsabilidades para la m\u00e1xima casa de estudios, observ\u00f3 la Rectora.<\/p>\n<p>\u201cReconocemos, en esta forma de vinculaci\u00f3n y extensi\u00f3n con la sociedad, que debemos ser pertinentes; en ese sentido, nos parece que ustedes pueden marcar esa pertinencia con la sociedad a la que llegamos a trav\u00e9s de nuestra radio universitaria\u201d, puntualiz\u00f3 al dirigirse a los consejeros.<\/p>\n<p>En representaci\u00f3n del Consejo Ciudadano, Laura Beatriz Mora subray\u00f3: \u201cRadio UV es un referente de la radio p\u00fablica y la radio universitaria en nuestro pa\u00eds, por lo que un consejo plural era necesario\u201d.<\/p>\n<p>Se comprometi\u00f3 a aportar \u201ccon autoridad y autonom\u00eda, con cr\u00edtica y tambi\u00e9n con mucho gusto para contribuir al avance y al crecimiento de una radio tan importante en Veracruz y en el pa\u00eds; tenemos un compromiso y haremos lo necesario para que nuestro aporte sea importante en bien de la comunidad universitaria y la sociedad en general\u201d.<\/p>\n<p>Por su parte, Raciel Mart\u00ednez G\u00f3mez, director general de Comunicaci\u00f3n Universitaria, expres\u00f3 que recibir un t\u00edtulo de concesi\u00f3n para operar la estaci\u00f3n de radio \u201crepresent\u00f3 un hito hist\u00f3rico para la comunicaci\u00f3n universitaria, ya que se trata de participar en uno de los m\u00e1s grandes desaf\u00edos de la comunicaci\u00f3n en M\u00e9xico: regularizar a los medios p\u00fablicos garantizando que la calidad de sus contenidos atiendan y respeten los intereses de la ciudadan\u00eda\u201d.<\/p>\n<p>En ese sentido, la UV asume la responsabilidad de ofrecer una comunicaci\u00f3n con pertinencia social, buscando una integraci\u00f3n democr\u00e1tica, plural e incluyente, acorde con los valores y derechos de los ciudadanos del siglo XXI, puntualiz\u00f3 el directivo.<\/p>\n<p>Ernesto Collinot Aguilar, coordinador general de Radio UV, ley\u00f3 las semblanzas de los consejeros. La toma de protesta fue atestiguada por Octavio Ochoa Contreras, secretario de Desarrollo Institucional; Jos\u00e9 Luis Mart\u00ednez Su\u00e1rez, Liliana Betancourt Trevedhan y \u00c1ngel Eduardo Gasca Herrera, directores generales de las \u00e1reas acad\u00e9mica de Humanidades, Econ\u00f3mico-Administrativa y T\u00e9cnica, respectivamente; H\u00e9ctor Coronel Brizio, director general de Administraci\u00f3n Escolar; Juan Capetillo Hern\u00e1ndez, coordinador de Asuntos Estudiantiles, y \u00c9dgar Onofre Fern\u00e1ndez Serratos, director de Medios de Comunicaci\u00f3n.<\/p>\n<p>Por videoconferencia estuvieron presentes los vicerrectores Alfonso P\u00e9rez Morales, Jos\u00e9 Luis Alan\u00eds M\u00e9ndez, Eduardo Mart\u00ednez Canales y Carlos Lamothe Zavaleta, de las regiones Veracruz, Poza Rica-Tuxpan, Orizaba-C\u00f3rdoba y Coatzacoalcos-Minatitl\u00e1n, respectivamente.<\/p>\n<p>&nbsp;<\/p>\n<div id='gallery-1' class='gallery galleryid-47040 gallery-columns-2 gallery-size-full'><dl class='gallery-item'>\n\t\t\t<dt class='gallery-icon landscape'>\n\t\t\t\t<a href='https:\/\/www.uv.mx\/prensa\/files\/2018\/05\/Aurelio-Contreras-Moreno.jpg'><img loading=\"lazy\" decoding=\"async\" width=\"722\" height=\"481\" src=\"https:\/\/www.uv.mx\/prensa\/files\/2018\/05\/Aurelio-Contreras-Moreno.jpg\" class=\"attachment-full size-full\" alt=\"\" aria-describedby=\"gallery-1-47031\" srcset=\"https:\/\/www.uv.mx\/prensa\/files\/2018\/05\/Aurelio-Contreras-Moreno.jpg 722w, https:\/\/www.uv.mx\/prensa\/files\/2018\/05\/Aurelio-Contreras-Moreno-300x200.jpg 300w\" sizes=\"auto, (max-width: 722px) 100vw, 722px\" \/><\/a>\n\t\t\t<\/dt>\n\t\t\t\t<dd class='wp-caption-text gallery-caption' id='gallery-1-47031'>\n\t\t\t\tAurelio Contreras Moreno\n\t\t\t\t<\/dd><\/dl><dl class='gallery-item'>\n\t\t\t<dt class='gallery-icon landscape'>\n\t\t\t\t<a href='https:\/\/www.uv.mx\/prensa\/files\/2018\/05\/Francisco-Javier-Cabrera-Pina.jpg'><img loading=\"lazy\" decoding=\"async\" width=\"722\" height=\"481\" src=\"https:\/\/www.uv.mx\/prensa\/files\/2018\/05\/Francisco-Javier-Cabrera-Pina.jpg\" class=\"attachment-full size-full\" alt=\"\" aria-describedby=\"gallery-1-47033\" srcset=\"https:\/\/www.uv.mx\/prensa\/files\/2018\/05\/Francisco-Javier-Cabrera-Pina.jpg 722w, https:\/\/www.uv.mx\/prensa\/files\/2018\/05\/Francisco-Javier-Cabrera-Pina-300x200.jpg 300w\" sizes=\"auto, (max-width: 722px) 100vw, 722px\" \/><\/a>\n\t\t\t<\/dt>\n\t\t\t\t<dd class='wp-caption-text gallery-caption' id='gallery-1-47033'>\n\t\t\t\tFrancisco Javier Cabrera Pi\u00f1a\n\t\t\t\t<\/dd><\/dl><br style=\"clear: both\" \/>\n\t\t<\/div>\n\n<p>&nbsp;<\/p>\n<div id='gallery-2' class='gallery galleryid-47040 gallery-columns-3 gallery-size-full'><dl class='gallery-item'>\n\t\t\t<dt class='gallery-icon landscape'>\n\t\t\t\t<a href='https:\/\/www.uv.mx\/prensa\/files\/2018\/05\/Laura-Beatriz-Mora-Pale.jpg'><img loading=\"lazy\" decoding=\"async\" width=\"722\" height=\"481\" src=\"https:\/\/www.uv.mx\/prensa\/files\/2018\/05\/Laura-Beatriz-Mora-Pale.jpg\" class=\"attachment-full size-full\" alt=\"\" aria-describedby=\"gallery-2-47035\" srcset=\"https:\/\/www.uv.mx\/prensa\/files\/2018\/05\/Laura-Beatriz-Mora-Pale.jpg 722w, https:\/\/www.uv.mx\/prensa\/files\/2018\/05\/Laura-Beatriz-Mora-Pale-300x200.jpg 300w\" sizes=\"auto, (max-width: 722px) 100vw, 722px\" \/><\/a>\n\t\t\t<\/dt>\n\t\t\t\t<dd class='wp-caption-text gallery-caption' id='gallery-2-47035'>\n\t\t\t\tLaura Beatriz Mora Pale\n\t\t\t\t<\/dd><\/dl><dl class='gallery-item'>\n\t\t\t<dt class='gallery-icon landscape'>\n\t\t\t\t<a href='https:\/\/www.uv.mx\/prensa\/files\/2018\/05\/Miguel-Garcia-Pena.jpg'><img loading=\"lazy\" decoding=\"async\" width=\"722\" height=\"481\" src=\"https:\/\/www.uv.mx\/prensa\/files\/2018\/05\/Miguel-Garcia-Pena.jpg\" class=\"attachment-full size-full\" alt=\"\" aria-describedby=\"gallery-2-47039\" srcset=\"https:\/\/www.uv.mx\/prensa\/files\/2018\/05\/Miguel-Garcia-Pena.jpg 722w, https:\/\/www.uv.mx\/prensa\/files\/2018\/05\/Miguel-Garcia-Pena-300x200.jpg 300w\" sizes=\"auto, (max-width: 722px) 100vw, 722px\" \/><\/a>\n\t\t\t<\/dt>\n\t\t\t\t<dd class='wp-caption-text gallery-caption' id='gallery-2-47039'>\n\t\t\t\tMiguel Garc\u00eda Pe\u00f1a\n\t\t\t\t<\/dd><\/dl><dl class='gallery-item'>\n\t\t\t<dt class='gallery-icon landscape'>\n\t\t\t\t<a href='https:\/\/www.uv.mx\/prensa\/files\/2018\/05\/Manuel-Angel-Diez-Mendoza.jpg'><img loading=\"lazy\" decoding=\"async\" width=\"722\" height=\"481\" src=\"https:\/\/www.uv.mx\/prensa\/files\/2018\/05\/Manuel-Angel-Diez-Mendoza.jpg\" class=\"attachment-full size-full\" alt=\"\" aria-describedby=\"gallery-2-47037\" srcset=\"https:\/\/www.uv.mx\/prensa\/files\/2018\/05\/Manuel-Angel-Diez-Mendoza.jpg 722w, https:\/\/www.uv.mx\/prensa\/files\/2018\/05\/Manuel-Angel-Diez-Mendoza-300x200.jpg 300w\" sizes=\"auto, (max-width: 722px) 100vw, 722px\" \/><\/a>\n\t\t\t<\/dt>\n\t\t\t\t<dd class='wp-caption-text gallery-caption' id='gallery-2-47037'>\n\t\t\t\tManuel \u00c1ngel D\u00edez Mendoza\n\t\t\t\t<\/dd><\/dl><br style=\"clear: both\" \/>\n\t\t<\/div>\n\n","protected":false},"excerpt":{"rendered":"<p>Sus integrantes son: Laura Beatriz Mora Pale, Francisco Javier Cabrera Pi\u00f1a, Aurelio Contreras Moreno, Manuel \u00c1ngel D\u00edez Mendoza y Miguel Garc\u00eda Pe\u00f1a<\/p>\n","protected":false},"author":1508,"featured_media":47027,"comment_status":"closed","ping_status":"closed","sticky":false,"template":"","format":"standard","meta":{"footnotes":""},"categories":[61],"tags":[],"class_list":["post-47040","post","type-post","status-publish","format-standard","has-post-thumbnail","hentry","category-banner"],"_links":{"self":[{"href":"https:\/\/www.uv.mx\/prensa\/wp-json\/wp\/v2\/posts\/47040","targetHints":{"allow":["GET"]}}],"collection":[{"href":"https:\/\/www.uv.mx\/prensa\/wp-json\/wp\/v2\/posts"}],"about":[{"href":"https:\/\/www.uv.mx\/prensa\/wp-json\/wp\/v2\/types\/post"}],"author":[{"embeddable":true,"href":"https:\/\/www.uv.mx\/prensa\/wp-json\/wp\/v2\/users\/1508"}],"replies":[{"embeddable":true,"href":"https:\/\/www.uv.mx\/prensa\/wp-json\/wp\/v2\/comments?post=47040"}],"version-history":[{"count":0,"href":"https:\/\/www.uv.mx\/prensa\/wp-json\/wp\/v2\/posts\/47040\/revisions"}],"wp:featuredmedia":[{"embeddable":true,"href":"https:\/\/www.uv.mx\/prensa\/wp-json\/wp\/v2\/media\/47027"}],"wp:attachment":[{"href":"https:\/\/www.uv.mx\/prensa\/wp-json\/wp\/v2\/media?parent=47040"}],"wp:term":[{"taxonomy":"category","embeddable":true,"href":"https:\/\/www.uv.mx\/prensa\/wp-json\/wp\/v2\/categories?post=47040"},{"taxonomy":"post_tag","embeddable":true,"href":"https:\/\/www.uv.mx\/prensa\/wp-json\/wp\/v2\/tags?post=47040"}],"curies":[{"name":"wp","href":"https:\/\/api.w.org\/{rel}","templated":true}]}}