{"id":46996,"date":"2018-05-05T18:00:35","date_gmt":"2018-05-05T23:00:35","guid":{"rendered":"https:\/\/www.uv.mx\/prensa\/?p=46996"},"modified":"2021-11-08T08:25:46","modified_gmt":"2021-11-08T14:25:46","slug":"federacion-es-inequitativa-con-recursos-para-educacion","status":"publish","type":"post","link":"https:\/\/www.uv.mx\/prensa\/cultura\/federacion-es-inequitativa-con-recursos-para-educacion\/","title":{"rendered":"Federaci\u00f3n es inequitativa con recursos para educaci\u00f3n"},"content":{"rendered":"<ul>\n<li><i>Jos\u00e9 Ra\u00fal Trujillo present\u00f3 la Trilog\u00eda <\/i>El FAEB-FONE 2008-2017<i>, en el marco de la XXV FILU<\/i><\/li>\n<\/ul>\n<p>&nbsp;<\/p>\n<div id=\"attachment_46997\" style=\"width: 732px\" class=\"wp-caption aligncenter\"><a href=\"https:\/\/www.uv.mx\/prensa\/files\/2018\/05\/050518-FILU-Libro-Jose-Raul-Trujillo-2.jpg\"><img loading=\"lazy\" decoding=\"async\" aria-describedby=\"caption-attachment-46997\" class=\"size-full wp-image-46997\" src=\"https:\/\/www.uv.mx\/prensa\/files\/2018\/05\/050518-FILU-Libro-Jose-Raul-Trujillo-2.jpg\" alt=\"\" width=\"722\" height=\"554\" srcset=\"https:\/\/www.uv.mx\/prensa\/files\/2018\/05\/050518-FILU-Libro-Jose-Raul-Trujillo-2.jpg 722w, https:\/\/www.uv.mx\/prensa\/files\/2018\/05\/050518-FILU-Libro-Jose-Raul-Trujillo-2-300x230.jpg 300w\" sizes=\"auto, (max-width: 722px) 100vw, 722px\" \/><\/a><p id=\"caption-attachment-46997\" class=\"wp-caption-text\">Adriana Dur\u00e1n, Adolfo Garc\u00eda, Jos\u00e9 Ra\u00fal Trujillo y Miguel \u00c1ngel Estrada presentaron el libro<\/p><\/div>\n<p>&nbsp;<\/p>\n<p><b><i>Paola Cort\u00e9s P\u00e9rez<\/i><\/b><\/p>\n<p><b><i>05\/05\/18, Xalapa, Ver.-<\/i><\/b> Jos\u00e9 Ra\u00fal Trujillo, director general de Recursos Humanos de la Universidad Veracruzana (UV), present\u00f3 la Trilog\u00eda <i>El FAEB-FONE 2008-2017<\/i>, en el marco de la XXV Feria Internacional del Libro Universitario (FILU).<\/p>\n<p>La presentaci\u00f3n se llev\u00f3 a cabo el 4 de mayo en el Sal\u00f3n \u201cRam\u00f3n Rodr\u00edguez\u201d del Complejo Deportivo Omega, con los comentarios de Adolfo Garc\u00eda de la Sienra, Miguel \u00c1ngel Estrada Garc\u00eda y el autor, moderados por Adriana Dur\u00e1n.<\/p>\n<p>Esta serie de publicaciones fue merecedora del Premio Nacional de Finanzas P\u00fablicas 2017, otorgado por el Centro de Estudios de Finanzas P\u00fablicas de la C\u00e1mara de Diputados.<\/p>\n<p>En estos t\u00edtulos, el autor expone c\u00f3mo la federaci\u00f3n no es equitativa en el momento de presupuestar los recursos federales a la educaci\u00f3n b\u00e1sica, perjudicando a los estados m\u00e1s pobres: Guerrero, Oaxaca, Veracruz, Hidalgo, San Luis Potos\u00ed y Michoac\u00e1n.<\/p>\n<p>Asimismo, deja claro que es ineludible reformar la Ley de Coordinaci\u00f3n Fiscal, por lo que propone la modificaci\u00f3n legislativa, misma que incluye la incorporaci\u00f3n de un mecanismo de evaluaci\u00f3n trianual del comportamiento e impactos de ese fondo federal, para evitar seguir generando da\u00f1os patrimoniales a 24 erarios estatales, a costa de beneficiar a siete entidades del pa\u00eds.<\/p>\n<p>Cabe mencionar que el FAEB es el Fondo de Aportaciones para la Educaci\u00f3n B\u00e1sica y Normal, constituido con recursos que la Federaci\u00f3n transfiere a las haciendas p\u00fablicas de los estados, Ciudad de M\u00e9xico, y en su caso de los municipios.<\/p>\n<p>Mientras que el FONE es el Fondo de Aportaciones para la N\u00f3mina Educativa y el Gasto Operativo, instrumento de la pol\u00edtica p\u00fablica federal para el financiamiento de la educaci\u00f3n b\u00e1sica manejado por la Secretar\u00eda de Educaci\u00f3n P\u00fablica (SEP) y la Secretar\u00eda de Hacienda P\u00fablica (SHCP) desde 2015.<\/p>\n<p>&nbsp;<\/p>\n<div id=\"attachment_46998\" style=\"width: 545px\" class=\"wp-caption aligncenter\"><a href=\"https:\/\/www.uv.mx\/prensa\/files\/2018\/05\/050518-FILU-Libro-Jose-Raul-Trujillo.jpg\"><img loading=\"lazy\" decoding=\"async\" aria-describedby=\"caption-attachment-46998\" class=\"size-full wp-image-46998\" src=\"https:\/\/www.uv.mx\/prensa\/files\/2018\/05\/050518-FILU-Libro-Jose-Raul-Trujillo.jpg\" alt=\"\" width=\"535\" height=\"722\" srcset=\"https:\/\/www.uv.mx\/prensa\/files\/2018\/05\/050518-FILU-Libro-Jose-Raul-Trujillo.jpg 535w, https:\/\/www.uv.mx\/prensa\/files\/2018\/05\/050518-FILU-Libro-Jose-Raul-Trujillo-222x300.jpg 222w\" sizes=\"auto, (max-width: 535px) 100vw, 535px\" \/><\/a><p id=\"caption-attachment-46998\" class=\"wp-caption-text\">La serie recibi\u00f3 el Premio Nacional de Finanzas P\u00fablicas 2017<\/p><\/div>\n","protected":false},"excerpt":{"rendered":"<p>Jos\u00e9 Ra\u00fal Trujillo, director general de Recursos Humanos de la UV, present\u00f3 la Trilog\u00eda <em>El FAEB-FONE 2008-2017<\/em>, en el marco de la Feria Internacional del Libro Universitario<\/p>\n","protected":false},"author":1508,"featured_media":46997,"comment_status":"closed","ping_status":"closed","sticky":false,"template":"","format":"standard","meta":{"footnotes":""},"categories":[11,5128],"tags":[],"class_list":["post-46996","post","type-post","status-publish","format-standard","has-post-thumbnail","hentry","category-cultura","category-filu"],"_links":{"self":[{"href":"https:\/\/www.uv.mx\/prensa\/wp-json\/wp\/v2\/posts\/46996","targetHints":{"allow":["GET"]}}],"collection":[{"href":"https:\/\/www.uv.mx\/prensa\/wp-json\/wp\/v2\/posts"}],"about":[{"href":"https:\/\/www.uv.mx\/prensa\/wp-json\/wp\/v2\/types\/post"}],"author":[{"embeddable":true,"href":"https:\/\/www.uv.mx\/prensa\/wp-json\/wp\/v2\/users\/1508"}],"replies":[{"embeddable":true,"href":"https:\/\/www.uv.mx\/prensa\/wp-json\/wp\/v2\/comments?post=46996"}],"version-history":[{"count":1,"href":"https:\/\/www.uv.mx\/prensa\/wp-json\/wp\/v2\/posts\/46996\/revisions"}],"predecessor-version":[{"id":104634,"href":"https:\/\/www.uv.mx\/prensa\/wp-json\/wp\/v2\/posts\/46996\/revisions\/104634"}],"wp:featuredmedia":[{"embeddable":true,"href":"https:\/\/www.uv.mx\/prensa\/wp-json\/wp\/v2\/media\/46997"}],"wp:attachment":[{"href":"https:\/\/www.uv.mx\/prensa\/wp-json\/wp\/v2\/media?parent=46996"}],"wp:term":[{"taxonomy":"category","embeddable":true,"href":"https:\/\/www.uv.mx\/prensa\/wp-json\/wp\/v2\/categories?post=46996"},{"taxonomy":"post_tag","embeddable":true,"href":"https:\/\/www.uv.mx\/prensa\/wp-json\/wp\/v2\/tags?post=46996"}],"curies":[{"name":"wp","href":"https:\/\/api.w.org\/{rel}","templated":true}]}}