{"id":46987,"date":"2018-05-11T09:00:32","date_gmt":"2018-05-11T14:00:32","guid":{"rendered":"https:\/\/www.uv.mx\/prensa\/?p=46987"},"modified":"2018-05-11T11:22:32","modified_gmt":"2018-05-11T16:22:32","slug":"odontologia-rio-blanco-inauguro-clinica-de-simulacion","status":"publish","type":"post","link":"https:\/\/www.uv.mx\/prensa\/regiones\/orizaba\/odontologia-rio-blanco-inauguro-clinica-de-simulacion\/","title":{"rendered":"Odontolog\u00eda-R\u00edo Blanco inaugur\u00f3 cl\u00ednica de simulaci\u00f3n"},"content":{"rendered":"<ul>\n<li><i>La Rectora reconoci\u00f3 el avance que ha tenido la Facultad y agradeci\u00f3 el compromiso y trabajo de cada uno de los integrantes de esta comunidad<\/i><\/li>\n<\/ul>\n<p>&nbsp;<\/p>\n<div id=\"attachment_46989\" style=\"width: 732px\" class=\"wp-caption aligncenter\"><a href=\"https:\/\/www.uv.mx\/prensa\/files\/2018\/05\/090518-Odontologia-Rio-Blanco-1.jpg\"><img loading=\"lazy\" decoding=\"async\" aria-describedby=\"caption-attachment-46989\" class=\"wp-image-46989 size-full\" src=\"https:\/\/www.uv.mx\/prensa\/files\/2018\/05\/090518-Odontologia-Rio-Blanco-1.jpg\" alt=\"\" width=\"722\" height=\"481\" srcset=\"https:\/\/www.uv.mx\/prensa\/files\/2018\/05\/090518-Odontologia-Rio-Blanco-1.jpg 722w, https:\/\/www.uv.mx\/prensa\/files\/2018\/05\/090518-Odontologia-Rio-Blanco-1-300x200.jpg 300w\" sizes=\"auto, (max-width: 722px) 100vw, 722px\" \/><\/a><p id=\"caption-attachment-46989\" class=\"wp-caption-text\">La rectora Sara Ladr\u00f3n de Guevara inaugur\u00f3 las instalaciones<\/p><\/div>\n<p>&nbsp;<\/p>\n<p><b><i>Eduardo Ca\u00f1edo Lom\u00e1n<\/i><\/b><\/p>\n<p><b><i>11\/05\/18, R\u00edo Blanco, Ver.- <\/i><\/b>La <a href=\"https:\/\/www.uv.mx\/orizaba\/odontologia\/\" target=\"_blank\" rel=\"noopener\">Facultad de Odontolog\u00eda<\/a> de la Universidad Veracruzana (UV) inaugur\u00f3 la cl\u00ednica de simulaci\u00f3n y el laboratorio de investigaci\u00f3n para trabajos de licenciatura, as\u00ed como la rehabilitaci\u00f3n de la cl\u00ednica de odontopediatr\u00eda, en evento celebrado el martes 8 de mayo.<\/p>\n<p>Joaqu\u00edn Romero Ricavar, director de la Facultad, realiz\u00f3 un recorrido acompa\u00f1ado de autoridades universitarias encabezadas por la rectora Sara Ladr\u00f3n de Guevara. Dijo que las nuevas instalaciones de la cl\u00ednica de simulaci\u00f3n permitir\u00e1n a los estudiantes practicar todo lo visto en el aula a trav\u00e9s de maniqu\u00eds de \u00faltima tecnolog\u00eda que emulan las diversas situaciones cl\u00ednicas a las que todo odont\u00f3logo debe enfrentarse en el \u00e1mbito laboral.<\/p>\n<p>&nbsp;<\/p>\n<div id=\"attachment_46991\" style=\"width: 732px\" class=\"wp-caption aligncenter\"><a href=\"https:\/\/www.uv.mx\/prensa\/files\/2018\/05\/090518-Odontologia-Rio-Blanco-3.jpg\"><img loading=\"lazy\" decoding=\"async\" aria-describedby=\"caption-attachment-46991\" class=\"size-full wp-image-46991\" src=\"https:\/\/www.uv.mx\/prensa\/files\/2018\/05\/090518-Odontologia-Rio-Blanco-3.jpg\" alt=\"\" width=\"722\" height=\"481\" srcset=\"https:\/\/www.uv.mx\/prensa\/files\/2018\/05\/090518-Odontologia-Rio-Blanco-3.jpg 722w, https:\/\/www.uv.mx\/prensa\/files\/2018\/05\/090518-Odontologia-Rio-Blanco-3-300x200.jpg 300w\" sizes=\"auto, (max-width: 722px) 100vw, 722px\" \/><\/a><p id=\"caption-attachment-46991\" class=\"wp-caption-text\">La rectora Sara Ladr\u00f3n de Guevara reconoci\u00f3 el trabajo y los avances que han tenido como comunidad<\/p><\/div>\n<p>&nbsp;<\/p>\n<p>Entre los procedimientos que los alumnos pueden poner en pr\u00e1ctica a trav\u00e9s de las nuevas herramientas destacan: aislamiento de piezas dentales; sellado de fisuras; aplicaci\u00f3n de anestesia, resinas, amalgamas y pr\u00f3tesis; intervenciones quir\u00fargicas; ortodoncia y endodoncia; toma de radiograf\u00edas dentales, entre otras.<\/p>\n<p>De igual manera se rehabilit\u00f3 la cl\u00ednica de odontopediatr\u00eda que garantiza una mejor atenci\u00f3n y comodidad para ni\u00f1os, lo cual disminuye el miedo que suelen tener en sus visitas al dentista y coadyuva en la cultura del cuidado de la salud desde los primeros a\u00f1os.<\/p>\n<p>&nbsp;<\/p>\n<div id=\"attachment_46992\" style=\"width: 732px\" class=\"wp-caption aligncenter\"><a href=\"https:\/\/www.uv.mx\/prensa\/files\/2018\/05\/090518-Odontologia-Rio-Blanco-4.jpg\"><img loading=\"lazy\" decoding=\"async\" aria-describedby=\"caption-attachment-46992\" class=\"size-full wp-image-46992\" src=\"https:\/\/www.uv.mx\/prensa\/files\/2018\/05\/090518-Odontologia-Rio-Blanco-4.jpg\" alt=\"\" width=\"722\" height=\"481\" srcset=\"https:\/\/www.uv.mx\/prensa\/files\/2018\/05\/090518-Odontologia-Rio-Blanco-4.jpg 722w, https:\/\/www.uv.mx\/prensa\/files\/2018\/05\/090518-Odontologia-Rio-Blanco-4-300x200.jpg 300w\" sizes=\"auto, (max-width: 722px) 100vw, 722px\" \/><\/a><p id=\"caption-attachment-46992\" class=\"wp-caption-text\">Joaqu\u00edn Romero Ricavar, director de la Facultad<\/p><\/div>\n<p>&nbsp;<\/p>\n<p>Por su parte, la Rectora reconoci\u00f3 el avance que ha tenido la Facultad de Odontolog\u00eda y agradeci\u00f3 el compromiso y trabajo de cada uno de los integrantes de esta comunidad para alcanzar estas metas: \u201cLa formaci\u00f3n integral de nuestros estudiantes significa no s\u00f3lo la adquisici\u00f3n de conocimientos, tambi\u00e9n la aplicaci\u00f3n de los mismos. Hoy celebro el trabajo de investigaci\u00f3n que se desarrolla en esta entidad, celebro tambi\u00e9n que a partir de hoy cuenten con m\u00e1s espacios dignos que pueden ser aprovechados por nuestros estudiantes. Todo esto contribuy\u00f3 a lograr la acreditaci\u00f3n del programa y conlleva tambi\u00e9n un enorme compromiso\u201d.<\/p>\n<p>&nbsp;<\/p>\n<div id=\"attachment_46993\" style=\"width: 732px\" class=\"wp-caption aligncenter\"><a href=\"https:\/\/www.uv.mx\/prensa\/files\/2018\/05\/090518-Odontologia-Rio-Blanco-2.jpg\"><img loading=\"lazy\" decoding=\"async\" aria-describedby=\"caption-attachment-46993\" class=\"size-full wp-image-46993\" src=\"https:\/\/www.uv.mx\/prensa\/files\/2018\/05\/090518-Odontologia-Rio-Blanco-2.jpg\" alt=\"\" width=\"722\" height=\"481\" srcset=\"https:\/\/www.uv.mx\/prensa\/files\/2018\/05\/090518-Odontologia-Rio-Blanco-2.jpg 722w, https:\/\/www.uv.mx\/prensa\/files\/2018\/05\/090518-Odontologia-Rio-Blanco-2-300x200.jpg 300w\" sizes=\"auto, (max-width: 722px) 100vw, 722px\" \/><\/a><p id=\"caption-attachment-46993\" class=\"wp-caption-text\">Autoridades y estudiantes en la cl\u00ednica de odontopediatr\u00eda<\/p><\/div>\n<p>&nbsp;<\/p>\n<p>Durante el recorrido por las instalaciones se inaugur\u00f3 tambi\u00e9n el laboratorio de investigaci\u00f3n para trabajos de licenciatura, en el cual se realizar\u00e1n proyectos para biomateriales dentales a trav\u00e9s de un cuarto de cultivo celular que pruebe dichos materiales sobre c\u00e9lulas, recreando de esta forma condiciones naturales.<\/p>\n<p>Al finalizar el recorrido, el vicerrector de la regi\u00f3n Orizaba-C\u00f3rdoba, Jos\u00e9 Eduardo Mart\u00ednez Canales, se sum\u00f3 al reconocimiento para la comunidad de la Facultad: \u201cSon notorios los avances que han tenido y todo se debe al trabajo de cada uno de ustedes, son motivo de orgullo para la regi\u00f3n\u201d.<\/p>\n<p>&nbsp;<\/p>\n<div id=\"attachment_46990\" style=\"width: 732px\" class=\"wp-caption aligncenter\"><a href=\"https:\/\/www.uv.mx\/prensa\/files\/2018\/05\/090518-Odontologia-Rio-Blanco-5.jpg\"><img loading=\"lazy\" decoding=\"async\" aria-describedby=\"caption-attachment-46990\" class=\"size-full wp-image-46990\" src=\"https:\/\/www.uv.mx\/prensa\/files\/2018\/05\/090518-Odontologia-Rio-Blanco-5.jpg\" alt=\"\" width=\"722\" height=\"481\" srcset=\"https:\/\/www.uv.mx\/prensa\/files\/2018\/05\/090518-Odontologia-Rio-Blanco-5.jpg 722w, https:\/\/www.uv.mx\/prensa\/files\/2018\/05\/090518-Odontologia-Rio-Blanco-5-300x200.jpg 300w\" sizes=\"auto, (max-width: 722px) 100vw, 722px\" \/><\/a><p id=\"caption-attachment-46990\" class=\"wp-caption-text\">La cl\u00ednica de simulaci\u00f3n cuenta con siete equipos y capacidad de atenci\u00f3n para 14 estudiantes<\/p><\/div>\n","protected":false},"excerpt":{"rendered":"<p>Tambi\u00e9n se abri\u00f3 el laboratorio de investigaci\u00f3n para trabajos de licenciatura y se rehabilit\u00f3 la cl\u00ednica de odontopediatr\u00eda<\/p>\n","protected":false},"author":1508,"featured_media":46994,"comment_status":"closed","ping_status":"closed","sticky":false,"template":"","format":"standard","meta":{"footnotes":""},"categories":[53,61],"tags":[],"class_list":["post-46987","post","type-post","status-publish","format-standard","has-post-thumbnail","hentry","category-orizaba","category-banner"],"_links":{"self":[{"href":"https:\/\/www.uv.mx\/prensa\/wp-json\/wp\/v2\/posts\/46987","targetHints":{"allow":["GET"]}}],"collection":[{"href":"https:\/\/www.uv.mx\/prensa\/wp-json\/wp\/v2\/posts"}],"about":[{"href":"https:\/\/www.uv.mx\/prensa\/wp-json\/wp\/v2\/types\/post"}],"author":[{"embeddable":true,"href":"https:\/\/www.uv.mx\/prensa\/wp-json\/wp\/v2\/users\/1508"}],"replies":[{"embeddable":true,"href":"https:\/\/www.uv.mx\/prensa\/wp-json\/wp\/v2\/comments?post=46987"}],"version-history":[{"count":0,"href":"https:\/\/www.uv.mx\/prensa\/wp-json\/wp\/v2\/posts\/46987\/revisions"}],"wp:featuredmedia":[{"embeddable":true,"href":"https:\/\/www.uv.mx\/prensa\/wp-json\/wp\/v2\/media\/46994"}],"wp:attachment":[{"href":"https:\/\/www.uv.mx\/prensa\/wp-json\/wp\/v2\/media?parent=46987"}],"wp:term":[{"taxonomy":"category","embeddable":true,"href":"https:\/\/www.uv.mx\/prensa\/wp-json\/wp\/v2\/categories?post=46987"},{"taxonomy":"post_tag","embeddable":true,"href":"https:\/\/www.uv.mx\/prensa\/wp-json\/wp\/v2\/tags?post=46987"}],"curies":[{"name":"wp","href":"https:\/\/api.w.org\/{rel}","templated":true}]}}