{"id":46983,"date":"2018-05-09T20:08:03","date_gmt":"2018-05-10T01:08:03","guid":{"rendered":"https:\/\/www.uv.mx\/prensa\/?p=46983"},"modified":"2018-05-14T13:52:47","modified_gmt":"2018-05-14T18:52:47","slug":"ingenieria-realizo-foro-de-innovacion-tecnologica-del-cemento-y-del-concreto","status":"publish","type":"post","link":"https:\/\/www.uv.mx\/prensa\/regiones\/coatzacoalcos\/ingenieria-realizo-foro-de-innovacion-tecnologica-del-cemento-y-del-concreto\/","title":{"rendered":"Ingenier\u00eda realiz\u00f3 Foro de Innovaci\u00f3n Tecnol\u00f3gica del Cemento y del Concreto"},"content":{"rendered":"<div id=\"attachment_46984\" style=\"width: 732px\" class=\"wp-caption aligncenter\"><a href=\"https:\/\/www.uv.mx\/prensa\/files\/2018\/05\/090518-COATZA-FORO-INGENIERIa-1.jpg\"><img loading=\"lazy\" decoding=\"async\" aria-describedby=\"caption-attachment-46984\" class=\"size-full wp-image-46984\" src=\"https:\/\/www.uv.mx\/prensa\/files\/2018\/05\/090518-COATZA-FORO-INGENIERIa-1.jpg\" alt=\"\" width=\"722\" height=\"481\" srcset=\"https:\/\/www.uv.mx\/prensa\/files\/2018\/05\/090518-COATZA-FORO-INGENIERIa-1.jpg 722w, https:\/\/www.uv.mx\/prensa\/files\/2018\/05\/090518-COATZA-FORO-INGENIERIa-1-300x200.jpg 300w\" sizes=\"auto, (max-width: 722px) 100vw, 722px\" \/><\/a><p id=\"caption-attachment-46984\" class=\"wp-caption-text\">Los participantes en el pres\u00eddium<\/p><\/div>\n<p>&nbsp;<\/p>\n<p><b><i>Cecilia Escribano Reyes<\/i><\/b><\/p>\n<p><b><i>09\/05\/18, Coatzacoalcos, Ver.- <\/i><\/b>La <a href=\"https:\/\/www.uv.mx\/coatza\/ingenieria\/\" target=\"_blank\" rel=\"noopener\">Facultad de Ingenier\u00eda<\/a> de la Universidad Veracruzana (UV) realiz\u00f3 el 1er. Foro de Innovaci\u00f3n Tecnol\u00f3gica del Cemento y del Concreto, el 27 de abril, donde especialistas impartieron conferencias y se instaur\u00f3 la Primera Mesa Directiva del Cap\u00edtulo Estudiantil American Concrete Institute.<\/p>\n<p>Las conferencias que se impartieron en el Sal\u00f3n de Usos M\u00faltiples de Ingenier\u00eda fueron: \u201cLos avances tecnol\u00f3gicos impulsados en el Centro de Innovaci\u00f3n Tecnol\u00f3gico para la Construcci\u00f3n (<i>CiTec<\/i>) de Holcim\u201d, a cargo de Armando Marines Mu\u00f1oz, representante de dicha empresa constructora; \u201cEfecto s\u00edsmico en estructuras de concreto y posibles soluciones\u201d, por \u00c1ngel Ponce C\u00f3rdova, de la empresa Civilis Ingenium; \u201cInnovaciones tecnol\u00f3gicas en concreto\u201d, de Jorge J. Mart\u00ednez Ch\u00e1vez, presidente secci\u00f3n Centro y Sur de la American Concrete Institute.<\/p>\n<p>Adem\u00e1s H\u00e9ctor Iv\u00e1n Morales Huerta, de Element5 Qu\u00edmica Aplicada, imparti\u00f3 el Curso-Taller \u201cAditivos qu\u00edmicos para concreto\u201d.<\/p>\n<p>En el evento se dieron cita: Florentino Cruz Mart\u00ednez, secretario Acad\u00e9mico regional; Hugo Noble P\u00e9rez, director de la Facultad de Ingenier\u00eda; Felipe Mendoza Gonz\u00e1lez, catedr\u00e1tico; Antonino Mendoza P\u00e9rez, estudiante de Ingenier\u00eda Civil, as\u00ed como empleadores de la regi\u00f3n.<\/p>\n<p>En la inauguraci\u00f3n, Florentino Cruz destac\u00f3 la iniciativa de los estudiantes por constituir un Cap\u00edtulo en la regi\u00f3n Coatzacoalcos: \u201cReconozco el esfuerzo de los estudiantes y acad\u00e9micos por trabajar en la Mesa Directiva del Cap\u00edtulo Estudiantil, espero que este foro tenga muchas ediciones m\u00e1s y los participantes se enriquezcan con la experiencia y conocimientos de los expertos de este sector\u201d.<\/p>\n<p>Enfatiz\u00f3 que la UV debe construir puentes entre la academia y la industria \u201cpara que los futuros ingenieros tengan los conocimientos pr\u00e1cticos que se requieren en la actualidad\u201d.<\/p>\n<p>Por su parte, Jorge J. Mart\u00ednez tom\u00f3 la protesta a la Mesa Directiva integrada por nueve universitarios de la Facultad, quienes se comprometieron a fortalecer el gremio de la ingenier\u00eda civil, tener excelencia nacional y obtener el reconocimiento de American Concrete Institute de Estados Unidos.<\/p>\n<p>Asimismo, entreg\u00f3 reconocimientos a catedr\u00e1ticos por su trayectoria docente: Francisco de Jes\u00fas Trejo Molina, Jorge Miguel Becerra Lechuga, Leopoldo Astudillo Salgado, An\u00edbal S\u00e1nchez Cabrera, Salvador Navarrete Gonz\u00e1lez y Manuel Dekar Vidal Cruz.<\/p>\n<p>En tanto, Hugo Noble se\u00f1al\u00f3 que todos los estudiantes de la Facultad deben participar y apropiarse del Cap\u00edtulo, \u201ceso nos permite ir a congresos y comparar aprendizajes; recuerden que nosotros somos el futuro de las construcci\u00f3n y del dise\u00f1o, no se puede concebir una universidad sin vinculaci\u00f3n, es necesaria la participaci\u00f3n de los acad\u00e9micos y estudiantes en la industria, en la empresa, tenemos un marco internacional donde debemos ser competitivos\u201d.<\/p>\n<p>&nbsp;<\/p>\n<div id=\"attachment_46985\" style=\"width: 732px\" class=\"wp-caption aligncenter\"><a href=\"https:\/\/www.uv.mx\/prensa\/files\/2018\/05\/090518-COATZA-FORO-INGENIERIa-2.jpg\"><img loading=\"lazy\" decoding=\"async\" aria-describedby=\"caption-attachment-46985\" class=\"size-full wp-image-46985\" src=\"https:\/\/www.uv.mx\/prensa\/files\/2018\/05\/090518-COATZA-FORO-INGENIERIa-2.jpg\" alt=\"\" width=\"722\" height=\"481\" srcset=\"https:\/\/www.uv.mx\/prensa\/files\/2018\/05\/090518-COATZA-FORO-INGENIERIa-2.jpg 722w, https:\/\/www.uv.mx\/prensa\/files\/2018\/05\/090518-COATZA-FORO-INGENIERIa-2-300x200.jpg 300w\" sizes=\"auto, (max-width: 722px) 100vw, 722px\" \/><\/a><p id=\"caption-attachment-46985\" class=\"wp-caption-text\">Toma de protesta a la Primera Mesa Directiva del Cap\u00edtulo Estudiantil American Concrete Institute<\/p><\/div>\n","protected":false},"excerpt":{"rendered":"<p>La UV debe construir puentes entre la academia y la industria \u201cpara que los futuros ingenieros tengan los conocimientos pr\u00e1cticos que se requieren en la actualidad\u201d: Florentino Cruz, secretario Acad\u00e9mico de la regi\u00f3n Coatzacoalcos<\/p>\n","protected":false},"author":1508,"featured_media":46984,"comment_status":"closed","ping_status":"closed","sticky":false,"template":"","format":"standard","meta":{"footnotes":""},"categories":[52],"tags":[],"class_list":["post-46983","post","type-post","status-publish","format-standard","has-post-thumbnail","hentry","category-coatzacoalcos"],"_links":{"self":[{"href":"https:\/\/www.uv.mx\/prensa\/wp-json\/wp\/v2\/posts\/46983","targetHints":{"allow":["GET"]}}],"collection":[{"href":"https:\/\/www.uv.mx\/prensa\/wp-json\/wp\/v2\/posts"}],"about":[{"href":"https:\/\/www.uv.mx\/prensa\/wp-json\/wp\/v2\/types\/post"}],"author":[{"embeddable":true,"href":"https:\/\/www.uv.mx\/prensa\/wp-json\/wp\/v2\/users\/1508"}],"replies":[{"embeddable":true,"href":"https:\/\/www.uv.mx\/prensa\/wp-json\/wp\/v2\/comments?post=46983"}],"version-history":[{"count":0,"href":"https:\/\/www.uv.mx\/prensa\/wp-json\/wp\/v2\/posts\/46983\/revisions"}],"wp:featuredmedia":[{"embeddable":true,"href":"https:\/\/www.uv.mx\/prensa\/wp-json\/wp\/v2\/media\/46984"}],"wp:attachment":[{"href":"https:\/\/www.uv.mx\/prensa\/wp-json\/wp\/v2\/media?parent=46983"}],"wp:term":[{"taxonomy":"category","embeddable":true,"href":"https:\/\/www.uv.mx\/prensa\/wp-json\/wp\/v2\/categories?post=46983"},{"taxonomy":"post_tag","embeddable":true,"href":"https:\/\/www.uv.mx\/prensa\/wp-json\/wp\/v2\/tags?post=46983"}],"curies":[{"name":"wp","href":"https:\/\/api.w.org\/{rel}","templated":true}]}}