{"id":46952,"date":"2018-05-09T15:20:42","date_gmt":"2018-05-09T20:20:42","guid":{"rendered":"https:\/\/www.uv.mx\/prensa\/?p=46952"},"modified":"2018-05-09T15:20:42","modified_gmt":"2018-05-09T20:20:42","slug":"uv-alojara-jornadas-del-conricyt","status":"publish","type":"post","link":"https:\/\/www.uv.mx\/prensa\/eventos\/uv-alojara-jornadas-del-conricyt\/","title":{"rendered":"UV alojar\u00e1 jornadas del Conricyt"},"content":{"rendered":"<ul>\n<li><em>Del 29 al 31 de mayo en las USBI de Xalapa y Veracruz, dirigidas a investigadores, acad\u00e9micos, estudiantes de posgrado y a la comunidad universitaria de todas las regiones<\/em><\/li>\n<li><em>El cupo es limitado y la inscripci\u00f3n en l\u00ednea estar\u00e1 disponible hasta el 22 de mayo<\/em><\/li>\n<\/ul>\n<p>&nbsp;<\/p>\n<div id=\"attachment_46956\" style=\"width: 732px\" class=\"wp-caption aligncenter\"><a href=\"https:\/\/www.uv.mx\/prensa\/files\/2018\/05\/090518-PRINCIPALES-CONRICyT.jpg\"><img loading=\"lazy\" decoding=\"async\" aria-describedby=\"caption-attachment-46956\" class=\"size-full wp-image-46956\" src=\"https:\/\/www.uv.mx\/prensa\/files\/2018\/05\/090518-PRINCIPALES-CONRICyT.jpg\" alt=\"\" width=\"722\" height=\"482\" srcset=\"https:\/\/www.uv.mx\/prensa\/files\/2018\/05\/090518-PRINCIPALES-CONRICyT.jpg 722w, https:\/\/www.uv.mx\/prensa\/files\/2018\/05\/090518-PRINCIPALES-CONRICyT-300x200.jpg 300w\" sizes=\"auto, (max-width: 722px) 100vw, 722px\" \/><\/a><p id=\"caption-attachment-46956\" class=\"wp-caption-text\">Ana Mar\u00eda Salazar, directora general de Bibliotecas<\/p><\/div>\n<p>&nbsp;<\/p>\n<p><strong><em>Claudia Peralta V<\/em><\/strong><strong><em>\u00e1zquez<\/em><\/strong><\/p>\n<p><strong><em>0<\/em><\/strong><strong><em>9<\/em><\/strong><strong><em>\/05\/18, Xalapa, Ver.<\/em><\/strong>&#8211; La Universidad Veracruzana (UV) ser\u00e1 sede de las Jornadas de Capacitaci\u00f3n del Consorcio Nacional de Recursos de Informaci\u00f3n Cient\u00edfica y Tecnol\u00f3gica (<em>Conricyt<\/em>), del 29 al 31 de mayo, en las Unidades de Servicios Bibliotecarios y de Informaci\u00f3n (USBI) de las regiones de Xalapa y Veracruz.<\/p>\n<p>Ana Mar\u00eda Salazar V\u00e1zquez, titular de la Direcci\u00f3n General de Bibliotecas (DGB) de la UV, dio a conocer que este curso est\u00e1 dirigido a investigadores, acad\u00e9micos, estudiantes de posgrado y a la comunidad universitaria en general, particularmente a aquellos que se encuentren cursando Experiencia Recepcional.<\/p>\n<p>As\u00ed como a los interesados en fortalecer el uso y consumo de informaci\u00f3n que incide en la producci\u00f3n cient\u00edfica y tecnol\u00f3gica de calidad en nuestro pa\u00eds.<\/p>\n<p>La funcionaria destac\u00f3 que el cupo es limitado, por lo que los interesados pueden inscribirse preferentemente hasta el 22 de mayo, a trav\u00e9s de la p\u00e1gina web: <a href=\"http:\/\/jornadascapacitacion.conricyt.mx\" target=\"_blank\" rel=\"noopener\">http:\/\/jornadascapacitacion.conricyt.mx<\/a>.<\/p>\n<p>Precis\u00f3 que una parte de la capacitaci\u00f3n estar\u00e1 enfocada en autores e investigadores y abarcar\u00e1 las \u00c1reas Acad\u00e9micas de: Ciencias de la Salud, T\u00e9cnica, Humanidades y Econ\u00f3mico-Administrativas; as\u00ed como los campos de: Medicina y Ciencias de la Salud, Ciencias Sociales y Ciencias de la Conducta y F\u00edsico-Matem\u00e1ticas y Contadur\u00eda.<\/p>\n<p>El 29 de mayo, de 9:00 a 14.00 horas, tendr\u00e1 lugar el Taller para Autores e Investigadores en los campos de medicina y ciencias de la salud, en Veracruz; y f\u00edsico-matem\u00e1ticas e ingenier\u00eda, en Xalapa.<\/p>\n<p>La misma actividad se realizar\u00e1 el 30 de mayo, a la misma hora, en el \u00e1rea de medicina y ciencias de la salud, en la USBI Xalapa; y al siguiente d\u00eda, en el mismo lugar, para los del \u00e1rea de ciencias sociales, humanidades y ciencias de la conducta.<\/p>\n<p>En esta capacitaci\u00f3n aprender\u00e1n sobre \u201cla informaci\u00f3n y uso de las bases de datos del <em>Conricyt<\/em>, mismas que son gratuitas, con la finalidad de transmitirlas a los estudiantes y puedan integrarse a las nuevas tecnolog\u00edas\u201d, destac\u00f3 la titular de la DGB.<\/p>\n<p>Se\u00f1al\u00f3 que estas herramientas ser\u00e1n de gran utilidad para profesores y estudiantes de posgrado que cursen Experiencia Recepcional, o bien realicen tesis de grado; tambi\u00e9n para acercarse al uso de bases de antiplagio como Turnitin.<\/p>\n<p>El objetivo final es optimizar el uso de las bases de datos que forman parte del repertorio de recursos de dicho consorcio.<\/p>\n<p>&nbsp;<\/p>\n<p>Taller en la USBI-Veracruz<\/p>\n<p>A la par, tambi\u00e9n se desarrollar\u00e1 un taller de formaci\u00f3n para formadores, el 29 de mayo, de 9:00 a 14:00 horas, en el aula electr\u00f3nica de la USBI-Veracruz.<\/p>\n<p>La finalidad es actualizar al personal en el servicio de referencia digital, con base en los recursos del <em>Conricyt<\/em>, donde los usuarios emplean computadoras u otra tecnolog\u00eda de Internet para comunicarse con \u00e9ste sin estar f\u00edsicamente presentes, como en los acervos digitales que demandan los usuarios.<\/p>\n<p>Es importante precisar que el cupo para cada \u00e1rea ser\u00e1 de 100 personas, quienes como requisito fundamental deber\u00e1n portar laptop o tableta.<\/p>\n<p>Cada sesi\u00f3n ser\u00e1 transmitida a las regiones por streaming a trav\u00e9s de los siguientes canales: <a href=\"https:\/\/www.uv.mx\/video\/canalveracruz\" target=\"_blank\" rel=\"noopener\">https:\/\/www.uv.mx\/video\/canalveracruz<\/a> y <a href=\"https:\/\/www.uv.mx\/video\/canalxalapa\" target=\"_blank\" rel=\"noopener\">https:\/\/www.uv.mx\/video\/canalxalapa<\/a><\/p>\n<p>Cabe se\u00f1alar que como miembro del <em>Conricyt<\/em>, la UV se ha beneficiado desde a\u00f1os atr\u00e1s del acceso a decenas de bases de datos bibliogr\u00e1ficas y a texto completo, que se traduce en el acceso gratuito a 36 fuentes de informaci\u00f3n producidas por 22 proveedores de contenidos, recursos a los que se agregan tres herramientas aplicables a la detecci\u00f3n de plagio y un gestor bibliogr\u00e1fico.<\/p>\n<p>&nbsp;<\/p>\n","protected":false},"excerpt":{"rendered":"<p>Las Jornadas de Capacitaci\u00f3n del Consorcio Nacional de Recursos de Informaci\u00f3n Cient\u00edfica y Tecnol\u00f3gica se desarrollar\u00e1n del 29 al 31 de mayo en ls regiones Xalapa y Veracruz<\/p>\n","protected":false},"author":1869,"featured_media":46954,"comment_status":"closed","ping_status":"closed","sticky":false,"template":"","format":"standard","meta":{"footnotes":""},"categories":[47],"tags":[],"class_list":["post-46952","post","type-post","status-publish","format-standard","has-post-thumbnail","hentry","category-eventos"],"_links":{"self":[{"href":"https:\/\/www.uv.mx\/prensa\/wp-json\/wp\/v2\/posts\/46952","targetHints":{"allow":["GET"]}}],"collection":[{"href":"https:\/\/www.uv.mx\/prensa\/wp-json\/wp\/v2\/posts"}],"about":[{"href":"https:\/\/www.uv.mx\/prensa\/wp-json\/wp\/v2\/types\/post"}],"author":[{"embeddable":true,"href":"https:\/\/www.uv.mx\/prensa\/wp-json\/wp\/v2\/users\/1869"}],"replies":[{"embeddable":true,"href":"https:\/\/www.uv.mx\/prensa\/wp-json\/wp\/v2\/comments?post=46952"}],"version-history":[{"count":0,"href":"https:\/\/www.uv.mx\/prensa\/wp-json\/wp\/v2\/posts\/46952\/revisions"}],"wp:featuredmedia":[{"embeddable":true,"href":"https:\/\/www.uv.mx\/prensa\/wp-json\/wp\/v2\/media\/46954"}],"wp:attachment":[{"href":"https:\/\/www.uv.mx\/prensa\/wp-json\/wp\/v2\/media?parent=46952"}],"wp:term":[{"taxonomy":"category","embeddable":true,"href":"https:\/\/www.uv.mx\/prensa\/wp-json\/wp\/v2\/categories?post=46952"},{"taxonomy":"post_tag","embeddable":true,"href":"https:\/\/www.uv.mx\/prensa\/wp-json\/wp\/v2\/tags?post=46952"}],"curies":[{"name":"wp","href":"https:\/\/api.w.org\/{rel}","templated":true}]}}