{"id":46941,"date":"2018-05-09T14:59:56","date_gmt":"2018-05-09T19:59:56","guid":{"rendered":"https:\/\/www.uv.mx\/prensa\/?p=46941"},"modified":"2018-05-09T14:59:56","modified_gmt":"2018-05-09T19:59:56","slug":"uv-consiguio-bronce-en-lucha-grecorromana","status":"publish","type":"post","link":"https:\/\/www.uv.mx\/prensa\/deportes\/uv-consiguio-bronce-en-lucha-grecorromana\/","title":{"rendered":"UV consigui\u00f3 bronce en lucha grecorromana"},"content":{"rendered":"<ul>\n<li><i>En la Universiada Nacional Toluca 2018, Valent\u00edn Gilberto Cort\u00e9s gan\u00f3 la novena medalla para los <\/i>Halcones<\/li>\n<li><i>Con este logro, la UV lleg\u00f3 a nueve preseas y se ubica entre los 15 primeros lugares en el medallero<\/i><\/li>\n<\/ul>\n<p>&nbsp;<\/p>\n<div id=\"attachment_46943\" style=\"width: 732px\" class=\"wp-caption aligncenter\"><a href=\"https:\/\/www.uv.mx\/prensa\/files\/2018\/05\/080518-bronce-en-lucha.jpg\"><img loading=\"lazy\" decoding=\"async\" aria-describedby=\"caption-attachment-46943\" class=\"size-full wp-image-46943\" src=\"https:\/\/www.uv.mx\/prensa\/files\/2018\/05\/080518-bronce-en-lucha.jpg\" alt=\"\" width=\"722\" height=\"444\" srcset=\"https:\/\/www.uv.mx\/prensa\/files\/2018\/05\/080518-bronce-en-lucha.jpg 722w, https:\/\/www.uv.mx\/prensa\/files\/2018\/05\/080518-bronce-en-lucha-300x184.jpg 300w\" sizes=\"auto, (max-width: 722px) 100vw, 722px\" \/><\/a><p id=\"caption-attachment-46943\" class=\"wp-caption-text\">Valent\u00edn Gilberto Cort\u00e9s, medalla de bronce en lucha grecorromana<\/p><\/div>\n<p>&nbsp;<\/p>\n<p><b><i>Santiago Morales Ortiz<\/i><\/b><\/p>\n<p><b><i>09\/05\/18, Xalapa, Ver.-<\/i><\/b> La delegaci\u00f3n de <i>Halcones<\/i> de la Universidad Veracruzana (UV) logr\u00f3 su novena medalla dentro de la Universiada Nacional Toluca 2018, que este mi\u00e9rcoles 9 de mayo cerr\u00f3 las actividades con la salida de las instituciones participantes.<\/p>\n<p>Fue en la disciplina de lucha grecorromana donde Valent\u00edn Gilberto Cort\u00e9s Hern\u00e1ndez se colg\u00f3 la medalla de bronce, tras una gran demostraci\u00f3n en el gimnasio de la Universidad Aut\u00f3noma del Estado de M\u00e9xico (UAEM).<\/p>\n<p>Con este logro, la delegaci\u00f3n de <i>Halcones<\/i> de la UV lleg\u00f3 a nueve preseas para mantenerse entre los 15 primeros lugares en el medallero al conseguir cuatro medallas de oro, en las disciplinas de gimnasia aer\u00f3bica y judo; dos de plata, en judo y futbol femenil, y tres de bronce, en gimnasia aer\u00f3bica, judo y lucha grecorromana.<\/p>\n<p>Al cierre del evento, y en espera del conteo final, la Universidad Veracruzana se ubica en la posici\u00f3n 11 de la puntuaci\u00f3n general.<\/p>\n<p>La delegaci\u00f3n deportiva de la m\u00e1xima casa de estudios de Veracruz mantiene su nivel con relaci\u00f3n al a\u00f1o pasado en la Universiada Nacional Nuevo Le\u00f3n 2017, donde logr\u00f3 10 medallas: tres de oro, dos de plata y cinco de bronce, para ocupar la posici\u00f3n n\u00famero 17; en tanto, en la puntuaci\u00f3n general termin\u00f3 en el octavo lugar.<\/p>\n<p>&nbsp;<\/p>\n","protected":false},"excerpt":{"rendered":"<p>Tras una gran demostraci\u00f3n, Valent\u00edn Gilberto Cort\u00e9s Hern\u00e1ndez obtuvo la novena presea para la delegaci\u00f3n de <em>Halcones<\/em> en el certamen de Toluca 2018<\/p>\n","protected":false},"author":1508,"featured_media":46945,"comment_status":"closed","ping_status":"closed","sticky":false,"template":"","format":"standard","meta":{"footnotes":""},"categories":[12,61],"tags":[],"class_list":["post-46941","post","type-post","status-publish","format-standard","has-post-thumbnail","hentry","category-deportes","category-banner"],"_links":{"self":[{"href":"https:\/\/www.uv.mx\/prensa\/wp-json\/wp\/v2\/posts\/46941","targetHints":{"allow":["GET"]}}],"collection":[{"href":"https:\/\/www.uv.mx\/prensa\/wp-json\/wp\/v2\/posts"}],"about":[{"href":"https:\/\/www.uv.mx\/prensa\/wp-json\/wp\/v2\/types\/post"}],"author":[{"embeddable":true,"href":"https:\/\/www.uv.mx\/prensa\/wp-json\/wp\/v2\/users\/1508"}],"replies":[{"embeddable":true,"href":"https:\/\/www.uv.mx\/prensa\/wp-json\/wp\/v2\/comments?post=46941"}],"version-history":[{"count":0,"href":"https:\/\/www.uv.mx\/prensa\/wp-json\/wp\/v2\/posts\/46941\/revisions"}],"wp:featuredmedia":[{"embeddable":true,"href":"https:\/\/www.uv.mx\/prensa\/wp-json\/wp\/v2\/media\/46945"}],"wp:attachment":[{"href":"https:\/\/www.uv.mx\/prensa\/wp-json\/wp\/v2\/media?parent=46941"}],"wp:term":[{"taxonomy":"category","embeddable":true,"href":"https:\/\/www.uv.mx\/prensa\/wp-json\/wp\/v2\/categories?post=46941"},{"taxonomy":"post_tag","embeddable":true,"href":"https:\/\/www.uv.mx\/prensa\/wp-json\/wp\/v2\/tags?post=46941"}],"curies":[{"name":"wp","href":"https:\/\/api.w.org\/{rel}","templated":true}]}}