{"id":46933,"date":"2018-05-09T14:32:05","date_gmt":"2018-05-09T19:32:05","guid":{"rendered":"https:\/\/www.uv.mx\/prensa\/?p=46933"},"modified":"2018-05-09T14:33:21","modified_gmt":"2018-05-09T19:33:21","slug":"desigualdad-social-vulnera-derechos-fundamentales","status":"publish","type":"post","link":"https:\/\/www.uv.mx\/prensa\/general\/desigualdad-social-vulnera-derechos-fundamentales\/","title":{"rendered":"Desigualdad social vulnera derechos fundamentales"},"content":{"rendered":"<ul>\n<li><em>Profesionistas del derecho, la antropolog\u00eda y la pedagog\u00eda coincidieron en la necesaria reflexi\u00f3n acerca de la vida digna y la sociedad<\/em><\/li>\n<li><em>Ante la crisis conceptual en la que nos encontramos, debe redefinirse el concepto de desarrollo humano<\/em><\/li>\n<\/ul>\n<p><strong><em>\u00a0<\/em><\/strong><\/p>\n<div id=\"attachment_46934\" style=\"width: 732px\" class=\"wp-caption aligncenter\"><a href=\"https:\/\/www.uv.mx\/prensa\/files\/2018\/05\/080518-DAVID-mesa-de-critica-al-desarrollo-humano-cuarto-dia-de-las-humanidades.jpg\"><img loading=\"lazy\" decoding=\"async\" aria-describedby=\"caption-attachment-46934\" class=\"size-full wp-image-46934\" src=\"https:\/\/www.uv.mx\/prensa\/files\/2018\/05\/080518-DAVID-mesa-de-critica-al-desarrollo-humano-cuarto-dia-de-las-humanidades.jpg\" alt=\"\" width=\"722\" height=\"481\" srcset=\"https:\/\/www.uv.mx\/prensa\/files\/2018\/05\/080518-DAVID-mesa-de-critica-al-desarrollo-humano-cuarto-dia-de-las-humanidades.jpg 722w, https:\/\/www.uv.mx\/prensa\/files\/2018\/05\/080518-DAVID-mesa-de-critica-al-desarrollo-humano-cuarto-dia-de-las-humanidades-300x200.jpg 300w\" sizes=\"auto, (max-width: 722px) 100vw, 722px\" \/><\/a><p id=\"caption-attachment-46934\" class=\"wp-caption-text\">F\u00e9lix Aude, Mitzy L\u00f3pez, Pedro Alcocer y Yuribia Vel\u00e1zquez en la mesa cr\u00edtica sobre el desarrollo humano<\/p><\/div>\n<p><strong>\u00a0<\/strong><\/p>\n<p>&nbsp;<\/p>\n<p>&nbsp;<\/p>\n<p><strong><em>David Sandoval Rodr\u00edguez<\/em><\/strong><\/p>\n<p><strong><em>09\/05\/2018, Xalapa, Ver.-<\/em><\/strong> Para los participantes en la Mesa \u201cCr\u00edtica al desarrollo humano\u201d que se celebr\u00f3 como parte de las actividades del Cuarto D\u00eda de las Humanidades, esta definici\u00f3n debe replantearse ante la crisis conceptual en la que nos encontramos.<\/p>\n<p>En la conversaci\u00f3n que tuvieron con estudiantes en el Sal\u00f3n Azul de la Unidad de Humanidades, efectuada el martes 8 de mayo, los ponentes fueron moderados por F\u00e9lix Aude S\u00e1nchez, director de la Facultad de Filosof\u00eda.<\/p>\n<p>Yuribia Vel\u00e1zquez Galindo, investigadora del Instituto de Antropolog\u00eda (IA) de la Universidad Veracruzana (UV), present\u00f3 el trabajo \u201cUn acercamiento al desarrollo humano desde miradas \u2018otras\u2019 \u201d, donde expuso resultados de su experiencia conviviendo por tres a\u00f1os con los nahuas de la sierra norte de Puebla.<\/p>\n<p>Contrapuso el c\u00f3mo est\u00e1 articulada su organizaci\u00f3n social a la \u201cvisi\u00f3n del grupo que detenta la hegemon\u00eda mundial\u201d y que est\u00e1 plasmada en los postulados de la Organizaci\u00f3n de las Naciones Unidas (ONU).<\/p>\n<p>La visi\u00f3n del desarrollo a la que estamos acostumbrados tiene que ver con la riqueza, es decir, con los ingresos, a diferencia de la visi\u00f3n ind\u00edgena que privilegia el desarrollo de las capacidades y el concepto de comunidad.<\/p>\n<p>Pedro Alcocer Jim\u00e9nez, estudiante de la Facultad de Derecho, expuso una reflexi\u00f3n sobre el derecho m\u00ednimo vital, concepto que es considerado por el ordenamiento constitucional mexicano, no obstante s\u00f3lo es reconocido cuando la Suprema Corte de Justicia de la Naci\u00f3n (SCJN) sanciona a alguna instancia.<\/p>\n<p>Si se toman en cuenta los indicadores nacionales al 2015 y se contrastan con la noci\u00f3n del \u201cm\u00ednimo vital\u201d, no se cumple con ella dado que 34 millones de personas no cuentan con una vivienda digna, 22 millones no tienen acceso a servicios de salud y 36 millones de trabajadores no cuentan con la posibilidad de atenci\u00f3n m\u00e9dica, a pesar de ser asalariados.<\/p>\n<p>Esta \u201cdesigualdad social vulnera los derechos fundamentales\u201d, afirm\u00f3 al destacar que se vuelve necesario un replanteamiento de los conceptos de vida digna, m\u00ednimo vital y sobre todo el reconocimiento en las leyes para poder defenderlos como derechos humanos.<\/p>\n<p>Mitzy del Rosario L\u00f3pez L\u00f3pez, estudiante de la Facultad de Pedagog\u00eda, present\u00f3 \u201cUna mirada al desarrollo humano desde la pedagog\u00eda\u201d, y subray\u00f3 la importancia de comprender c\u00f3mo el paradigma de la posmodernidad ha modificado a las instituciones, las familias y la percepci\u00f3n del individuo.<\/p>\n<p>A pesar de que el concepto de desarrollo humano es muy socorrido en estos tiempos, la realidad que enfrentamos d\u00eda a d\u00eda nos lleva a pensar si esta idea ha mejorado en algo las relaciones interpersonales, dado que ahora los ni\u00f1os y sus padres parecen coexistir m\u00e1s que convivir, explic\u00f3.<\/p>\n<p>El individualismo ha cimbrado la colaboraci\u00f3n y la participaci\u00f3n en sociedad, que adem\u00e1s ha llevado a percepciones y opiniones extremas dif\u00edciles de conciliar, por ello recalc\u00f3 la importancia de formar a los j\u00f3venes de otra manera.<\/p>\n","protected":false},"excerpt":{"rendered":"<p>34 millones de mexicanos no cuentan con una vivienda digna, 22 millones no tienen acceso a servicios de salud y 36 millones de trabajadores no cuentan con la posibilidad de atenci\u00f3n m\u00e9dica<\/p>\n","protected":false},"author":1869,"featured_media":46934,"comment_status":"closed","ping_status":"closed","sticky":false,"template":"","format":"standard","meta":{"footnotes":""},"categories":[1],"tags":[],"class_list":["post-46933","post","type-post","status-publish","format-standard","has-post-thumbnail","hentry","category-general"],"_links":{"self":[{"href":"https:\/\/www.uv.mx\/prensa\/wp-json\/wp\/v2\/posts\/46933","targetHints":{"allow":["GET"]}}],"collection":[{"href":"https:\/\/www.uv.mx\/prensa\/wp-json\/wp\/v2\/posts"}],"about":[{"href":"https:\/\/www.uv.mx\/prensa\/wp-json\/wp\/v2\/types\/post"}],"author":[{"embeddable":true,"href":"https:\/\/www.uv.mx\/prensa\/wp-json\/wp\/v2\/users\/1869"}],"replies":[{"embeddable":true,"href":"https:\/\/www.uv.mx\/prensa\/wp-json\/wp\/v2\/comments?post=46933"}],"version-history":[{"count":0,"href":"https:\/\/www.uv.mx\/prensa\/wp-json\/wp\/v2\/posts\/46933\/revisions"}],"wp:featuredmedia":[{"embeddable":true,"href":"https:\/\/www.uv.mx\/prensa\/wp-json\/wp\/v2\/media\/46934"}],"wp:attachment":[{"href":"https:\/\/www.uv.mx\/prensa\/wp-json\/wp\/v2\/media?parent=46933"}],"wp:term":[{"taxonomy":"category","embeddable":true,"href":"https:\/\/www.uv.mx\/prensa\/wp-json\/wp\/v2\/categories?post=46933"},{"taxonomy":"post_tag","embeddable":true,"href":"https:\/\/www.uv.mx\/prensa\/wp-json\/wp\/v2\/tags?post=46933"}],"curies":[{"name":"wp","href":"https:\/\/api.w.org\/{rel}","templated":true}]}}