{"id":46909,"date":"2018-05-09T11:21:39","date_gmt":"2018-05-09T16:21:39","guid":{"rendered":"https:\/\/www.uv.mx\/prensa\/?p=46909"},"modified":"2018-05-09T12:02:36","modified_gmt":"2018-05-09T17:02:36","slug":"sabados-en-la-ciencia-invita-al-taller-interculturalidad-y-juegos-escenicos","status":"publish","type":"post","link":"https:\/\/www.uv.mx\/prensa\/banner\/sabados-en-la-ciencia-invita-al-taller-interculturalidad-y-juegos-escenicos\/","title":{"rendered":"S\u00e1bados en la Ciencia invita al taller Interculturalidad y Juegos Esc\u00e9nicos"},"content":{"rendered":"<ul>\n<li><em>La invitaci\u00f3n es para chicos y grandes, el pr\u00f3ximo 12 de mayo, a las 11:00 horas, en el Museo de Antropolog\u00eda de Xalapa<\/em><\/li>\n<li><em>Ser\u00e1 impartido por el grupo de teatro Ipilwan Tleolli (Los hijos del ma\u00edz), conformado por estudiantes de la UVI Grandes Monta\u00f1as<\/em><\/li>\n<\/ul>\n<p>&nbsp;<\/p>\n<div id=\"attachment_46912\" style=\"width: 732px\" class=\"wp-caption aligncenter\"><a href=\"https:\/\/www.uv.mx\/prensa\/files\/2018\/05\/090518-SABADOS-EN-LA-CIENCIA.jpg\"><img loading=\"lazy\" decoding=\"async\" aria-describedby=\"caption-attachment-46912\" class=\"wp-image-46912 size-full\" src=\"https:\/\/www.uv.mx\/prensa\/files\/2018\/05\/090518-SABADOS-EN-LA-CIENCIA.jpg\" alt=\"\" width=\"722\" height=\"542\" srcset=\"https:\/\/www.uv.mx\/prensa\/files\/2018\/05\/090518-SABADOS-EN-LA-CIENCIA.jpg 722w, https:\/\/www.uv.mx\/prensa\/files\/2018\/05\/090518-SABADOS-EN-LA-CIENCIA-300x225.jpg 300w\" sizes=\"auto, (max-width: 722px) 100vw, 722px\" \/><\/a><p id=\"caption-attachment-46912\" class=\"wp-caption-text\">El grupo de teatro Ipilwan Tleolli, de la UVI Grandes Monta\u00f1as, participar\u00e1 en S\u00e1bados en la Ciencia<\/p><\/div>\n<p>&nbsp;<\/p>\n<p><strong><em>Claudia Peralta V<\/em><\/strong><strong><em>\u00e1zquez<\/em><\/strong><\/p>\n<p><strong><em>0<\/em><\/strong><strong><em>9<\/em><\/strong><strong><em>\/05\/18, Xalapa, Ver.-<\/em><\/strong> El programa de S\u00e1bados en la Ciencia, invita a chicos y grandes al taller Interculturalidad y Juegos Esc\u00e9nicos, el pr\u00f3ximo 12 de mayo, a las 11:00 horas, en el Auditorio \u201cAlfonso Medell\u00edn Zenil\u201d del <a href=\"https:\/\/www.uv.mx\/max\/\" target=\"_blank\" rel=\"noopener\">Museo de Antropolog\u00eda de Xalapa<\/a> (MAX).<\/p>\n<p>Esta actividad estar\u00e1 a cargo del grupo de teatro Ipilwan Tleolli (Los hijos del ma\u00edz), conformado por estudiantes de la <a href=\"https:\/\/www.uv.mx\/uvi\/\" target=\"_blank\" rel=\"noopener\">Universidad Veracruzana Intercultural<\/a> (UVI) sede Grandes Monta\u00f1as.<\/p>\n<p>Claudia Patricia Eguiarte Espejo, acad\u00e9mica de esta entidad acad\u00e9mica y coordinadora de la agrupaci\u00f3n biling\u00fce (n\u00e1huatl-espa\u00f1ol), coment\u00f3 que ser\u00e1 de gran diversi\u00f3n pues compartir\u00e1n con ni\u00f1os y j\u00f3venes algunos \u201cjuegos esc\u00e9nicos\u201d para reflexionar acerca del tema de la interculturalidad.<\/p>\n<p>\u201cQueremos plantear distintas situaciones que impliquen la reflexi\u00f3n sobre este tema y provenga de la parte l\u00fadica del juego.\u201d<\/p>\n<p>Los integrantes del grupo, adem\u00e1s de generar obras de teatro y propuestas esc\u00e9nicas, tambi\u00e9n imparten talleres y juegos esc\u00e9nicos.<\/p>\n<p>\u201cTrabajamos con la propuesta de juegos esc\u00e9nicos desde hace dos a\u00f1os\u201d, resalt\u00f3 Eguiarte Espejo, quien agreg\u00f3 que con esta actividad han llegado a varios municipios de Veracruz y otras entidades del pa\u00eds como Jalisco, Morelos y la Ciudad de M\u00e9xico.<\/p>\n<p>En algunos casos han empleado diversas estrategias para animar el uso de la lengua originaria.<\/p>\n<p>Agradeci\u00f3 la invitaci\u00f3n al programa S\u00e1bados en la Ciencia, pues lo considera un espacio adecuado y \u00f3ptimo para dar a conocer de manera l\u00fadica lo que significa la interculturalidad.<\/p>\n<p>La acad\u00e9mica coment\u00f3 que es importante inculcar este tema en los menores para que se reconozcan diversos a partir de distintas formas de pensar, de comportarse, verse y actuar. \u201cEso no implica que la otra persona sea el enemigo a vencer.<\/p>\n<p>\u201dNecesitamos reconocer esta riqueza que significa un pa\u00eds con tantas lenguas y culturas diversas para construirnos de la mejor manera posible.\u201d<\/p>\n<p>Ni\u00f1os que a temprana edad puedan tener una sensaci\u00f3n de respeto hacia otras personas, evidentemente contribuir\u00e1n a construir un mundo m\u00e1s equitativo y justo, concluy\u00f3.<\/p>\n<p>&nbsp;<\/p>\n","protected":false},"excerpt":{"rendered":"<p>Estar\u00e1 a cargo del grupo de teatro Ipilwan Tleolli (Los hijos del ma\u00edz), conformado por estudiantes de la UVI sede Grandes Monta\u00f1as<\/p>\n","protected":false},"author":1869,"featured_media":46910,"comment_status":"closed","ping_status":"closed","sticky":false,"template":"","format":"standard","meta":{"footnotes":""},"categories":[61],"tags":[],"class_list":["post-46909","post","type-post","status-publish","format-standard","has-post-thumbnail","hentry","category-banner"],"_links":{"self":[{"href":"https:\/\/www.uv.mx\/prensa\/wp-json\/wp\/v2\/posts\/46909","targetHints":{"allow":["GET"]}}],"collection":[{"href":"https:\/\/www.uv.mx\/prensa\/wp-json\/wp\/v2\/posts"}],"about":[{"href":"https:\/\/www.uv.mx\/prensa\/wp-json\/wp\/v2\/types\/post"}],"author":[{"embeddable":true,"href":"https:\/\/www.uv.mx\/prensa\/wp-json\/wp\/v2\/users\/1869"}],"replies":[{"embeddable":true,"href":"https:\/\/www.uv.mx\/prensa\/wp-json\/wp\/v2\/comments?post=46909"}],"version-history":[{"count":0,"href":"https:\/\/www.uv.mx\/prensa\/wp-json\/wp\/v2\/posts\/46909\/revisions"}],"wp:featuredmedia":[{"embeddable":true,"href":"https:\/\/www.uv.mx\/prensa\/wp-json\/wp\/v2\/media\/46910"}],"wp:attachment":[{"href":"https:\/\/www.uv.mx\/prensa\/wp-json\/wp\/v2\/media?parent=46909"}],"wp:term":[{"taxonomy":"category","embeddable":true,"href":"https:\/\/www.uv.mx\/prensa\/wp-json\/wp\/v2\/categories?post=46909"},{"taxonomy":"post_tag","embeddable":true,"href":"https:\/\/www.uv.mx\/prensa\/wp-json\/wp\/v2\/tags?post=46909"}],"curies":[{"name":"wp","href":"https:\/\/api.w.org\/{rel}","templated":true}]}}