{"id":46899,"date":"2018-05-08T20:21:09","date_gmt":"2018-05-09T01:21:09","guid":{"rendered":"https:\/\/www.uv.mx\/prensa\/?p=46899"},"modified":"2018-05-08T20:21:09","modified_gmt":"2018-05-09T01:21:09","slug":"urge-literatura-para-jovenes-ana-romero","status":"publish","type":"post","link":"https:\/\/www.uv.mx\/prensa\/entrevista\/urge-literatura-para-jovenes-ana-romero\/","title":{"rendered":"Urge literatura para j\u00f3venes: Ana Romero"},"content":{"rendered":"<style type=\"text\/css\">\n  blockquote p { color: #28519b; font-family: helvetica; font-size: 1.6em; }<br \/>\n<\/style>\n<ul>\n<li><i>La escritora Ana Romero se\u00f1al\u00f3 que<\/i> <i>hay una gran necesidad de los j\u00f3venes y ni\u00f1os por leer<\/i><\/li>\n<li><i>Es Premio Bellas Artes de Cuento Infantil \u201cJuan de la Cabada\u201d 2011, por Puerto libre. Historias de migrantes<\/i><\/li>\n<\/ul>\n<p>&nbsp;<\/p>\n<div id=\"attachment_46900\" style=\"width: 732px\" class=\"wp-caption aligncenter\"><a href=\"https:\/\/www.uv.mx\/prensa\/files\/2018\/05\/080518-ENTREVISTA-Ana-Romero.jpg\"><img loading=\"lazy\" decoding=\"async\" aria-describedby=\"caption-attachment-46900\" class=\"size-full wp-image-46900\" src=\"https:\/\/www.uv.mx\/prensa\/files\/2018\/05\/080518-ENTREVISTA-Ana-Romero.jpg\" alt=\"\" width=\"722\" height=\"481\" srcset=\"https:\/\/www.uv.mx\/prensa\/files\/2018\/05\/080518-ENTREVISTA-Ana-Romero.jpg 722w, https:\/\/www.uv.mx\/prensa\/files\/2018\/05\/080518-ENTREVISTA-Ana-Romero-300x200.jpg 300w\" sizes=\"auto, (max-width: 722px) 100vw, 722px\" \/><\/a><p id=\"caption-attachment-46900\" class=\"wp-caption-text\">La autora comparti\u00f3 que le gustar\u00eda compartir con los j\u00f3venes del <em>Conalep<\/em><\/p><\/div>\n<p>&nbsp;<\/p>\n<p><b><i>Karina de la Paz Reyes D\u00edaz<\/i><\/b><\/p>\n<p><b><i>08\/05\/18, Xalapa, Ver.- <\/i><\/b>La escritora oriunda de La Piedad, Michoac\u00e1n, Ana Romero, autora de obras como el poemario <i>Trenes<\/i>, plante\u00f3 en entrevista con <i>Universo<\/i> la necesidad que hay en el pa\u00eds de que se escriba y publique literatura para j\u00f3venes.<\/p>\n<p>El s\u00e1bado 28 de abril, Romero present\u00f3 <i>El fantasma de la casa del lago<\/i>, publicado por El Naranjo, en el Sal\u00f3n \u201cRam\u00f3n Rodr\u00edguez\u201d del Complejo Deportivo Omega, sede de la Feria Internacional del Libro Universitario (FILU) 2018 de la Universidad Veracruzana (UV).<\/p>\n<p>Ana es una narradora y poeta, egresada de la Licenciatura en Psicolog\u00eda de la Universidad Aut\u00f3noma Metropolitana y de la Escuela de Escritores de la Sociedad General de Escritores de M\u00e9xico. Se ha desempe\u00f1ado como guionista de cine y\u00a0televisi\u00f3n y es Premio Bellas Artes de Cuento Infantil \u201cJuan de la Cabada\u201d 2011, por <i>Puerto libre. Historias de migrantes<\/i>.<\/p>\n<p>&nbsp;<\/p>\n<p><b><i>\u00bfEs f\u00e1cil ser narradora de cuentos infantiles en M\u00e9xico?<\/i><\/b><\/p>\n<p>S\u00ed. La verdad no es que sea f\u00e1cil, es una labor como cualquiera en la literatura, pero lo que hace todo m\u00e1s sencillo es que hay una gran necesidad de los j\u00f3venes y ni\u00f1os por leer. Son bien \u201cprendidos\u201d, se hacen fans de inmediato, son muy leales; y si les gusta un autor, les gusta para siempre, por eso est\u00e1n pendientes de las nuevas obras que publican.<\/p>\n<p>Esto tambi\u00e9n se debe a las editoriales, que hacen una buena labor con los chicos, pues \u00e9stos son muy receptivos. En M\u00e9xico es muy bonito escribir para ni\u00f1os.<\/p>\n<p>&nbsp;<\/p>\n<blockquote><p>\u00abVine a la FILU a presentar mi libro <i>El fantasma de la casa del lago<\/i>, que no tienen nada que ver con migraci\u00f3n, pero lo que yo quiero con mis historias es darle una vuelta al mundo\u00bb<\/p><\/blockquote>\n<p>&nbsp;<\/p>\n<p><b><i>\u00bfQu\u00e9 pretensi\u00f3n tiene su obra literaria?<\/i><\/b><\/p>\n<p>Cada autor tiene un inter\u00e9s muy particular por los temas que le competen directamente; a m\u00ed me compete el tema de la migraci\u00f3n y por alguna raz\u00f3n \u2013que desconozco\u2013 el del abandono, lo cual no significa que mis libros sean tristes y miserables \u2013que pueden llegar a serlo\u2013, pero creo que el asunto de la literatura educativa para ni\u00f1os y j\u00f3venes est\u00e1 muy pasada de moda y no es bien acogida entre los chavos lectores.<\/p>\n<p>Como cualquier persona, se forman un criterio lector desde muy temprana edad y si uno quiere rega\u00f1arlos o instruirlos no funciona. Por ello, mi principal objetivo es contarles historias que les importen y darle voz a las cosas que no solemos d\u00e1rsela.<\/p>\n<p>Porque los ni\u00f1os padecen la guerra, la muerte y la migraci\u00f3n como cualquier otra persona, entonces necesitan tener historias que reflejen eso.<\/p>\n<p>&nbsp;<\/p>\n<p><b><i>\u00bfQu\u00e9 retos le ha implicado el escribir sobre migraci\u00f3n para el p\u00fablico infantil?<\/i><\/b><\/p>\n<p>El quedarme corta, porque lejos de que se sientan abrumados es todo lo contrario. En el norte y sur profundo del pa\u00eds, por ejemplo, es contada la familia que no tenga a alguno o algunos de sus miembros en Estados Unidos. Es la realidad m\u00e1s b\u00e1sica de nuestro pa\u00eds.<\/p>\n<p>Y s\u00ed, se habla mucho de los que se van y toda la odisea atroz que padecen, pero tambi\u00e9n est\u00e1 el asunto de los que se quedan, de quienes los ni\u00f1os son los que menos posibilidades tienen de decir algo, porque nadie les pregunta. Ellos son de los que se quedan, los que finalmente tienen una familia rota, y muchas veces tienen que crecer sin uno o los dos pap\u00e1s. Esa divisi\u00f3n los agobia, porque no tienen ninguna manera para solucionar nada.<\/p>\n<p>&nbsp;<\/p>\n<p><b><i>\u00bfBuscas resarcir, en alguna medida, esas ausencias paternales y maternales?<\/i><\/b><\/p>\n<p>Eso es m\u00e1s o menos imposible. Yo soy hija de un migrante y no hay nada que pueda resarcirlo. Es un acompa\u00f1amiento y mejorar la vida. Vine a la FILU a presentar mi libro <i>El fantasma de la casa del lago<\/i>, que no tienen nada que ver con migraci\u00f3n, pero lo que yo quiero con mis historias es darle una vuelta al mundo y hacerlo m\u00e1s comprensible para m\u00ed, y una vez que lo entienda, quiz\u00e1 a alguien m\u00e1s le quede claro.<\/p>\n<p>&nbsp;<\/p>\n<p><b><i>Adem\u00e1s del abandono y la migraci\u00f3n, \u00bfqu\u00e9 otros temas considera que falta incluir en la literatura infantil actual?<\/i><\/b><\/p>\n<p>En la literatura infantil creo que estamos abarcando bastantes temas. Hay muchos escritores fant\u00e1sticos en M\u00e9xico y en el mundo, pero creo que uno de los problemas que hay en el pa\u00eds es que quienes escribimos para ni\u00f1os y j\u00f3venes nos estamos quedando cortos con la juventud. <i>El fantasma de la casa del lago<\/i> es m\u00e1s bien juvenil, pero si bien hay muchos libros como \u00e9stos, no hay tantos como los hay para ni\u00f1os.<\/p>\n<p>Si bien hay un <i>boom<\/i> de literatura infantil desde 2002, los ni\u00f1os crecieron y creo que no les estamos escribiendo tanto como merecen y necesitan de todos los temas posibles. Por eso creo que nos hace falta escribir mucho m\u00e1s para los j\u00f3venes.<\/p>\n<p>&nbsp;<\/p>\n<p><b><i>\u00bfEn esta nueva literatura infantil y juvenil se acabaron los h\u00e9roes, las hero\u00ednas, los pr\u00edncipes y las princesas?<\/i><\/b><\/p>\n<p>Se modificaron. Sigue habiendo h\u00e9roes, pero no necesariamente usan capa ni tienen poderes. Son otros tipos de h\u00e9roes m\u00e1s cotidianos que se enfrentan a problemas m\u00e1s reales. Los ni\u00f1os y j\u00f3venes en este pa\u00eds mueren, lamentablemente; todos somos v\u00edctimas de la violencia y de la insensatez del gobierno y de todos los malos del mundo.<\/p>\n<p>Est\u00e1 muy bien que haya ni\u00f1as que quieran ser princesas y ni\u00f1os caballeros con armadura, pero creo que ya no s\u00f3lo quieren ser eso, creo que quieren ser cualquier cosa, sobre todo quieren ser fuertes, porque necesitan serlo, y la literatura lo tiene que reflejar.<\/p>\n<p>&nbsp;<\/p>\n<blockquote><p>\u00abEst\u00e1 muy bien que haya ni\u00f1as que quieran ser princesas y ni\u00f1os caballeros con armadura, pero creo que ya no s\u00f3lo quieren ser eso, creo que quieren ser cualquier cosa, sobre todo quieren ser fuertes, porque necesitan serlo, y la literatura lo tiene que reflejar\u00bb<\/p><\/blockquote>\n<p>&nbsp;<\/p>\n<p>&nbsp;<\/p>\n<p><b><i>\u00bfQu\u00e9 opina de la distribuci\u00f3n que hay en el pa\u00eds de los libros de literatura infantil y juvenil, considerando que no toda la gente tiene recursos para adquirirlos?<\/i><\/b><\/p>\n<p>Es un rollo. Hay un fen\u00f3meno muy curioso: las editoriales hicieron una propuesta que se llama Planes de Lecturas, est\u00e1 fant\u00e1stica porque iban a colegios, ofrec\u00edan los libros, hac\u00edan promoci\u00f3n y m\u00e1s, pero se trataba de colegios privados. Tambi\u00e9n hab\u00eda un proyecto muy bonito de la Secretar\u00eda de Educaci\u00f3n P\u00fablica (SEP) para llevar muchos libros en ediciones m\u00e1s accesibles pero igual de lindas a las escuelas p\u00fablicas, pero ya no existe m\u00e1s.<\/p>\n<p>Ya no digamos que queramos que se distribuyan en todas las escuelas, con que llegaran a las bibliotecas de las escuelas p\u00fablicas, porque \u00e9stas no siempre est\u00e1n bien atendidas y nosotros tenemos poco acceso a esos lugares.<\/p>\n<p>Por ejemplo, ir a platicar con ni\u00f1os de una primaria p\u00fablica es muy complicado; hay que solicitar una cantidad infernal de permisos y tienen raz\u00f3n, son los lineamientos de la SEP, as\u00ed funcionan, pero creo que ser\u00eda importante (facilitar).<\/p>\n<p>Yo escribo m\u00e1s para ni\u00f1os grandes casi j\u00f3venes, pero me fascinar\u00eda ir a <i>Conalep<\/i> (Colegio Nacional de Educaci\u00f3n Profesional T\u00e9cnica) y otras escuelas de educaci\u00f3n media superior, que est\u00e1n m\u00e1s cerca de las cosas que yo escribo, y me resulta muy complicado, todo es dif\u00edcil, las trabas burocr\u00e1ticas son tenebrosas.<\/p>\n<p>A manera de concluir la entrevista, Ana Romero dese\u00f3 que j\u00f3venes de la UV con inter\u00e9s en el quehacer literario se interesen por escribir para ni\u00f1os y j\u00f3venes, porque la buena literatura debe existir para todas las edades.<\/p>\n<p>&nbsp;<\/p>\n","protected":false},"excerpt":{"rendered":"<p>\u201cCreo que uno de los problemas que hay en el pa\u00eds es que quienes escribimos para ni\u00f1os y j\u00f3venes nos estamos quedando cortos con la juventud\u201d<\/p>\n","protected":false},"author":1508,"featured_media":46900,"comment_status":"closed","ping_status":"closed","sticky":false,"template":"","format":"standard","meta":{"footnotes":""},"categories":[13],"tags":[],"class_list":["post-46899","post","type-post","status-publish","format-standard","has-post-thumbnail","hentry","category-entrevista"],"_links":{"self":[{"href":"https:\/\/www.uv.mx\/prensa\/wp-json\/wp\/v2\/posts\/46899","targetHints":{"allow":["GET"]}}],"collection":[{"href":"https:\/\/www.uv.mx\/prensa\/wp-json\/wp\/v2\/posts"}],"about":[{"href":"https:\/\/www.uv.mx\/prensa\/wp-json\/wp\/v2\/types\/post"}],"author":[{"embeddable":true,"href":"https:\/\/www.uv.mx\/prensa\/wp-json\/wp\/v2\/users\/1508"}],"replies":[{"embeddable":true,"href":"https:\/\/www.uv.mx\/prensa\/wp-json\/wp\/v2\/comments?post=46899"}],"version-history":[{"count":0,"href":"https:\/\/www.uv.mx\/prensa\/wp-json\/wp\/v2\/posts\/46899\/revisions"}],"wp:featuredmedia":[{"embeddable":true,"href":"https:\/\/www.uv.mx\/prensa\/wp-json\/wp\/v2\/media\/46900"}],"wp:attachment":[{"href":"https:\/\/www.uv.mx\/prensa\/wp-json\/wp\/v2\/media?parent=46899"}],"wp:term":[{"taxonomy":"category","embeddable":true,"href":"https:\/\/www.uv.mx\/prensa\/wp-json\/wp\/v2\/categories?post=46899"},{"taxonomy":"post_tag","embeddable":true,"href":"https:\/\/www.uv.mx\/prensa\/wp-json\/wp\/v2\/tags?post=46899"}],"curies":[{"name":"wp","href":"https:\/\/api.w.org\/{rel}","templated":true}]}}