{"id":46863,"date":"2018-05-08T14:48:06","date_gmt":"2018-05-08T19:48:06","guid":{"rendered":"https:\/\/www.uv.mx\/prensa\/?p=46863"},"modified":"2018-05-08T17:51:52","modified_gmt":"2018-05-08T22:51:52","slug":"voces-por-la-paz-en-el-iii-festival-de-coros-universitarios","status":"publish","type":"post","link":"https:\/\/www.uv.mx\/prensa\/eventos\/voces-por-la-paz-en-el-iii-festival-de-coros-universitarios\/","title":{"rendered":"\u201cVoces por la paz\u201d, en el III Festival de Coros Universitarios"},"content":{"rendered":"<ul>\n<li><em>Se desarrollar\u00e1 del 16 al 19 de mayo<\/em><\/li>\n<li><em>Participar\u00e1n 16 coros de las cinco regiones de la UV<\/em><\/li>\n<\/ul>\n<p>&nbsp;<\/p>\n<div id=\"attachment_46856\" style=\"width: 732px\" class=\"wp-caption aligncenter\"><a href=\"https:\/\/www.uv.mx\/prensa\/files\/2018\/05\/080518-KARINA-Coros-Universitarios.jpg\"><img loading=\"lazy\" decoding=\"async\" aria-describedby=\"caption-attachment-46856\" class=\"wp-image-46856 size-full\" src=\"https:\/\/www.uv.mx\/prensa\/files\/2018\/05\/080518-KARINA-Coros-Universitarios.jpg\" alt=\"\" width=\"722\" height=\"481\" srcset=\"https:\/\/www.uv.mx\/prensa\/files\/2018\/05\/080518-KARINA-Coros-Universitarios.jpg 722w, https:\/\/www.uv.mx\/prensa\/files\/2018\/05\/080518-KARINA-Coros-Universitarios-300x200.jpg 300w\" sizes=\"auto, (max-width: 722px) 100vw, 722px\" \/><\/a><p id=\"caption-attachment-46856\" class=\"wp-caption-text\">El III Festival de Coros Universitarios se desarrollar\u00e1 en la Sala Anexa de Tlaqn\u00e1, Centro Cultural<\/p><\/div>\n<p>&nbsp;<\/p>\n<p><strong><em>Karina de la Paz Reyes D\u00edaz<\/em><\/strong><\/p>\n<p><strong><em>08\/05\/2018, Xalapa, Ver.-<\/em><\/strong> El III Festival de Coros Universitarios, organizado por las direcciones generales del \u00c1rea Acad\u00e9mica de Artes (DGAA) y de Difusi\u00f3n Cultural de la Universidad Veracruzana (UV), se desarrollar\u00e1 del 17 al 19 de mayo en la Sala Anexa de Tlaqn\u00e1, Centro Cultural, bajo el t\u00edtulo \u201cVoces por la paz\u201d.<\/p>\n<p>En \u00e9l participar\u00e1n 16 coros de las cinco regiones y dos m\u00e1s en calidad de invitados, que congregan a alrededor de 300 personas entre estudiantes, acad\u00e9micos, egresados y personal administrativo.<\/p>\n<p>Las actividades iniciar\u00e1n el mi\u00e9rcoles 16, toda vez que est\u00e1 programada una inauguraci\u00f3n simult\u00e1nea en las cinco regiones, a manera de invitar e involucrar a toda la comunidad universitaria y p\u00fablico en general interesado. En el caso de Xalapa ser\u00e1 en la Facultad de Pedagog\u00eda, ubicada en el Campus Sur, a las 13:00 horas.<\/p>\n<p>El titular de la DGAAA, Miguel Flores Covarrubias, subray\u00f3 el sello que distingue a esta tercera edici\u00f3n del festival: el hecho de que tenga una tem\u00e1tica espec\u00edfica, \u201cVoces por la paz\u201d, que va en correspondencia con el rol que las artes tienen como sensibilizadoras de la sociedad.<\/p>\n<p>\u201cVivimos momentos muy complicados en el pa\u00eds, y \u00e9se es el granito de arena que aporta la Universidad ante la tarea de sensibilizar y concienciar sobre la importancia que tiene la creaci\u00f3n y la construcci\u00f3n de alternativas de vida\u201d, expres\u00f3.<\/p>\n<p>En tanto, Claudia Hidalgo Lara, coordinadora Acad\u00e9mica de Proyecci\u00f3n Art\u00edstica de la DGAAA, record\u00f3 que este festival surgi\u00f3 en 2016 con el objetivo de fortalecer el desarrollo integral de los estudiantes y unir a trav\u00e9s del arte a las cinco regiones universitarias.<\/p>\n<p>\u201cEn este festival se le da m\u00e1s importancia a la categor\u00eda Amateur porque el objetivo no es competir por los premios, es mucho m\u00e1s importante hacer sentir que se integran a todos los estudiantes que vienen de las facultades de Pedagog\u00eda, Derecho y otras que no pertenecen al \u00c1rea Acad\u00e9mica de Artes.\u201d<\/p>\n<p>Arturo Meseguer Lima, coordinador T\u00e9cnico del Festival, cit\u00f3 que el Modelo Educativo Integral y Flexible tiene una vocaci\u00f3n por las artes \u2013los coros en s\u00ed surgen de experiencias educativas abocadas al arte\u2013 y en las dos ediciones anteriores se ha comprobado que cumplen con la transversalidad y el trabajo colaborativo.<\/p>\n<p>\u201cVisibiliza gran parte de las estrategias de ense\u00f1anza-aprendizaje. Parece f\u00e1cil ver a los j\u00f3venes subirse a un foro y cantar, pero no es as\u00ed, implica un trabajo de muchos meses y en algunos casos de a\u00f1os. En este festival s\u00f3lo vemos la punta de ese <em>iceberg<\/em>.\u201d<\/p>\n<p>Tambi\u00e9n remarc\u00f3 que implica transversalidad porque los coros est\u00e1n conformados por estudiantes de distintas disciplinas. Con tal contexto, especific\u00f3 que tienen registrados 16 coros, nueve amateurs y siete profesionales (dos de la regi\u00f3n Veracruz, dos de Coatzacoalcos-Minatitl\u00e1n, uno de Orizaba-C\u00f3rdoba, uno de Poza Rica-Tuxpan, uno de los Talleres Libres de Arte de Naolinco y nueve de Xalapa). Adem\u00e1s, est\u00e1n contemplados dos coros invitados, el del Centro de Iniciaci\u00f3n Musical Infantil y el de la Facultad de M\u00fasica. Todos ellos con sus respectivos directores.<\/p>\n<p>\u201cEste festival, que adem\u00e1s es por la paz, penetra profundamente en el esp\u00edritu de los estudiantes y tiene una meta muy espec\u00edfica: cambiar la vida de los estudiantes universitarios. No es algo pasajero, los estudiantes que participan recuerdan toda la vida que vinieron a Xalapa al Festival de<\/p>\n<p>Los entrevistados hicieron extensiva la invitaci\u00f3n al p\u00fablico en general y adelantaron que el programa es tan interesante como variado, pues contempla desde arreglos de sones jarochos, repertorio cl\u00e1sico, hasta canciones de <em>The Beatles<\/em>, por citar algunos. Para conocer a detalle las actividades, consultar: <a href=\"https:\/\/www.uv.mx\/artes\/\">https:\/\/www.uv.mx\/artes\/<\/a><\/p>\n","protected":false},"excerpt":{"rendered":"<p>Arturo Meseguer Lima, coordinador T\u00e9cnico del Festival, destac\u00f3 que el Modelo Educativo Integral y Flexible tiene una vocaci\u00f3n por las artes y estas ediciones comprueban que cumplen con la transversalidad<\/p>\n","protected":false},"author":1869,"featured_media":46856,"comment_status":"closed","ping_status":"closed","sticky":false,"template":"","format":"standard","meta":{"footnotes":""},"categories":[47],"tags":[],"class_list":["post-46863","post","type-post","status-publish","format-standard","has-post-thumbnail","hentry","category-eventos"],"_links":{"self":[{"href":"https:\/\/www.uv.mx\/prensa\/wp-json\/wp\/v2\/posts\/46863","targetHints":{"allow":["GET"]}}],"collection":[{"href":"https:\/\/www.uv.mx\/prensa\/wp-json\/wp\/v2\/posts"}],"about":[{"href":"https:\/\/www.uv.mx\/prensa\/wp-json\/wp\/v2\/types\/post"}],"author":[{"embeddable":true,"href":"https:\/\/www.uv.mx\/prensa\/wp-json\/wp\/v2\/users\/1869"}],"replies":[{"embeddable":true,"href":"https:\/\/www.uv.mx\/prensa\/wp-json\/wp\/v2\/comments?post=46863"}],"version-history":[{"count":0,"href":"https:\/\/www.uv.mx\/prensa\/wp-json\/wp\/v2\/posts\/46863\/revisions"}],"wp:featuredmedia":[{"embeddable":true,"href":"https:\/\/www.uv.mx\/prensa\/wp-json\/wp\/v2\/media\/46856"}],"wp:attachment":[{"href":"https:\/\/www.uv.mx\/prensa\/wp-json\/wp\/v2\/media?parent=46863"}],"wp:term":[{"taxonomy":"category","embeddable":true,"href":"https:\/\/www.uv.mx\/prensa\/wp-json\/wp\/v2\/categories?post=46863"},{"taxonomy":"post_tag","embeddable":true,"href":"https:\/\/www.uv.mx\/prensa\/wp-json\/wp\/v2\/tags?post=46863"}],"curies":[{"name":"wp","href":"https:\/\/api.w.org\/{rel}","templated":true}]}}