{"id":46748,"date":"2018-05-07T14:13:21","date_gmt":"2018-05-07T19:13:21","guid":{"rendered":"https:\/\/www.uv.mx\/prensa\/?p=46748"},"modified":"2021-11-08T08:25:15","modified_gmt":"2021-11-08T14:25:15","slug":"la-duda-ayuda-a-tomar-la-mejor-opcion-oscar-de-la-borbolla","status":"publish","type":"post","link":"https:\/\/www.uv.mx\/prensa\/cultura\/la-duda-ayuda-a-tomar-la-mejor-opcion-oscar-de-la-borbolla\/","title":{"rendered":"La duda ayuda a tomar la mejor opci\u00f3n: \u00d3scar de la Borbolla"},"content":{"rendered":"<ul>\n<li><em>Present\u00f3 en la XXV FILU su libro <\/em>El arte de dudar<em>, publicado por Editorial Grijalbo<\/em><\/li>\n<\/ul>\n<p><strong><em>\u00a0<\/em><\/strong><\/p>\n<div id=\"attachment_46751\" style=\"width: 3018px\" class=\"wp-caption aligncenter\"><a href=\"https:\/\/www.uv.mx\/prensa\/files\/2018\/05\/El-arte-de-dudar.JPG\"><img loading=\"lazy\" decoding=\"async\" aria-describedby=\"caption-attachment-46751\" class=\"size-full wp-image-46751\" src=\"https:\/\/www.uv.mx\/prensa\/files\/2018\/05\/El-arte-de-dudar.JPG\" alt=\"\" width=\"3008\" height=\"2008\" srcset=\"https:\/\/www.uv.mx\/prensa\/files\/2018\/05\/El-arte-de-dudar.JPG 3008w, https:\/\/www.uv.mx\/prensa\/files\/2018\/05\/El-arte-de-dudar-300x200.jpg 300w, https:\/\/www.uv.mx\/prensa\/files\/2018\/05\/El-arte-de-dudar-768x513.jpg 768w, https:\/\/www.uv.mx\/prensa\/files\/2018\/05\/El-arte-de-dudar-1024x684.jpg 1024w, https:\/\/www.uv.mx\/prensa\/files\/2018\/05\/El-arte-de-dudar-1200x801.jpg 1200w\" sizes=\"auto, (max-width: 3008px) 100vw, 3008px\" \/><\/a><p id=\"caption-attachment-46751\" class=\"wp-caption-text\">\u00d3scar de la Borbolla present\u00f3 su libro <em>El arte de dudar<\/em><\/p><\/div>\n<p>&nbsp;<\/p>\n<p><strong><em>Paola Cort\u00e9s P\u00e9rez<\/em><\/strong><\/p>\n<p><strong><em>07\/05\/2018, Xalapa, Ver<\/em><\/strong><strong>.-<\/strong> El fil\u00f3sofo y escritor \u00d3scar de la Borbolla y Rondero present\u00f3 en la XXV Feria Internacional del Libro Universitario (FILU) su m\u00e1s reciente publicaci\u00f3n <em>El arte de la duda<\/em>, editada por Grijalbo.<\/p>\n<p>La charla de presentaci\u00f3n se realiz\u00f3 la tarde del domingo 6 de mayo en el Sal\u00f3n \u201cJuan Vicente Melo\u201d del Complejo Deportivo Omega, sede de la FILU, con la moderaci\u00f3n de Diego Lima.<\/p>\n<p>Borbolla y Rondero dijo que la duda es buena porque evita la precipitaci\u00f3n, evita que nos lancemos \u2013sin reflexionar\u2013 por una opci\u00f3n en la que jugamos la vida.<\/p>\n<p>\u201cGeneralmente, la duda es buena, en lugar de que uno se encampane, entusiasme y lance sin reflexionar por una opci\u00f3n que parece atractiva, siempre ser\u00e1 bueno darle dos o tres vueltas antes de entregar parte de la vida, porque en cada decisi\u00f3n uno se juega la vida.\u201d<\/p>\n<p>Destac\u00f3 que en estos momento electorales se debe dudar hasta de uno mismo, al ser manipulados por los medios, por la guerra sucia y por tantas cosas m\u00e1s; si las creemos y no hacemos un tamiz razonable, se corre el peligro de que nos lleven al matadero, \u201choy m\u00e1s que nunca tenemos que dudar\u201d.<\/p>\n","protected":false},"excerpt":{"rendered":"<p>Siempre es bueno dudar antes de tomar una decisi\u00f3n en la que se puede ir hasta la vida, sugiri\u00f3 \u00d3scar de la Borbolla<\/p>\n","protected":false},"author":1869,"featured_media":46751,"comment_status":"closed","ping_status":"closed","sticky":false,"template":"","format":"standard","meta":{"footnotes":""},"categories":[11,5128],"tags":[],"class_list":["post-46748","post","type-post","status-publish","format-standard","has-post-thumbnail","hentry","category-cultura","category-filu"],"_links":{"self":[{"href":"https:\/\/www.uv.mx\/prensa\/wp-json\/wp\/v2\/posts\/46748","targetHints":{"allow":["GET"]}}],"collection":[{"href":"https:\/\/www.uv.mx\/prensa\/wp-json\/wp\/v2\/posts"}],"about":[{"href":"https:\/\/www.uv.mx\/prensa\/wp-json\/wp\/v2\/types\/post"}],"author":[{"embeddable":true,"href":"https:\/\/www.uv.mx\/prensa\/wp-json\/wp\/v2\/users\/1869"}],"replies":[{"embeddable":true,"href":"https:\/\/www.uv.mx\/prensa\/wp-json\/wp\/v2\/comments?post=46748"}],"version-history":[{"count":1,"href":"https:\/\/www.uv.mx\/prensa\/wp-json\/wp\/v2\/posts\/46748\/revisions"}],"predecessor-version":[{"id":104612,"href":"https:\/\/www.uv.mx\/prensa\/wp-json\/wp\/v2\/posts\/46748\/revisions\/104612"}],"wp:featuredmedia":[{"embeddable":true,"href":"https:\/\/www.uv.mx\/prensa\/wp-json\/wp\/v2\/media\/46751"}],"wp:attachment":[{"href":"https:\/\/www.uv.mx\/prensa\/wp-json\/wp\/v2\/media?parent=46748"}],"wp:term":[{"taxonomy":"category","embeddable":true,"href":"https:\/\/www.uv.mx\/prensa\/wp-json\/wp\/v2\/categories?post=46748"},{"taxonomy":"post_tag","embeddable":true,"href":"https:\/\/www.uv.mx\/prensa\/wp-json\/wp\/v2\/tags?post=46748"}],"curies":[{"name":"wp","href":"https:\/\/api.w.org\/{rel}","templated":true}]}}