{"id":46682,"date":"2018-05-06T17:05:49","date_gmt":"2018-05-06T22:05:49","guid":{"rendered":"https:\/\/www.uv.mx\/prensa\/?p=46682"},"modified":"2021-11-08T08:25:15","modified_gmt":"2021-11-08T14:25:15","slug":"presentaron-libro-sobre-riesgos-de-la-mineria-a-cielo-abierto","status":"publish","type":"post","link":"https:\/\/www.uv.mx\/prensa\/cultura\/presentaron-libro-sobre-riesgos-de-la-mineria-a-cielo-abierto\/","title":{"rendered":"Presentaron libro sobre riesgos  de la miner\u00eda a cielo abierto"},"content":{"rendered":"<ul>\n<li><em>Son las voces de pobladores, miembros de instituciones, organizaciones civiles y ambientales<\/em><\/li>\n<li><em>Se encuentran plasmadas en el libro <\/em>En defensa del patrimonio natural y cultural de Veracruz. El caso del proyecto de la mina La Paila, municipio de Alto Lucero, Veracruz<\/li>\n<li><em>Fue presentado el domingo 6 de mayo, \u00faltimo d\u00eda de actividades de la FILU 2018<\/em><\/li>\n<\/ul>\n<p><strong><em>\u00a0<\/em><\/strong><\/p>\n<div id=\"attachment_46683\" style=\"width: 732px\" class=\"wp-caption aligncenter\"><a href=\"https:\/\/www.uv.mx\/prensa\/files\/2018\/05\/060518-MINA-LA-PAILA-11.jpg\"><img loading=\"lazy\" decoding=\"async\" aria-describedby=\"caption-attachment-46683\" class=\"size-full wp-image-46683\" src=\"https:\/\/www.uv.mx\/prensa\/files\/2018\/05\/060518-MINA-LA-PAILA-11.jpg\" alt=\"\" width=\"722\" height=\"481\" srcset=\"https:\/\/www.uv.mx\/prensa\/files\/2018\/05\/060518-MINA-LA-PAILA-11.jpg 722w, https:\/\/www.uv.mx\/prensa\/files\/2018\/05\/060518-MINA-LA-PAILA-11-300x200.jpg 300w\" sizes=\"auto, (max-width: 722px) 100vw, 722px\" \/><\/a><p id=\"caption-attachment-46683\" class=\"wp-caption-text\">Javier Laborde Lomel\u00ed lament\u00f3 que se haya otorgado concesiones a empresas extranjeras para realizar esta actividad en las zonas de Actopan y Alto Lucero<\/p><\/div>\n<p>&nbsp;<\/p>\n<p><strong><em>Claudia Peralta V\u00e1zquez<\/em><\/strong><\/p>\n<p><strong><em>06\/05\/18, Xalapa, Ver.- <\/em><\/strong>\u201cNo queremos miner\u00eda t\u00f3xica en Veracruz, esta actividad a cielo abierto no tiene ning\u00fan sustento ambiental, social y cultural\u201d, son las voces vertidas por pobladores, miembros de instituciones, as\u00ed como de organizaciones civiles y sociales, dentro del libro <em>En defensa del patrimonio natural y cultural de Veracruz. El caso del proyecto de la mina La Paila, municipio de Alto Lucero<\/em>.<\/p>\n<p>En el Foro \u201cSergio Galindo\u201d del Complejo Deportivo Omega, sede de la Feria Internacional del Libro Universitario (FILU) 2018, que concluy\u00f3 este domingo 6 de mayo, Domingo Canales Espinosa, director general del \u00c1rea Acad\u00e9mica de Ciencias Biol\u00f3gicas y Agropecuarias de la Universidad Veracruzana (UV), moder\u00f3 la presentaci\u00f3n de esta obra realizada entre la m\u00e1xima casa de estudios y la Secretar\u00eda de Medio Ambiente del Estado de Veracruz (<em>Sedema<\/em>), en coordinaci\u00f3n con otras instancias.<\/p>\n<p>En su mensaje destac\u00f3 la intervenci\u00f3n de la UV en el desarrollo de un coloquio efectuado el a\u00f1o pasado, a trav\u00e9s del cual se logr\u00f3 mediante un esfuerzo in\u00e9dito frenar este proyecto que traer\u00eda consigo riesgos biol\u00f3gicos y ambientales.<\/p>\n<p>Javier Laborde Lomel\u00ed, investigador del Instituto de Ecolog\u00eda, A.C. (<em>Inecol<\/em>), destac\u00f3 que en el ejemplar queda concretado el esfuerzo que debe mantenerse entre la academia y los tomadores de decisiones para proteger el medio ambiente.<\/p>\n<p>Lament\u00f3 que la miner\u00eda sea m\u00e1s importante para la ley mexicana y que las zonas de Actopan y Alto Lucero hayan sido concesionadas a empresas extranjeras para la extracci\u00f3n de oro, as\u00ed como la regi\u00f3n de Tinajitas y Los Tuxtlas.<\/p>\n<p>Estas actividades, dijo, destrozan monta\u00f1as y dejan cicatrices permanentes pues cambian la morfolog\u00eda y arquitectura de estos mont\u00edculos, adem\u00e1s de que la riqueza se va fuera del pa\u00eds y no favorece a los pobladores, quienes desean mantener sus actividades primarias.<\/p>\n<p>Elisa P\u00e9rez, directora de Pronatura Veracruz, subray\u00f3 que el libro es un testimonio f\u00edsico de que no queremos miner\u00eda t\u00f3xica en Veracruz. Asimismo se congratul\u00f3 que hoy en d\u00eda las alianzas entre las organizaciones e instituciones sean cada vez m\u00e1s fuertes, as\u00ed como la resistencia popular por defender su patrimonio biol\u00f3gico y cultural.<\/p>\n<p>Por su parte, Miguel Rubio Godoy, tambi\u00e9n del <em>Inecol<\/em> y miembro del Sistema Nacional de Investigadores (SIN), resalt\u00f3 la importancia de proteger esta zona por la que atraviesa el 95 por ciento de las aves e insectos migratorios de todo el mundo.<\/p>\n<p>Adem\u00e1s, es un lugar \u00fanico pues es una de las zonas de la Sierra Madre Oriental que llega hasta el mar. Tambi\u00e9n es hogar de \u00e1rboles, c\u00edcadas y encinos milenarios.<\/p>\n<p>\u201cLas plantas de la sierra de Chiconquiaco no s\u00f3lo vieron llegar a Hern\u00e1n Cort\u00e9s, sino tambi\u00e9n a los totonacos y la construcci\u00f3n de los sitios arqueol\u00f3gicos.\u201d<\/p>\n<p>En tanto, Mariana Aguilar L\u00f3pez, titular de la <em>Sedema<\/em>, reconoci\u00f3 el esfuerzo de todos los actores que dieron voz a este libro, as\u00ed como a la UV por albergar el coloquio a trav\u00e9s de la<a href=\"https:\/\/www.uv.mx\/biologia\/\" target=\"_blank\" rel=\"noopener\"> Facultad de Biolog\u00eda<\/a>.<\/p>\n","protected":false},"excerpt":{"rendered":"<p>Javier Laborde Lomel\u00ed lament\u00f3 que se haya otorgado concesiones a empresas extranjeras para realizar esta actividad en las zonas de Actopan y Alto Lucero<\/p>\n","protected":false},"author":1869,"featured_media":46683,"comment_status":"closed","ping_status":"closed","sticky":false,"template":"","format":"standard","meta":{"footnotes":""},"categories":[11,5128],"tags":[],"class_list":["post-46682","post","type-post","status-publish","format-standard","has-post-thumbnail","hentry","category-cultura","category-filu"],"_links":{"self":[{"href":"https:\/\/www.uv.mx\/prensa\/wp-json\/wp\/v2\/posts\/46682","targetHints":{"allow":["GET"]}}],"collection":[{"href":"https:\/\/www.uv.mx\/prensa\/wp-json\/wp\/v2\/posts"}],"about":[{"href":"https:\/\/www.uv.mx\/prensa\/wp-json\/wp\/v2\/types\/post"}],"author":[{"embeddable":true,"href":"https:\/\/www.uv.mx\/prensa\/wp-json\/wp\/v2\/users\/1869"}],"replies":[{"embeddable":true,"href":"https:\/\/www.uv.mx\/prensa\/wp-json\/wp\/v2\/comments?post=46682"}],"version-history":[{"count":1,"href":"https:\/\/www.uv.mx\/prensa\/wp-json\/wp\/v2\/posts\/46682\/revisions"}],"predecessor-version":[{"id":104616,"href":"https:\/\/www.uv.mx\/prensa\/wp-json\/wp\/v2\/posts\/46682\/revisions\/104616"}],"wp:featuredmedia":[{"embeddable":true,"href":"https:\/\/www.uv.mx\/prensa\/wp-json\/wp\/v2\/media\/46683"}],"wp:attachment":[{"href":"https:\/\/www.uv.mx\/prensa\/wp-json\/wp\/v2\/media?parent=46682"}],"wp:term":[{"taxonomy":"category","embeddable":true,"href":"https:\/\/www.uv.mx\/prensa\/wp-json\/wp\/v2\/categories?post=46682"},{"taxonomy":"post_tag","embeddable":true,"href":"https:\/\/www.uv.mx\/prensa\/wp-json\/wp\/v2\/tags?post=46682"}],"curies":[{"name":"wp","href":"https:\/\/api.w.org\/{rel}","templated":true}]}}