{"id":46648,"date":"2018-05-05T23:20:39","date_gmt":"2018-05-06T04:20:39","guid":{"rendered":"https:\/\/www.uv.mx\/prensa\/?p=46648"},"modified":"2021-11-08T08:25:15","modified_gmt":"2021-11-08T14:25:15","slug":"premio-nobel-vuelve-noticia-mundial-a-la-literatura","status":"publish","type":"post","link":"https:\/\/www.uv.mx\/prensa\/cultura\/premio-nobel-vuelve-noticia-mundial-a-la-literatura\/","title":{"rendered":"Premio Nobel vuelve noticia mundial a la literatura"},"content":{"rendered":"<ul>\n<li><i>A pesar de no entregar premio este a\u00f1o, su importancia radica en hacer presente a la narrativa en el panorama mundial: Xavi Ay\u00e9n<\/i><\/li>\n<\/ul>\n<p>&nbsp;<\/p>\n<div id=\"attachment_46649\" style=\"width: 732px\" class=\"wp-caption aligncenter\"><a href=\"https:\/\/www.uv.mx\/prensa\/files\/2018\/05\/050518-premios-nobel.jpg\"><img loading=\"lazy\" decoding=\"async\" aria-describedby=\"caption-attachment-46649\" class=\"size-full wp-image-46649\" src=\"https:\/\/www.uv.mx\/prensa\/files\/2018\/05\/050518-premios-nobel.jpg\" alt=\"\" width=\"722\" height=\"481\" srcset=\"https:\/\/www.uv.mx\/prensa\/files\/2018\/05\/050518-premios-nobel.jpg 722w, https:\/\/www.uv.mx\/prensa\/files\/2018\/05\/050518-premios-nobel-300x200.jpg 300w\" sizes=\"auto, (max-width: 722px) 100vw, 722px\" \/><\/a><p id=\"caption-attachment-46649\" class=\"wp-caption-text\">Mois\u00e9s Hern\u00e1ndez y Xavi Ay\u00e9n<\/p><\/div>\n<p>&nbsp;<\/p>\n<p><b><i>David Sandoval Rodr\u00edguez<\/i><\/b><\/p>\n<p><b><i>05\/05\/18, Xalapa, Ver.-<\/i><\/b> El Premio Nobel de Literatura que entrega anualmente la Academia Sueca ha posibilitado que \u201cpor un d\u00eda, la noticia en el mundo sea la literatura\u201d y ha permitido conocer autores que ser\u00eda impensable leer sin esta proyecci\u00f3n, plante\u00f3 el periodista y escritor Xavi Ay\u00e9n, quien convers\u00f3 con Mois\u00e9s Hern\u00e1ndez Romero, librero xalape\u00f1o, en la XXV Feria Internacional del Libro Universitario (FILU) con el tema \u201cLos \u00faltimos premios Nobel\u201d.<\/p>\n<p>Ambos charlaron con el p\u00fablico presente en el Sal\u00f3n \u201cRam\u00f3n Rodr\u00edguez\u201d del Complejo Deportivo Omega, sede de la FILU, sobre los recientes acontecimientos en la Academia Sueca que llevaron a la cancelaci\u00f3n, por este a\u00f1o, de la entrega de la presea, hecho que no suced\u00eda desde 1943.<\/p>\n<p>Ay\u00e9n habl\u00f3 sobre el libro de fotograf\u00edas que elabor\u00f3 con Kim Manresa, considerado \u201cel gran fot\u00f3grafo del continente africano\u201d, en el que registran las entrevistas y los escenarios habituales de 24 escritores galardonados.<\/p>\n<p>En <i>Paseos de Nobel<\/i> se realiz\u00f3 un acompa\u00f1amiento por d\u00edas e incluso semanas con los escritores, algunos de ellos con experiencias singulares como Gabriel Garc\u00eda M\u00e1rquez, quien no hab\u00eda dado una entrevista en 10 a\u00f1os y, gracias al convencimiento de su editora, Carmen Balcells, y su esposa, Mercedes Barcha, accedi\u00f3 a recibirlos en su casa.<\/p>\n<p>Ay\u00e9n consider\u00f3 que la Academia Sueca posiblemente fue muy estricta al decidir no otorgar el premio debido a las denuncias de acoso sexual, o quiz\u00e1 sea que si se compara con las instituciones espa\u00f1olas o latinoamericanas, muchas tendr\u00edan que haber suspendido sus premios, lo que tambi\u00e9n refleja un car\u00e1cter y una postura distinta entre sus miembros.<\/p>\n<p>Record\u00f3 que Xalapa fue el lugar donde se mostr\u00f3 por primera vez la exposici\u00f3n fotogr\u00e1fica de los Nobel que integra actualmente su libro, cuando se ten\u00edan solamente 14 autores, por lo que manifest\u00f3 que le es muy especial volver a esta ciudad.<\/p>\n","protected":false},"excerpt":{"rendered":"<p>A pesar de no entregarse este a\u00f1o, su importancia radica en hacer presente a la narrativa en el panorama mundial: Xavi Ay\u00e9n<\/p>\n","protected":false},"author":1508,"featured_media":46649,"comment_status":"closed","ping_status":"closed","sticky":false,"template":"","format":"standard","meta":{"footnotes":""},"categories":[11,5128],"tags":[],"class_list":["post-46648","post","type-post","status-publish","format-standard","has-post-thumbnail","hentry","category-cultura","category-filu"],"_links":{"self":[{"href":"https:\/\/www.uv.mx\/prensa\/wp-json\/wp\/v2\/posts\/46648","targetHints":{"allow":["GET"]}}],"collection":[{"href":"https:\/\/www.uv.mx\/prensa\/wp-json\/wp\/v2\/posts"}],"about":[{"href":"https:\/\/www.uv.mx\/prensa\/wp-json\/wp\/v2\/types\/post"}],"author":[{"embeddable":true,"href":"https:\/\/www.uv.mx\/prensa\/wp-json\/wp\/v2\/users\/1508"}],"replies":[{"embeddable":true,"href":"https:\/\/www.uv.mx\/prensa\/wp-json\/wp\/v2\/comments?post=46648"}],"version-history":[{"count":1,"href":"https:\/\/www.uv.mx\/prensa\/wp-json\/wp\/v2\/posts\/46648\/revisions"}],"predecessor-version":[{"id":104618,"href":"https:\/\/www.uv.mx\/prensa\/wp-json\/wp\/v2\/posts\/46648\/revisions\/104618"}],"wp:featuredmedia":[{"embeddable":true,"href":"https:\/\/www.uv.mx\/prensa\/wp-json\/wp\/v2\/media\/46649"}],"wp:attachment":[{"href":"https:\/\/www.uv.mx\/prensa\/wp-json\/wp\/v2\/media?parent=46648"}],"wp:term":[{"taxonomy":"category","embeddable":true,"href":"https:\/\/www.uv.mx\/prensa\/wp-json\/wp\/v2\/categories?post=46648"},{"taxonomy":"post_tag","embeddable":true,"href":"https:\/\/www.uv.mx\/prensa\/wp-json\/wp\/v2\/tags?post=46648"}],"curies":[{"name":"wp","href":"https:\/\/api.w.org\/{rel}","templated":true}]}}