{"id":46559,"date":"2018-05-05T20:22:45","date_gmt":"2018-05-06T01:22:45","guid":{"rendered":"https:\/\/www.uv.mx\/prensa\/?p=46559"},"modified":"2021-11-08T08:25:46","modified_gmt":"2021-11-08T14:25:46","slug":"duelo-y-melancolia-la-parte-teorica-mas-fuerte-de-la-obra-de-freud","status":"publish","type":"post","link":"https:\/\/www.uv.mx\/prensa\/cultura\/duelo-y-melancolia-la-parte-teorica-mas-fuerte-de-la-obra-de-freud\/","title":{"rendered":"<em>Duelo y melancol\u00eda<\/em>, la parte te\u00f3rica m\u00e1s fuerte de la obra de Freud"},"content":{"rendered":"<ul>\n<li><i>El libro, con 13 art\u00edculos relacionados, fue presentado en la FILU<\/i><\/li>\n<\/ul>\n<p>&nbsp;<\/p>\n<div id=\"attachment_46564\" style=\"width: 732px\" class=\"wp-caption aligncenter\"><a href=\"https:\/\/www.uv.mx\/prensa\/files\/2018\/05\/050518-Duelo-y-melancolia-2.jpg\"><img loading=\"lazy\" decoding=\"async\" aria-describedby=\"caption-attachment-46564\" class=\"size-full wp-image-46564\" src=\"https:\/\/www.uv.mx\/prensa\/files\/2018\/05\/050518-Duelo-y-melancolia-2.jpg\" alt=\"\" width=\"722\" height=\"481\" srcset=\"https:\/\/www.uv.mx\/prensa\/files\/2018\/05\/050518-Duelo-y-melancolia-2.jpg 722w, https:\/\/www.uv.mx\/prensa\/files\/2018\/05\/050518-Duelo-y-melancolia-2-300x200.jpg 300w\" sizes=\"auto, (max-width: 722px) 100vw, 722px\" \/><\/a><p id=\"caption-attachment-46564\" class=\"wp-caption-text\">Edgar Garc\u00eda, Juan Capetillo, Ricardo Garc\u00eda y Alejandro Carrillo<\/p><\/div>\n<p>&nbsp;<\/p>\n<p><b><i>Jos\u00e9 Luis Couttolenc Soto<\/i><\/b><\/p>\n<p><b><i>05\/05\/18, Xalapa, Ver.-<\/i><\/b> Sigmund Freud, considerado el padre del psicoan\u00e1lisis y una de las mayores figuras intelectuales del siglo XX, escribi\u00f3 numerosos trabajos sobre sus investigaciones, entre las que destaca <i>Duelo y melancol\u00eda<\/i>, que en 2017 cumpli\u00f3 100 a\u00f1os de haber visto la luz.<\/p>\n<p>Al respecto, la Universidad Veracruzana (UV) public\u00f3 <i>Duelo y melancol\u00eda. Freud. Conmemoraci\u00f3n centenaria<\/i>, el jueves 3 de mayo dentro de las actividades de la Feria Internacional del Libro Universitario (FILU) 2018.<\/p>\n<p>La obra, que fue coordinada por Am\u00e9rica Espinosa, Ricardo Garc\u00eda Valdez y Liora Stavchansky, est\u00e1 integrada por 13 art\u00edculos de igual n\u00famero de autores, psicoanalistas todos ellos de M\u00e9xico, Espa\u00f1a y Argentina, quienes abordan diferentes tem\u00e1ticas dirigidas a la recuperaci\u00f3n de lo dicho por Freud, al tiempo que se hacen algunas aportaciones importantes, entre ellas las de Jacques Lacan, psiquiatra, fil\u00f3sofo y psicoanalista franc\u00e9s.<\/p>\n<p>Alejandro Carrillo, investigador de la Universidad de Tlaxcala, coment\u00f3 que <i>Duelo y melancol\u00eda. Freud. Conmemoraci\u00f3n centenaria<\/i> \u201ces una obra te\u00f3rica llena de testimonios, de enlaces hacia la literatura y hacia el pensamiento freudiano que vale la pena recorrer\u201d.<\/p>\n<p>Dijo que en el texto se analizan los casos cl\u00ednicos con una descripci\u00f3n de la fenomenolog\u00eda de la aflicci\u00f3n, en torno a la nostalgia del duelo y la melancol\u00eda.<\/p>\n<p>Participaron tambi\u00e9n en la presentaci\u00f3n, Edgar Garc\u00eda Valencia como moderador, Juan Capetillo como comentarista y Ricardo Garc\u00eda Valdez, compilador.<\/p>\n<p>&nbsp;<\/p>\n<div id=\"attachment_46563\" style=\"width: 732px\" class=\"wp-caption aligncenter\"><a href=\"https:\/\/www.uv.mx\/prensa\/files\/2018\/05\/050518-Duelo-y-melancolia-1.jpg\"><img loading=\"lazy\" decoding=\"async\" aria-describedby=\"caption-attachment-46563\" class=\"size-full wp-image-46563\" src=\"https:\/\/www.uv.mx\/prensa\/files\/2018\/05\/050518-Duelo-y-melancolia-1.jpg\" alt=\"\" width=\"722\" height=\"481\" srcset=\"https:\/\/www.uv.mx\/prensa\/files\/2018\/05\/050518-Duelo-y-melancolia-1.jpg 722w, https:\/\/www.uv.mx\/prensa\/files\/2018\/05\/050518-Duelo-y-melancolia-1-300x200.jpg 300w\" sizes=\"auto, (max-width: 722px) 100vw, 722px\" \/><\/a><p id=\"caption-attachment-46563\" class=\"wp-caption-text\"><em>Duelo y melancol\u00eda. Freud. Conmemoraci\u00f3n centenaria<\/em>, libro publicado por la UV<\/p><\/div>\n","protected":false},"excerpt":{"rendered":"<p>A prop\u00f3sito del centenario de la obra, cumplido en 2017, la Universidad Veracruzana public\u00f3 un texto conmemorativo que fue presentado en la Feria Internacional del Libro Universitario<\/p>\n","protected":false},"author":1508,"featured_media":46563,"comment_status":"closed","ping_status":"closed","sticky":false,"template":"","format":"standard","meta":{"footnotes":""},"categories":[11,5128],"tags":[],"class_list":["post-46559","post","type-post","status-publish","format-standard","has-post-thumbnail","hentry","category-cultura","category-filu"],"_links":{"self":[{"href":"https:\/\/www.uv.mx\/prensa\/wp-json\/wp\/v2\/posts\/46559","targetHints":{"allow":["GET"]}}],"collection":[{"href":"https:\/\/www.uv.mx\/prensa\/wp-json\/wp\/v2\/posts"}],"about":[{"href":"https:\/\/www.uv.mx\/prensa\/wp-json\/wp\/v2\/types\/post"}],"author":[{"embeddable":true,"href":"https:\/\/www.uv.mx\/prensa\/wp-json\/wp\/v2\/users\/1508"}],"replies":[{"embeddable":true,"href":"https:\/\/www.uv.mx\/prensa\/wp-json\/wp\/v2\/comments?post=46559"}],"version-history":[{"count":1,"href":"https:\/\/www.uv.mx\/prensa\/wp-json\/wp\/v2\/posts\/46559\/revisions"}],"predecessor-version":[{"id":104632,"href":"https:\/\/www.uv.mx\/prensa\/wp-json\/wp\/v2\/posts\/46559\/revisions\/104632"}],"wp:featuredmedia":[{"embeddable":true,"href":"https:\/\/www.uv.mx\/prensa\/wp-json\/wp\/v2\/media\/46563"}],"wp:attachment":[{"href":"https:\/\/www.uv.mx\/prensa\/wp-json\/wp\/v2\/media?parent=46559"}],"wp:term":[{"taxonomy":"category","embeddable":true,"href":"https:\/\/www.uv.mx\/prensa\/wp-json\/wp\/v2\/categories?post=46559"},{"taxonomy":"post_tag","embeddable":true,"href":"https:\/\/www.uv.mx\/prensa\/wp-json\/wp\/v2\/tags?post=46559"}],"curies":[{"name":"wp","href":"https:\/\/api.w.org\/{rel}","templated":true}]}}