{"id":46452,"date":"2018-05-04T12:28:42","date_gmt":"2018-05-04T17:28:42","guid":{"rendered":"https:\/\/www.uv.mx\/prensa\/?p=46452"},"modified":"2021-11-08T08:26:06","modified_gmt":"2021-11-08T14:26:06","slug":"democracia-no-ayudo-al-desarrollo-del-pais-analistas","status":"publish","type":"post","link":"https:\/\/www.uv.mx\/prensa\/cultura\/democracia-no-ayudo-al-desarrollo-del-pais-analistas\/","title":{"rendered":"Democracia no ayud\u00f3 al desarrollo del pa\u00eds: analistas"},"content":{"rendered":"<ul>\n<li><em>M\u00e9xico tiene desaf\u00edos muy grandes en diversos rubros como la inseguridad, el desarrollo econ\u00f3mico y el combate a la pobreza, pero tambi\u00e9n construcci\u00f3n de ciudadan\u00eda<\/em><\/li>\n<\/ul>\n<p>&nbsp;<\/p>\n<div id=\"attachment_46397\" style=\"width: 732px\" class=\"wp-caption aligncenter\"><a href=\"https:\/\/www.uv.mx\/prensa\/files\/2018\/05\/030518-CARLOS-Problemas-estructurales-y-sexenio-de-Pena-Nieto-1-100k.jpg\"><img loading=\"lazy\" decoding=\"async\" aria-describedby=\"caption-attachment-46397\" class=\"size-full wp-image-46397\" src=\"https:\/\/www.uv.mx\/prensa\/files\/2018\/05\/030518-CARLOS-Problemas-estructurales-y-sexenio-de-Pena-Nieto-1-100k.jpg\" alt=\"\" width=\"722\" height=\"481\" srcset=\"https:\/\/www.uv.mx\/prensa\/files\/2018\/05\/030518-CARLOS-Problemas-estructurales-y-sexenio-de-Pena-Nieto-1-100k.jpg 722w, https:\/\/www.uv.mx\/prensa\/files\/2018\/05\/030518-CARLOS-Problemas-estructurales-y-sexenio-de-Pena-Nieto-1-100k-300x200.jpg 300w\" sizes=\"auto, (max-width: 722px) 100vw, 722px\" \/><\/a><p id=\"caption-attachment-46397\" class=\"wp-caption-text\">Jorge Rebolledo Flores<\/p><\/div>\n<p>&nbsp;<\/p>\n<p><strong><em>Carlos Hugo Hermida Rosales<\/em><\/strong><\/p>\n<p><strong><em>04\/05\/18, Xalapa, Ver.-<\/em><\/strong> Alejandro Monsiv\u00e1is Carrillo, investigador de El Colegio de la Frontera Norte, mencion\u00f3 que M\u00e9xico tiene desaf\u00edos muy grandes en diversos \u00e1mbitos como la inseguridad, el desarrollo econ\u00f3mico y el combate a la pobreza, pero tambi\u00e9n en construcci\u00f3n de ciudadan\u00eda.<\/p>\n<p>\u201cGran parte de la ciudadan\u00eda mexicana no tiene tolerancia pol\u00edtica, y cuando carece de \u00e9sta se encuentra m\u00e1s dispuesta a aceptar gobernantes populistas\u201d declar\u00f3.<\/p>\n<p>El investigador particip\u00f3 en la Mesa \u201cUn pa\u00eds en crisis. Los problemas estructurales y el sexenio de Pe\u00f1a Nieto\u201d, realizada el 2 de mayo en el Instituto de Investigaciones Hist\u00f3rico-Sociales (IIH-S) de la Universidad Veracruzana (UV), como parte del Ciclo \u201cUna mirada cr\u00edtica a las elecciones de 2018\u201d.<\/p>\n<p>Este evento que se realiza por dicha entidad acad\u00e9mica durante abril y mayo tambi\u00e9n cont\u00f3 con la participaci\u00f3n de Jos\u00e9 Gonz\u00e1lez Sierra, investigador del IIH-S, y Jorge Rebolledo Flores, investigador de El Colegio de Veracruz (<em>Colver<\/em>).<\/p>\n<p>Alejandro Monsiv\u00e1is coment\u00f3 que conforme desciende el nivel de la democracia en M\u00e9xico disminuye la satisfacci\u00f3n con ella y crece la indiferencia hacia la misma.<\/p>\n<p>\u201cPara gran parte de la ciudadan\u00eda en M\u00e9xico hay una actitud general de indiferencia, desapego y desencanto hacia la democracia\u201d, afirm\u00f3.<\/p>\n<p>El investigador enunci\u00f3 que los a\u00f1os de experiencia democr\u00e1tica en el pa\u00eds no han sido suficientes para generar en la poblaci\u00f3n un sentido de democracia robusto, que permita que se valoren al mismo tiempo las instituciones electorales gubernamentales y los derechos de la oposici\u00f3n.<\/p>\n<p>&nbsp;<\/p>\n<div id=\"attachment_46398\" style=\"width: 732px\" class=\"wp-caption aligncenter\"><a href=\"https:\/\/www.uv.mx\/prensa\/files\/2018\/05\/030518-CARLOS-Problemas-estructurales-y-sexenio-de-Pena-Nieto-2-100k.jpg\"><img loading=\"lazy\" decoding=\"async\" aria-describedby=\"caption-attachment-46398\" class=\"size-full wp-image-46398\" src=\"https:\/\/www.uv.mx\/prensa\/files\/2018\/05\/030518-CARLOS-Problemas-estructurales-y-sexenio-de-Pena-Nieto-2-100k.jpg\" alt=\"\" width=\"722\" height=\"481\" srcset=\"https:\/\/www.uv.mx\/prensa\/files\/2018\/05\/030518-CARLOS-Problemas-estructurales-y-sexenio-de-Pena-Nieto-2-100k.jpg 722w, https:\/\/www.uv.mx\/prensa\/files\/2018\/05\/030518-CARLOS-Problemas-estructurales-y-sexenio-de-Pena-Nieto-2-100k-300x200.jpg 300w\" sizes=\"auto, (max-width: 722px) 100vw, 722px\" \/><\/a><p id=\"caption-attachment-46398\" class=\"wp-caption-text\">Alejandro Monsiv\u00e1is<\/p><\/div>\n<p>&nbsp;<\/p>\n<p>\u201cUna de las fallas del proceso de cambio pol\u00edtico en M\u00e9xico, es no saber construir ciudadanos que tengan experiencia concreta y pr\u00e1ctica de lo que es vivir en una democracia que permita el gobierno de las mayor\u00edas, pero tambi\u00e9n la libre expresi\u00f3n de la oposici\u00f3n que no est\u00e1 de acuerdo con \u00e9ste\u201d, enfatiz\u00f3.<\/p>\n<p>Jorge Rebolledo expres\u00f3 que aunque existe una relaci\u00f3n entre la democracia y el aumento de la seguridad y la disminuci\u00f3n de la corrupci\u00f3n, cuando la democracia lleg\u00f3 a M\u00e9xico con el triunfo de la oposici\u00f3n en las elecciones presidenciales del a\u00f1o 2000, estos beneficios no se vieron reflejados.<\/p>\n<p>\u201cEn M\u00e9xico la llegada de la democracia con el cambio de siglo no represent\u00f3 una disminuci\u00f3n de los \u00edndices delictivos, corrupci\u00f3n e impunidad\u201d, asegur\u00f3.<\/p>\n<p>El investigador coment\u00f3 que sin un poder centralizado totalitario el primer presidente mexicano de oposici\u00f3n tuvo que negociar, y para ello decidi\u00f3 comprar voluntades con recursos monetarios.<\/p>\n<p>\u201cPara llegar a acuerdos se repart\u00eda dinero, y as\u00ed el gobierno en el poder y la oposici\u00f3n se volvieron c\u00f3mplices, situaci\u00f3n que ha persistido hasta el d\u00eda de hoy\u201d, declar\u00f3.<\/p>\n<p>Jorge Rebolledo asegur\u00f3 que esta situaci\u00f3n catapult\u00f3 los niveles de impunidad e \u00edndices delictivos, los cuales nunca antes se hab\u00edan visto.<\/p>\n<p>\u201cEl siguiente presidente de la Rep\u00fablica continuar\u00e1 con esta problem\u00e1tica pues no existen soluciones inmediatas que puedan remediarla, la \u00fanica opci\u00f3n posible es erradicar esta pr\u00e1ctica de ra\u00edz\u201d, manifest\u00f3.<\/p>\n<p>&nbsp;<\/p>\n<div id=\"attachment_46399\" style=\"width: 732px\" class=\"wp-caption aligncenter\"><a href=\"https:\/\/www.uv.mx\/prensa\/files\/2018\/05\/030518-CARLOS-Problemas-estructurales-y-sexenio-de-Pena-Nieto-3-100k.jpg\"><img loading=\"lazy\" decoding=\"async\" aria-describedby=\"caption-attachment-46399\" class=\"size-full wp-image-46399\" src=\"https:\/\/www.uv.mx\/prensa\/files\/2018\/05\/030518-CARLOS-Problemas-estructurales-y-sexenio-de-Pena-Nieto-3-100k.jpg\" alt=\"\" width=\"722\" height=\"481\" srcset=\"https:\/\/www.uv.mx\/prensa\/files\/2018\/05\/030518-CARLOS-Problemas-estructurales-y-sexenio-de-Pena-Nieto-3-100k.jpg 722w, https:\/\/www.uv.mx\/prensa\/files\/2018\/05\/030518-CARLOS-Problemas-estructurales-y-sexenio-de-Pena-Nieto-3-100k-300x200.jpg 300w\" sizes=\"auto, (max-width: 722px) 100vw, 722px\" \/><\/a><p id=\"caption-attachment-46399\" class=\"wp-caption-text\">Jos\u00e9 Gonz\u00e1lez Sierra<\/p><\/div>\n","protected":false},"excerpt":{"rendered":"<p>\u201cEn M\u00e9xico la llegada de la democracia con el cambio de siglo no represent\u00f3 una disminuci\u00f3n de los \u00edndices delictivos, corrupci\u00f3n e impunidad\u201d, asegur\u00f3 Jorge Rebolledo<\/p>\n","protected":false},"author":1869,"featured_media":46487,"comment_status":"closed","ping_status":"closed","sticky":false,"template":"","format":"standard","meta":{"footnotes":""},"categories":[11,5128],"tags":[],"class_list":["post-46452","post","type-post","status-publish","format-standard","has-post-thumbnail","hentry","category-cultura","category-filu"],"_links":{"self":[{"href":"https:\/\/www.uv.mx\/prensa\/wp-json\/wp\/v2\/posts\/46452","targetHints":{"allow":["GET"]}}],"collection":[{"href":"https:\/\/www.uv.mx\/prensa\/wp-json\/wp\/v2\/posts"}],"about":[{"href":"https:\/\/www.uv.mx\/prensa\/wp-json\/wp\/v2\/types\/post"}],"author":[{"embeddable":true,"href":"https:\/\/www.uv.mx\/prensa\/wp-json\/wp\/v2\/users\/1869"}],"replies":[{"embeddable":true,"href":"https:\/\/www.uv.mx\/prensa\/wp-json\/wp\/v2\/comments?post=46452"}],"version-history":[{"count":1,"href":"https:\/\/www.uv.mx\/prensa\/wp-json\/wp\/v2\/posts\/46452\/revisions"}],"predecessor-version":[{"id":104644,"href":"https:\/\/www.uv.mx\/prensa\/wp-json\/wp\/v2\/posts\/46452\/revisions\/104644"}],"wp:featuredmedia":[{"embeddable":true,"href":"https:\/\/www.uv.mx\/prensa\/wp-json\/wp\/v2\/media\/46487"}],"wp:attachment":[{"href":"https:\/\/www.uv.mx\/prensa\/wp-json\/wp\/v2\/media?parent=46452"}],"wp:term":[{"taxonomy":"category","embeddable":true,"href":"https:\/\/www.uv.mx\/prensa\/wp-json\/wp\/v2\/categories?post=46452"},{"taxonomy":"post_tag","embeddable":true,"href":"https:\/\/www.uv.mx\/prensa\/wp-json\/wp\/v2\/tags?post=46452"}],"curies":[{"name":"wp","href":"https:\/\/api.w.org\/{rel}","templated":true}]}}