{"id":46386,"date":"2018-05-03T10:37:25","date_gmt":"2018-05-03T15:37:25","guid":{"rendered":"https:\/\/www.uv.mx\/prensa\/?p=46386"},"modified":"2021-11-08T08:26:06","modified_gmt":"2021-11-08T14:26:06","slug":"exhortan-en-la-filu-a-cuidar-y-defender-recursos-hidricos","status":"publish","type":"post","link":"https:\/\/www.uv.mx\/prensa\/cultura\/exhortan-en-la-filu-a-cuidar-y-defender-recursos-hidricos\/","title":{"rendered":"Exhortan en la FILU a cuidar y defender recursos h\u00eddricos"},"content":{"rendered":"<ul>\n<li><em>Socorro Menchaca y especialistas de <\/em>Conagua<em>, <\/em>Sedema<em>y la UV, presentaron en la FILU el libro <\/em>Cultura del agua para la gobernanza en la gesti\u00f3n integral de los recursos h\u00eddricos<\/li>\n<\/ul>\n<div id=\"attachment_46387\" style=\"width: 732px\" class=\"wp-caption aligncenter\"><a href=\"https:\/\/www.uv.mx\/prensa\/files\/2018\/05\/020518-CLAUDIA-Cultura-del-agua-100k.jpg\"><img loading=\"lazy\" decoding=\"async\" aria-describedby=\"caption-attachment-46387\" class=\"size-full wp-image-46387\" src=\"https:\/\/www.uv.mx\/prensa\/files\/2018\/05\/020518-CLAUDIA-Cultura-del-agua-100k.jpg\" alt=\"\" width=\"722\" height=\"482\" srcset=\"https:\/\/www.uv.mx\/prensa\/files\/2018\/05\/020518-CLAUDIA-Cultura-del-agua-100k.jpg 722w, https:\/\/www.uv.mx\/prensa\/files\/2018\/05\/020518-CLAUDIA-Cultura-del-agua-100k-300x200.jpg 300w\" sizes=\"auto, (max-width: 722px) 100vw, 722px\" \/><\/a><p id=\"caption-attachment-46387\" class=\"wp-caption-text\">Exhortan a proteger los recursos h\u00eddricos para garantizar nuestra existencia<\/p><\/div>\n<p>&nbsp;<\/p>\n<p><strong><em>Claudia Peralta V\u00e1zquez<\/em><\/strong><\/p>\n<p><strong><em>02\/05\/2018, Xalapa, Ver.- <\/em><\/strong>La Feria Internacional del Libro Universitario (FILU) 2018 fue el recinto apropiado para lanzar un exhorto a la poblaci\u00f3n en general, en el sentido de cuidar y proteger los recursos h\u00eddricos de los cuales dependen varios ecosistemas.<\/p>\n<p>Este tema es el que aborda el libro <em>Cultura del agua para la gobernanza en la gesti\u00f3n integral de los recursos h\u00eddricos<\/em>, autor\u00eda de Socorro Menchaca, coordinadora del Observatorio del Agua para el Estado de Veracruz, adscrito al <a href=\"https:\/\/www.uv.mx\/cienti\/\" target=\"_blank\" rel=\"noopener\">Centro de Ciencias de la Tierra<\/a> (CCT) de la Universidad Veracruzana (UV), quien llam\u00f3 a promover la protecci\u00f3n de los cuerpos de agua naturales.<\/p>\n<p>En el Sal\u00f3n \u201cJuan Vicente Melo\u201d del Complejo Deportivo Omega, sede de la FILU, la investigadora destac\u00f3 que la visi\u00f3n del libro editado por la UV representa un eje que traspasa todas las pol\u00edticas p\u00fablicas relacionadas con la gesti\u00f3n integral de los recursos h\u00eddricos a partir del establecimiento \u2013en todas las fases del ciclo natural y antr\u00f3pico del agua\u2013 de valores, h\u00e1bitos, conocimientos y el desarrollo de m\u00faltiples capacidades que pueden implementarse en la gesti\u00f3n y en los usuarios del agua.<\/p>\n<p>Durante este foro moderado por Juan Cervantes P\u00e9rez, coordinador del CCT, particip\u00f3 Javier Bello, investigador del <a href=\"https:\/\/www.uv.mx\/veracruz\/icmp\/\" target=\"_blank\" rel=\"noopener\">Instituto de Ciencias Marinas y Pesquer\u00edas<\/a> de la UV, quien coment\u00f3 el da\u00f1o que causan a los ecosistemas costeros y a los manglares, la construcci\u00f3n de grandes proyectos como las presas en r\u00edos.<\/p>\n<p>Tambi\u00e9n habl\u00f3 sobre el crecimiento de las ciudades como es la zona conurbada Veracruz-Boca del R\u00edo, donde la demanda de agua es cada vez mayor.<\/p>\n<p>Por su parte, Gloria Ang\u00e9lica Jim\u00e9nez Mora, de la Comisi\u00f3n Nacional del Agua (<em>Conagua<\/em>), consider\u00f3 importante la participaci\u00f3n de la poblaci\u00f3n para impulsar una nueva cultura del agua, a trav\u00e9s de la educaci\u00f3n de todos los sectores sociales, pues se requiere de cambios radicales en principios y valores para garantizar nuestra propia existencia.<\/p>\n<p>Mariana Aguilar L\u00f3pez, titular de la Secretar\u00eda del Medio Ambiente del Estado de Veracruz (<em>Sedema<\/em>), habl\u00f3 de la importancia de esta obra cuyo objeto de estudio es la cuenca del r\u00edo Pixquiac, que abastece a los municipios de Perote, Las Vigas, Acajete, San Andr\u00e9s Tlalnelhuayocan y Coatepec.<\/p>\n","protected":false},"excerpt":{"rendered":"<p>Socorro Menchaca present\u00f3 su libro <em>Cultura del agua para la gobernanza en la gesti\u00f3n integral de los recursos h\u00eddricos<\/em>, en la FILU 2018<\/p>\n","protected":false},"author":1775,"featured_media":46387,"comment_status":"closed","ping_status":"closed","sticky":false,"template":"","format":"standard","meta":{"footnotes":""},"categories":[11,5128],"tags":[173,3932,4163,611,1366,258,586,4520,4519],"class_list":["post-46386","post","type-post","status-publish","format-standard","has-post-thumbnail","hentry","category-cultura","category-filu","tag-cct","tag-centro-de-ciencias-de-la-tierra","tag-claudia-peralta-vazquez","tag-coordinadora","tag-feria-internacional-del-libro-universitario","tag-filu","tag-libro","tag-observatorio-del-agua-para-el-estado-de-veracruz","tag-socorro-menchaca"],"_links":{"self":[{"href":"https:\/\/www.uv.mx\/prensa\/wp-json\/wp\/v2\/posts\/46386","targetHints":{"allow":["GET"]}}],"collection":[{"href":"https:\/\/www.uv.mx\/prensa\/wp-json\/wp\/v2\/posts"}],"about":[{"href":"https:\/\/www.uv.mx\/prensa\/wp-json\/wp\/v2\/types\/post"}],"author":[{"embeddable":true,"href":"https:\/\/www.uv.mx\/prensa\/wp-json\/wp\/v2\/users\/1775"}],"replies":[{"embeddable":true,"href":"https:\/\/www.uv.mx\/prensa\/wp-json\/wp\/v2\/comments?post=46386"}],"version-history":[{"count":1,"href":"https:\/\/www.uv.mx\/prensa\/wp-json\/wp\/v2\/posts\/46386\/revisions"}],"predecessor-version":[{"id":103451,"href":"https:\/\/www.uv.mx\/prensa\/wp-json\/wp\/v2\/posts\/46386\/revisions\/103451"}],"wp:featuredmedia":[{"embeddable":true,"href":"https:\/\/www.uv.mx\/prensa\/wp-json\/wp\/v2\/media\/46387"}],"wp:attachment":[{"href":"https:\/\/www.uv.mx\/prensa\/wp-json\/wp\/v2\/media?parent=46386"}],"wp:term":[{"taxonomy":"category","embeddable":true,"href":"https:\/\/www.uv.mx\/prensa\/wp-json\/wp\/v2\/categories?post=46386"},{"taxonomy":"post_tag","embeddable":true,"href":"https:\/\/www.uv.mx\/prensa\/wp-json\/wp\/v2\/tags?post=46386"}],"curies":[{"name":"wp","href":"https:\/\/api.w.org\/{rel}","templated":true}]}}