{"id":46357,"date":"2018-05-02T15:35:31","date_gmt":"2018-05-02T20:35:31","guid":{"rendered":"https:\/\/www.uv.mx\/prensa\/?p=46357"},"modified":"2018-05-02T16:02:14","modified_gmt":"2018-05-02T21:02:14","slug":"judocas-orgullosos-de-los-resultados-en-la-universiada-nacional","status":"publish","type":"post","link":"https:\/\/www.uv.mx\/prensa\/deportes\/judocas-orgullosos-de-los-resultados-en-la-universiada-nacional\/","title":{"rendered":"Judocas, orgullosos de los resultados en la Universiada Nacional"},"content":{"rendered":"<ul>\n<li><i>Sara Beatriz Hern\u00e1ndez y Michell Antonio Ju\u00e1rez, ganadores de oro y bronce<\/i><\/li>\n<\/ul>\n<p>&nbsp;<\/p>\n<div id=\"attachment_46358\" style=\"width: 732px\" class=\"wp-caption aligncenter\"><a href=\"https:\/\/www.uv.mx\/prensa\/files\/2018\/05\/020518-Deportes.jpg\"><img loading=\"lazy\" decoding=\"async\" aria-describedby=\"caption-attachment-46358\" class=\"size-full wp-image-46358\" src=\"https:\/\/www.uv.mx\/prensa\/files\/2018\/05\/020518-Deportes.jpg\" alt=\"\" width=\"722\" height=\"482\" srcset=\"https:\/\/www.uv.mx\/prensa\/files\/2018\/05\/020518-Deportes.jpg 722w, https:\/\/www.uv.mx\/prensa\/files\/2018\/05\/020518-Deportes-300x200.jpg 300w\" sizes=\"auto, (max-width: 722px) 100vw, 722px\" \/><\/a><p id=\"caption-attachment-46358\" class=\"wp-caption-text\">Los medallistas de la UV con su entrenadora Juliana Palma<\/p><\/div>\n<p>&nbsp;<\/p>\n<p><b><i>Santiago Morales Ortiz<\/i><\/b><\/p>\n<p><b><i>02\/05\/2018, Xalapa, Ver.-\u00a0<\/i><\/b>Sara Beatriz Hern\u00e1ndez Marcial y Michell Antonio Ju\u00e1rez Rodr\u00edguez retornaron satisfechos al \u201cNido\u201d, despu\u00e9s de su participaci\u00f3n en la Universiada Nacional Toluca 2018, donde ganaron medallas de oro y bronce, respectivamente.<\/p>\n<p>Acompa\u00f1ados por la entrenadora Juliana Palma Valerio, los destacados deportistas compartieron c\u00f3mo se sienten tras combatir en esta justa deportiva.<\/p>\n<p>Al ser su \u00faltima universiada, Sara Beatriz est\u00e1 contenta de cerrar este ciclo con medalla de oro, la cual obtuvo en la categor\u00eda de 48 kilogramos.<\/p>\n<p>\u201cAsist\u00ed bien preparada y muy segura, con el objetivo de lograr la medalla, y qu\u00e9 bueno que se me dio\u201d, coment\u00f3 entusiasmada.<\/p>\n<p>Destac\u00f3 que en el encuentro final para ganar el oro sali\u00f3 \u201cm\u00e1s explosiva\u201d ante la experimentada representante de la Universidad Aut\u00f3noma de Nuevo Le\u00f3n, Daniela Silva.<\/p>\n<p>\u201cEra seguir atacando, sin esperar un contraataque, pues antes me reservaba mucho. Ahora siempre estuve arriba hasta lograr la victoria.\u201d<\/p>\n<p>Por su parte, Michell Antonio, medalla de bronce en 60 kil\u00f3gramos, se\u00f1al\u00f3 que obtenerla lo motiva en diferentes aspectos. \u201cFueron tremendos combates ante representantes de varias universidades del norte. Ganar la presea no fue f\u00e1cil, cost\u00f3 demasiado, pero es muy satisfactorio pues refrend\u00e9 lo realizado el a\u00f1o pasado en Nuevo Le\u00f3n\u201d.<\/p>\n<p>Comparti\u00f3 que es un orgullo representar a la UV \u201cy ahora me seguir\u00e9 preparando con el objetivo de lograr el oro en la pr\u00f3xima universiada, pues todav\u00eda aspiro a cuatro eventos m\u00e1s\u201d.<\/p>\n<p>Por su parte, la entrenadora Juliana Palma se\u00f1al\u00f3 que es satisfactorio cumplir una vez m\u00e1s y con buenos resultados para la Universidad Veracruzana.<\/p>\n<p>\u201cFueron dos medallas. La de bronce se puede considerar tambi\u00e9n como de oro, por la forma en que se consigui\u00f3, pues Michell Ju\u00e1rez venci\u00f3 a un competidor de talla internacional de Chiapas, mostrando alto nivel competitivo.\u201d<\/p>\n<p>En el caso de Sara Beatriz, dijo que cierra en forma exitosa su carrera deportiva con la UV, consiguiendo en total seis medallas: tres de oro, dos de plata y una de bronce, durante las cinco universiadas en las que compiti\u00f3.<\/p>\n<p>\u201cElla seguir\u00e1 participando a nivel de la Federaci\u00f3n Mexicana de Judo, pues su nivel y calidad es internacional\u201d, concluy\u00f3.<\/p>\n","protected":false},"excerpt":{"rendered":"<p>Sara Beatriz Hern\u00e1ndez cierra con medalla de oro su carrera deportiva en la UV. Consigui\u00f3 seis preseas durante las cinco universiadas en las que particip\u00f3: tres de oro, dos de plata y una de bronce<\/p>\n","protected":false},"author":1508,"featured_media":46358,"comment_status":"closed","ping_status":"closed","sticky":false,"template":"","format":"standard","meta":{"footnotes":""},"categories":[12],"tags":[],"class_list":["post-46357","post","type-post","status-publish","format-standard","has-post-thumbnail","hentry","category-deportes"],"_links":{"self":[{"href":"https:\/\/www.uv.mx\/prensa\/wp-json\/wp\/v2\/posts\/46357","targetHints":{"allow":["GET"]}}],"collection":[{"href":"https:\/\/www.uv.mx\/prensa\/wp-json\/wp\/v2\/posts"}],"about":[{"href":"https:\/\/www.uv.mx\/prensa\/wp-json\/wp\/v2\/types\/post"}],"author":[{"embeddable":true,"href":"https:\/\/www.uv.mx\/prensa\/wp-json\/wp\/v2\/users\/1508"}],"replies":[{"embeddable":true,"href":"https:\/\/www.uv.mx\/prensa\/wp-json\/wp\/v2\/comments?post=46357"}],"version-history":[{"count":0,"href":"https:\/\/www.uv.mx\/prensa\/wp-json\/wp\/v2\/posts\/46357\/revisions"}],"wp:featuredmedia":[{"embeddable":true,"href":"https:\/\/www.uv.mx\/prensa\/wp-json\/wp\/v2\/media\/46358"}],"wp:attachment":[{"href":"https:\/\/www.uv.mx\/prensa\/wp-json\/wp\/v2\/media?parent=46357"}],"wp:term":[{"taxonomy":"category","embeddable":true,"href":"https:\/\/www.uv.mx\/prensa\/wp-json\/wp\/v2\/categories?post=46357"},{"taxonomy":"post_tag","embeddable":true,"href":"https:\/\/www.uv.mx\/prensa\/wp-json\/wp\/v2\/tags?post=46357"}],"curies":[{"name":"wp","href":"https:\/\/api.w.org\/{rel}","templated":true}]}}