{"id":46323,"date":"2018-05-02T14:45:37","date_gmt":"2018-05-02T19:45:37","guid":{"rendered":"https:\/\/www.uv.mx\/prensa\/?p=46323"},"modified":"2021-11-08T08:26:31","modified_gmt":"2021-11-08T14:26:31","slug":"protestas-juveniles-forjan-generaciones-politicas-modonesi","status":"publish","type":"post","link":"https:\/\/www.uv.mx\/prensa\/cultura\/protestas-juveniles-forjan-generaciones-politicas-modonesi\/","title":{"rendered":"Protestas juveniles forjan generaciones pol\u00edticas: Modonesi"},"content":{"rendered":"<ul>\n<li><em>En la FILU presentaron su libro <\/em>Militancia, antagonismo y politizaci\u00f3n juvenil en M\u00e9xico<em>, el cual es producto de un trabajo colectivo de investigaci\u00f3n<\/em><\/li>\n<\/ul>\n<p>&nbsp;<\/p>\n<div id=\"attachment_46330\" style=\"width: 732px\" class=\"wp-caption aligncenter\"><a href=\"https:\/\/www.uv.mx\/prensa\/files\/2018\/05\/020518-COUTTOLENC-Presentacion-Massimo-Modonesi-1.jpg\"><img loading=\"lazy\" decoding=\"async\" aria-describedby=\"caption-attachment-46330\" class=\"size-full wp-image-46330\" src=\"https:\/\/www.uv.mx\/prensa\/files\/2018\/05\/020518-COUTTOLENC-Presentacion-Massimo-Modonesi-1.jpg\" alt=\"\" width=\"722\" height=\"482\" srcset=\"https:\/\/www.uv.mx\/prensa\/files\/2018\/05\/020518-COUTTOLENC-Presentacion-Massimo-Modonesi-1.jpg 722w, https:\/\/www.uv.mx\/prensa\/files\/2018\/05\/020518-COUTTOLENC-Presentacion-Massimo-Modonesi-1-300x200.jpg 300w\" sizes=\"auto, (max-width: 722px) 100vw, 722px\" \/><\/a><p id=\"caption-attachment-46330\" class=\"wp-caption-text\">Mart\u00edn Aguilar y Massimo Modonesi, en la presentaci\u00f3n del libro Militancia, antagonismo y politizaci\u00f3n juvenil en M\u00e9xico<\/p><\/div>\n<p>&nbsp;<\/p>\n<p><strong><em>Jos\u00e9 Luis <\/em><\/strong><strong><em>Couttolenc<\/em><\/strong><strong><em> Soto<\/em><\/strong><\/p>\n<p><strong><em>02\/05\/18, Xalapa, Ver.-<\/em><\/strong> Para Massimo Modonesi, profesor de la Universidad Nacional Aut\u00f3noma de M\u00e9xico (UNAM), los diferentes ciclos de protestas que se han desarrollado en nuestro pa\u00eds, de manera particular en la Ciudad de M\u00e9xico, han contribuido al surgimiento de nuevas generaciones pol\u00edticas, cada una en su momento, \u201cpero no son una generaci\u00f3n en el sentido amplio de generaci\u00f3n pol\u00edtica, es decir, son una franja de j\u00f3venes que se politizan en un contexto determinado\u201d.<\/p>\n<p>La anterior aseveraci\u00f3n se puede encontrar en su libro <em>Militancia, antagonismo y politizaci\u00f3n juvenil en M\u00e9xico<\/em>, editado por la UNAM, que la tarde del martes 1 de mayo fue presentado en la Feria Internacional del Libro Universitario (FILU) 2018 que se efect\u00faa en el Complejo Deportivo Omega de la ciudad de Xalapa.<\/p>\n<p>El libro, precisa el autor, es resultado del trabajo de investigaci\u00f3n que realiz\u00f3 un grupo de acad\u00e9micos que participaron activamente en el ciclo de movilizaci\u00f3n 2011-2015, quienes aportan un conjunto de art\u00edculos en los que describen y analizan las principales tendencias y procesos de politizaci\u00f3n antagonista de la generaci\u00f3n de j\u00f3venes activistas y militantes que protagonizaron ciclos de luchas, entre los que destacan #YoSoy132 y las protestas contra la desaparici\u00f3n de los 43 normalistas de Ayotzinapa.<\/p>\n<p>\u201cHubo las generaciones del 68, del 83, del 86 y del 88, que de alguna manera nutrieron la fundaci\u00f3n no s\u00f3lo del movimiento contra el fraude; tenemos el aniversario del 68 y el 88 que en su momento gener\u00f3 tambi\u00e9n movimientos de izquierda. Hubo una generaci\u00f3n zapatista que se form\u00f3 al calor del levantamiento del 1 de enero del 94, y la que sigue a esa generaci\u00f3n vive un proceso intenso de movilizaci\u00f3n, por tanto tiene esa experiencia que no tienen otras generaciones.\u201d<\/p>\n<p>Para concluir, Massimo Modonesi se\u00f1al\u00f3 que el libro aspira a dilucidar aspectos poco estudiados como la dimensi\u00f3n antagonista de las subjetividades juveniles en gestaci\u00f3n, as\u00ed como los rasgos y alcances del recambio generacional de una franja de militantes politizados y organizados.<\/p>\n<p>Los comentarios de la publicaci\u00f3n estuvieron a cargo de Mart\u00edn Aguilar, del Instituto de Investigaciones Hist\u00f3rico-Sociales.<\/p>\n<p>&nbsp;<\/p>\n<div id=\"attachment_46331\" style=\"width: 732px\" class=\"wp-caption aligncenter\"><a href=\"https:\/\/www.uv.mx\/prensa\/files\/2018\/05\/020518-COUTTOLENC-Presentacion-Massimo-Modonesi-2.jpg\"><img loading=\"lazy\" decoding=\"async\" aria-describedby=\"caption-attachment-46331\" class=\"size-full wp-image-46331\" src=\"https:\/\/www.uv.mx\/prensa\/files\/2018\/05\/020518-COUTTOLENC-Presentacion-Massimo-Modonesi-2.jpg\" alt=\"\" width=\"722\" height=\"544\" srcset=\"https:\/\/www.uv.mx\/prensa\/files\/2018\/05\/020518-COUTTOLENC-Presentacion-Massimo-Modonesi-2.jpg 722w, https:\/\/www.uv.mx\/prensa\/files\/2018\/05\/020518-COUTTOLENC-Presentacion-Massimo-Modonesi-2-300x226.jpg 300w\" sizes=\"auto, (max-width: 722px) 100vw, 722px\" \/><\/a><p id=\"caption-attachment-46331\" class=\"wp-caption-text\">Militancia, antagonismo y politizaci\u00f3n juvenil en M\u00e9xico, libro editado por la UNAM y que fue presentado en la FILU<\/p><\/div>\n","protected":false},"excerpt":{"rendered":"<p>Militancia, antagonismo y politizaci\u00f3n juvenil en M\u00e9xico, texto editado por la UNAM, se present\u00f3 en la Feria Internacional del Libro Universitario (FILU) 2018<\/p>\n","protected":false},"author":1869,"featured_media":46330,"comment_status":"closed","ping_status":"closed","sticky":false,"template":"","format":"standard","meta":{"footnotes":""},"categories":[11,5128],"tags":[],"class_list":["post-46323","post","type-post","status-publish","format-standard","has-post-thumbnail","hentry","category-cultura","category-filu"],"_links":{"self":[{"href":"https:\/\/www.uv.mx\/prensa\/wp-json\/wp\/v2\/posts\/46323","targetHints":{"allow":["GET"]}}],"collection":[{"href":"https:\/\/www.uv.mx\/prensa\/wp-json\/wp\/v2\/posts"}],"about":[{"href":"https:\/\/www.uv.mx\/prensa\/wp-json\/wp\/v2\/types\/post"}],"author":[{"embeddable":true,"href":"https:\/\/www.uv.mx\/prensa\/wp-json\/wp\/v2\/users\/1869"}],"replies":[{"embeddable":true,"href":"https:\/\/www.uv.mx\/prensa\/wp-json\/wp\/v2\/comments?post=46323"}],"version-history":[{"count":1,"href":"https:\/\/www.uv.mx\/prensa\/wp-json\/wp\/v2\/posts\/46323\/revisions"}],"predecessor-version":[{"id":104649,"href":"https:\/\/www.uv.mx\/prensa\/wp-json\/wp\/v2\/posts\/46323\/revisions\/104649"}],"wp:featuredmedia":[{"embeddable":true,"href":"https:\/\/www.uv.mx\/prensa\/wp-json\/wp\/v2\/media\/46330"}],"wp:attachment":[{"href":"https:\/\/www.uv.mx\/prensa\/wp-json\/wp\/v2\/media?parent=46323"}],"wp:term":[{"taxonomy":"category","embeddable":true,"href":"https:\/\/www.uv.mx\/prensa\/wp-json\/wp\/v2\/categories?post=46323"},{"taxonomy":"post_tag","embeddable":true,"href":"https:\/\/www.uv.mx\/prensa\/wp-json\/wp\/v2\/tags?post=46323"}],"curies":[{"name":"wp","href":"https:\/\/api.w.org\/{rel}","templated":true}]}}