{"id":46260,"date":"2018-05-01T17:14:45","date_gmt":"2018-05-01T22:14:45","guid":{"rendered":"https:\/\/www.uv.mx\/prensa\/?p=46260"},"modified":"2021-11-08T08:26:31","modified_gmt":"2021-11-08T14:26:31","slug":"calidad-de-la-democracia-depende-de-los-ciudadanos-woldenberg","status":"publish","type":"post","link":"https:\/\/www.uv.mx\/prensa\/cultura\/calidad-de-la-democracia-depende-de-los-ciudadanos-woldenberg\/","title":{"rendered":"Calidad de la democracia depende de los ciudadanos: Woldenberg"},"content":{"rendered":"<ul>\n<li><em>Convers\u00f3 en la FILU 2018 con la rectora Sara Ladr\u00f3n de Guevara sobre sus dos recientes libros: <\/em>Cartas a una joven desencantada con la democracia<em> y <\/em>As\u00ed suele ser la vida<\/li>\n<\/ul>\n<p>&nbsp;<\/p>\n<div id=\"attachment_46270\" style=\"width: 732px\" class=\"wp-caption aligncenter\"><a href=\"https:\/\/www.uv.mx\/prensa\/files\/2018\/05\/010518-Woldenberg-01.jpg\"><img loading=\"lazy\" decoding=\"async\" aria-describedby=\"caption-attachment-46270\" class=\"size-full wp-image-46270\" src=\"https:\/\/www.uv.mx\/prensa\/files\/2018\/05\/010518-Woldenberg-01.jpg\" alt=\"\" width=\"722\" height=\"483\" srcset=\"https:\/\/www.uv.mx\/prensa\/files\/2018\/05\/010518-Woldenberg-01.jpg 722w, https:\/\/www.uv.mx\/prensa\/files\/2018\/05\/010518-Woldenberg-01-300x201.jpg 300w\" sizes=\"auto, (max-width: 722px) 100vw, 722px\" \/><\/a><p id=\"caption-attachment-46270\" class=\"wp-caption-text\">Si creemos que podemos prescindir de los pol\u00edticos, estamos arriesgando la democracia: Jos\u00e9 Woldenberg<\/p><\/div>\n<p>&nbsp;<\/p>\n<p><strong><em>David Sandoval Rodr\u00edguez<\/em><\/strong><\/p>\n<p><strong><em>01\/05\/18 Xalapa, Ver.-<\/em><\/strong> Al presentarse en la Feria Internacional del Libro Universitario (FILU) 2018, Jos\u00e9 Woldenberg, doctor en ciencia pol\u00edtica y quien fuera consejero presidente del extinto Instituto Federal Electoral (IFE), advirti\u00f3 que \u201cpodemos acabar tirando al ni\u00f1o y al agua sucia\u201d cuando creemos que podemos prescindir de los pol\u00edticos, de los partidos, de los congresos y de los gobiernos.<\/p>\n<p>Se\u00f1al\u00f3 que la calidad de la democracia depende en realidad del involucramiento y participaci\u00f3n de los ciudadanos, que \u201csi no participan, si no se organizan, si no tienen agendas propias y no ponen iniciativas sobre la mesa, sin duda alguna vamos a tener una democracia de baj\u00edsima calidad\u201d.<\/p>\n<p>En el foro \u201cSergio Galindo\u201d de la FILU, correspondi\u00f3 a Sara Ladr\u00f3n de Guevara, rectora de la Universidad Veracruzana (UV), conversar con el acad\u00e9mico sobre sus libros <em>Cartas a una joven desencantada con la democracia<\/em> y <em>As\u00ed suele ser la vida<\/em>. <em>Microhomenajes<\/em>; el primero surge de una solicitud del editor Eduardo Rabasa, y el segundo de un inter\u00e9s por continuar su libro anterior <em>Nobleza obliga<\/em>.<\/p>\n<p>\u201cEstamos de pl\u00e1cemes por la presentaci\u00f3n hoy aqu\u00ed de dos libros de Jos\u00e9 Woldenberg, un hombre de m\u00faltiples registros\u201d, dijo la Rectora, quien coment\u00f3 que el primer libro busca infundir \u00e1nimos a una joven desencantada y pregunt\u00f3 si esta obra era una especie de exorcismo.<\/p>\n<p>Las cartas surgen como una preocupaci\u00f3n de que \u201cdado el malestar que flota en nuestra sociedad no seamos capaces de distinguir entre lo que es el ni\u00f1o y el agua sucia. Para m\u00ed el ni\u00f1o que hay que salvar es la germinal y si se quiere, contrahecha democracia que M\u00e9xico ha construido en las \u00faltimas tres d\u00e9cadas y que ha permitido la convivencia y competencia institucional, fundamentalmente pac\u00edfica, de la diversidad pol\u00edtica en nuestro pa\u00eds\u201d.<\/p>\n<p>Con respecto a <em>As\u00ed suele ser la vida. Microhomenajes<\/em>, la Rectora observ\u00f3 que en esta publicaci\u00f3n destaca la ausencia de mujeres y pregunt\u00f3 a su autor la raz\u00f3n de ello a lo que Woldenberg reconoci\u00f3 que fue un error del cual se percat\u00f3 cuando el libro estaba editado y que en realidad lo concibi\u00f3 como una continuaci\u00f3n de otro libro escrito a\u00f1os atr\u00e1s.<\/p>\n<p>El autor coment\u00f3 que la escritura fue instigada principalmente por la muerte de sus homenajeados, algunos otros por el recuerdo pero teniendo en mente su admiraci\u00f3n por todos ellos, desde Winston Churchill hasta Jos\u00e9 Joaqu\u00edn Blanco a quien conoci\u00f3 cuando ambos ingresaron a la universidad, a los 21 a\u00f1os.<\/p>\n<p>&nbsp;<\/p>\n<div id=\"attachment_46249\" style=\"width: 732px\" class=\"wp-caption aligncenter\"><a href=\"https:\/\/www.uv.mx\/prensa\/files\/2018\/05\/jose-woldenberg-y-SLG.jpg\"><img loading=\"lazy\" decoding=\"async\" aria-describedby=\"caption-attachment-46249\" class=\"size-full wp-image-46249\" src=\"https:\/\/www.uv.mx\/prensa\/files\/2018\/05\/jose-woldenberg-y-SLG.jpg\" alt=\"\" width=\"722\" height=\"481\" srcset=\"https:\/\/www.uv.mx\/prensa\/files\/2018\/05\/jose-woldenberg-y-SLG.jpg 722w, https:\/\/www.uv.mx\/prensa\/files\/2018\/05\/jose-woldenberg-y-SLG-300x200.jpg 300w\" sizes=\"auto, (max-width: 722px) 100vw, 722px\" \/><\/a><p id=\"caption-attachment-46249\" class=\"wp-caption-text\">Jos\u00e9 Woldenberg y Sara Ladr\u00f3n de Guevara conversaron sobre la democracia en la XXV FILU<\/p><\/div>\n","protected":false},"excerpt":{"rendered":"<p>El doctor en ciencia pol\u00edtica, present\u00f3 en la FILU 2018 <em>Cartas a una joven desencantada con la democracia<\/em> y <em>As\u00ed suele ser la vida<\/em><\/p>\n","protected":false},"author":1869,"featured_media":46250,"comment_status":"closed","ping_status":"closed","sticky":false,"template":"","format":"standard","meta":{"footnotes":""},"categories":[11,5128,61],"tags":[],"class_list":["post-46260","post","type-post","status-publish","format-standard","has-post-thumbnail","hentry","category-cultura","category-filu","category-banner"],"_links":{"self":[{"href":"https:\/\/www.uv.mx\/prensa\/wp-json\/wp\/v2\/posts\/46260","targetHints":{"allow":["GET"]}}],"collection":[{"href":"https:\/\/www.uv.mx\/prensa\/wp-json\/wp\/v2\/posts"}],"about":[{"href":"https:\/\/www.uv.mx\/prensa\/wp-json\/wp\/v2\/types\/post"}],"author":[{"embeddable":true,"href":"https:\/\/www.uv.mx\/prensa\/wp-json\/wp\/v2\/users\/1869"}],"replies":[{"embeddable":true,"href":"https:\/\/www.uv.mx\/prensa\/wp-json\/wp\/v2\/comments?post=46260"}],"version-history":[{"count":1,"href":"https:\/\/www.uv.mx\/prensa\/wp-json\/wp\/v2\/posts\/46260\/revisions"}],"predecessor-version":[{"id":104650,"href":"https:\/\/www.uv.mx\/prensa\/wp-json\/wp\/v2\/posts\/46260\/revisions\/104650"}],"wp:featuredmedia":[{"embeddable":true,"href":"https:\/\/www.uv.mx\/prensa\/wp-json\/wp\/v2\/media\/46250"}],"wp:attachment":[{"href":"https:\/\/www.uv.mx\/prensa\/wp-json\/wp\/v2\/media?parent=46260"}],"wp:term":[{"taxonomy":"category","embeddable":true,"href":"https:\/\/www.uv.mx\/prensa\/wp-json\/wp\/v2\/categories?post=46260"},{"taxonomy":"post_tag","embeddable":true,"href":"https:\/\/www.uv.mx\/prensa\/wp-json\/wp\/v2\/tags?post=46260"}],"curies":[{"name":"wp","href":"https:\/\/api.w.org\/{rel}","templated":true}]}}