{"id":46239,"date":"2018-05-01T15:24:47","date_gmt":"2018-05-01T20:24:47","guid":{"rendered":"https:\/\/www.uv.mx\/prensa\/?p=46239"},"modified":"2018-05-02T10:22:38","modified_gmt":"2018-05-02T15:22:38","slug":"enfermedades-cronico-degenerativas-persisten-por-sedentarismo","status":"publish","type":"post","link":"https:\/\/www.uv.mx\/prensa\/general\/enfermedades-cronico-degenerativas-persisten-por-sedentarismo\/","title":{"rendered":"Enfermedades cr\u00f3nico-degenerativas persisten por sedentarismo"},"content":{"rendered":"<ul>\n<li><em>La construcci\u00f3n de m\u00e1s hospitales \u201cno har\u00e1 que tengamos una mejor salud, ya que lo que se debe combatir es el sedentarismo\u201d: Yanga Melgarejo<\/em><\/li>\n<li><em>\u201cActualmente para los pap\u00e1s es m\u00e1s f\u00e1cil dejar al ni\u00f1o con aparatos electr\u00f3nicos y televisi\u00f3n que llevarlos a pasear\u201d, afirm\u00f3<\/em><\/li>\n<\/ul>\n<p><em>\u00a0<\/em><\/p>\n<div id=\"attachment_46206\" style=\"width: 732px\" class=\"wp-caption aligncenter\"><a href=\"https:\/\/www.uv.mx\/prensa\/files\/2018\/05\/300418-CARLOS-Acciona-elige-activarte-1.jpg\"><img aria-describedby=\"caption-attachment-46206\" decoding=\"async\" loading=\"lazy\" class=\"size-full wp-image-46206\" src=\"https:\/\/www.uv.mx\/prensa\/files\/2018\/05\/300418-CARLOS-Acciona-elige-activarte-1.jpg\" alt=\"\" width=\"722\" height=\"481\" srcset=\"https:\/\/www.uv.mx\/prensa\/files\/2018\/05\/300418-CARLOS-Acciona-elige-activarte-1.jpg 722w, https:\/\/www.uv.mx\/prensa\/files\/2018\/05\/300418-CARLOS-Acciona-elige-activarte-1-300x200.jpg 300w\" sizes=\"(max-width: 722px) 100vw, 722px\" \/><\/a><p id=\"caption-attachment-46206\" class=\"wp-caption-text\">Participantes en en el foro \u201cAcciona elige activarte\u201d<\/p><\/div>\n<p><strong><em>\u00a0<\/em><\/strong><\/p>\n<p><strong><em>Carlos Hugo Hermida Rosales<\/em><\/strong><\/p>\n<p><em><strong>01\/05\/18, Xalapa, Ver.<\/strong>&#8211;<\/em> Las enfermedades cr\u00f3nico-degenerativas deben combatirse con actividad f\u00edsica y una buena dieta, asegur\u00f3 Yanga Melgarejo Ortiz, encargado de Deporte y Recreaci\u00f3n del Ayuntamiento\u00a0de Xalapa, durante su participaci\u00f3n en el foro \u201cAcciona elige activarte\u201d, el 28 de abril en la <a href=\"https:\/\/www.uv.mx\/usbi\/\" target=\"_blank\" rel=\"noopener\">Unidad de Servicios Bibliotecarios y de Informaci\u00f3n<\/a> (USBI) de la Universidad Veracruzana (UV).<\/p>\n<p>En el evento organizado por la agencia de Publicidad y Relaciones P\u00fablicas ESCOM Morado, integrada por estudiantes de la <a href=\"https:\/\/www.uv.mx\/fcas\/\" target=\"_blank\" rel=\"noopener\">Facultad de Ciencias Administrativas y Sociales<\/a> (FCAS), Melgarejo Ortiz se\u00f1al\u00f3 que la construcci\u00f3n de m\u00e1s hospitales \u201cno har\u00e1 que tengamos mejor salud, ya que lo que se debe combatir es el sedentarismo, as\u00ed como los malos h\u00e1bitos alimenticios\u201d.<\/p>\n<p>El funcionario agreg\u00f3 que uno de los principales obst\u00e1culos para la realizaci\u00f3n de actividad f\u00edsica es la falta de espacios adecuados. \u201cActualmente para los pap\u00e1s es m\u00e1s f\u00e1cil dejar al ni\u00f1o con aparatos electr\u00f3nicos y televisi\u00f3n que llevarlos a pasear\u201d, afirm\u00f3.<\/p>\n<p>En la actividad tambi\u00e9n participaron Miguel N\u00fa\u00f1ez Acosta, director de la Comisi\u00f3n Municipal del Deporte del Ayuntamiento de Misantla; y Jes\u00fas Valenzuela Palos, coordinador de Programas Fundaci\u00f3n Paso del Norte.<\/p>\n<p>N\u00fa\u00f1ez Acosta coment\u00f3 que en M\u00e9xico no se toma el deporte con seriedad, y que si bien los recursos para realizar dichas actividades no son muchos, los promotores pueden buscar alternativas: \u201cNo todo es apoyo econ\u00f3mico, en todos los municipios existen personas apasionadas por el deporte que con gusto apoyar\u00edan para que \u00e9ste se lleve a cabo\u201d, asegur\u00f3.<\/p>\n<p>El tambi\u00e9n ex basquetbolista dijo que es muy importante que las personas realicen deporte, ya que esto repercutir\u00e1 positivamente en su salud, su rendimiento laboral y su autoestima.<\/p>\n<p>Por \u00faltimo, Valenzuela Palos destac\u00f3 la importancia del deporte para combatir la delincuencia, ya que a trav\u00e9s de dicha actividad los ni\u00f1os y j\u00f3venes pueden aprender mucho y adquirir seguridad, lo cual les servir\u00e1 en su etapa adulta.<\/p>\n<p>&nbsp;<\/p>\n<div id=\"attachment_46211\" style=\"width: 732px\" class=\"wp-caption aligncenter\"><a href=\"https:\/\/www.uv.mx\/prensa\/files\/2018\/05\/300418-CARLOS-Acciona-elige-activarte-2.jpg\"><img aria-describedby=\"caption-attachment-46211\" decoding=\"async\" loading=\"lazy\" class=\"size-full wp-image-46211\" src=\"https:\/\/www.uv.mx\/prensa\/files\/2018\/05\/300418-CARLOS-Acciona-elige-activarte-2.jpg\" alt=\"\" width=\"722\" height=\"481\" srcset=\"https:\/\/www.uv.mx\/prensa\/files\/2018\/05\/300418-CARLOS-Acciona-elige-activarte-2.jpg 722w, https:\/\/www.uv.mx\/prensa\/files\/2018\/05\/300418-CARLOS-Acciona-elige-activarte-2-300x200.jpg 300w\" sizes=\"(max-width: 722px) 100vw, 722px\" \/><\/a><p id=\"caption-attachment-46211\" class=\"wp-caption-text\">El evento convoc\u00f3 a p\u00fablico de todas las edades<\/p><\/div>\n","protected":false},"excerpt":{"rendered":"<p>Las enfermedades cr\u00f3nico-degenerativas deben combatirse con actividad f\u00edsica y una buena dieta, afirm\u00f3 Yanga Melgarejo Ortiz<\/p>\n","protected":false},"author":1869,"featured_media":46206,"comment_status":"closed","ping_status":"closed","sticky":false,"template":"","format":"standard","meta":[],"categories":[1],"tags":[],"_links":{"self":[{"href":"https:\/\/www.uv.mx\/prensa\/wp-json\/wp\/v2\/posts\/46239"}],"collection":[{"href":"https:\/\/www.uv.mx\/prensa\/wp-json\/wp\/v2\/posts"}],"about":[{"href":"https:\/\/www.uv.mx\/prensa\/wp-json\/wp\/v2\/types\/post"}],"author":[{"embeddable":true,"href":"https:\/\/www.uv.mx\/prensa\/wp-json\/wp\/v2\/users\/1869"}],"replies":[{"embeddable":true,"href":"https:\/\/www.uv.mx\/prensa\/wp-json\/wp\/v2\/comments?post=46239"}],"version-history":[{"count":0,"href":"https:\/\/www.uv.mx\/prensa\/wp-json\/wp\/v2\/posts\/46239\/revisions"}],"wp:featuredmedia":[{"embeddable":true,"href":"https:\/\/www.uv.mx\/prensa\/wp-json\/wp\/v2\/media\/46206"}],"wp:attachment":[{"href":"https:\/\/www.uv.mx\/prensa\/wp-json\/wp\/v2\/media?parent=46239"}],"wp:term":[{"taxonomy":"category","embeddable":true,"href":"https:\/\/www.uv.mx\/prensa\/wp-json\/wp\/v2\/categories?post=46239"},{"taxonomy":"post_tag","embeddable":true,"href":"https:\/\/www.uv.mx\/prensa\/wp-json\/wp\/v2\/tags?post=46239"}],"curies":[{"name":"wp","href":"https:\/\/api.w.org\/{rel}","templated":true}]}}