{"id":46227,"date":"2018-05-01T14:22:56","date_gmt":"2018-05-01T19:22:56","guid":{"rendered":"https:\/\/www.uv.mx\/prensa\/?p=46227"},"modified":"2021-10-22T11:47:42","modified_gmt":"2021-10-22T16:47:42","slug":"dia-de-las-humanidades-dedicado-a-su-papel-en-latinoamerica","status":"publish","type":"post","link":"https:\/\/www.uv.mx\/prensa\/general\/dia-de-las-humanidades-dedicado-a-su-papel-en-latinoamerica\/","title":{"rendered":"D\u00eda de las Humanidades, dedicado a su papel en Latinoam\u00e9rica"},"content":{"rendered":"<ul>\n<li><em>Se desarrollar\u00e1 del 7 al 9 de mayo en la Unidad de Humanidades y en la Facultad de Pedagog\u00eda<\/em><\/li>\n<li><em><em>Tendr\u00e1 como invitadas a las facultades del \u00c1rea Acad\u00e9mica de Artes<\/em><\/em><\/li>\n<\/ul>\n<div id=\"attachment_46268\" style=\"width: 552px\" class=\"wp-caption aligncenter\"><a href=\"https:\/\/www.uv.mx\/prensa\/files\/2018\/05\/010518-Dia-de-las-humanidades-1-100k2.jpg\"><img loading=\"lazy\" decoding=\"async\" aria-describedby=\"caption-attachment-46268\" class=\"size-full wp-image-46268\" src=\"https:\/\/www.uv.mx\/prensa\/files\/2018\/05\/010518-Dia-de-las-humanidades-1-100k2.jpg\" alt=\"\" width=\"542\" height=\"722\" srcset=\"https:\/\/www.uv.mx\/prensa\/files\/2018\/05\/010518-Dia-de-las-humanidades-1-100k2.jpg 542w, https:\/\/www.uv.mx\/prensa\/files\/2018\/05\/010518-Dia-de-las-humanidades-1-100k2-225x300.jpg 225w\" sizes=\"auto, (max-width: 542px) 100vw, 542px\" \/><\/a><p id=\"caption-attachment-46268\" class=\"wp-caption-text\">Algunos integrantes del comit\u00e9 organizador<\/p><\/div>\n<p>&nbsp;<\/p>\n<p class=\"Cuerpo\"><span class=\"Ninguno\"><b><i>Karina de la Paz Reyes D\u00edaz<\/i><\/b><\/span><\/p>\n<p class=\"Cuerpo\"><span class=\"Ninguno\"><b><i>01\/05<\/i><\/b><\/span><span class=\"Ninguno\"><b><i><span lang=\"IT\">\/18, Xalapa, Ver.- <\/span><\/i><\/b><\/span><span class=\"Ninguno\">La cuarta edici\u00f3<\/span><span class=\"Ninguno\"><span lang=\"IT\">n del D<\/span><\/span><span class=\"Ninguno\">\u00eda de las Humanidades, organizada por los consejeros alumnos de las facultades que conforman el \u00c1rea Acad\u00e9mica de Humanidades de la Universidad Veracruzana (UV), tendr\u00e1 <\/span><span class=\"Ninguno\"><span lang=\"PT\">como tema principal <\/span><\/span><span class=\"Ninguno\">\u201cEl papel de las humanidades en Am\u00e9<\/span><span class=\"Ninguno\"><span lang=\"IT\">rica Latina<\/span><\/span><span class=\"Ninguno\">\u201d.<\/span><\/p>\n<p class=\"Cuerpo\"><span class=\"Ninguno\">Este ejercicio se desarrollar\u00e1 del 7 al 9 de mayo en la Unidad de Humanidades y en la <a href=\"https:\/\/www.uv.mx\/pedagogia\/\" target=\"_blank\" rel=\"noopener\">Facultad de Pedagog\u00eda<\/a>; incluye ponencias, conferencias y foros de discusi\u00f3n, adem\u00e1s de actividades deportivas, culturales y art\u00edsticas, con el prop\u00f3sito de complementar el ejercicio de reflexi\u00f3n y de discusi\u00f3n.<\/span><\/p>\n<p class=\"Cuerpo\"><span class=\"Ninguno\"><span lang=\"IT\">Silvia Ang<\/span><\/span><span class=\"Ninguno\">\u00e9lica Tepetla Rojas y Donaldo Ulises Melgarejo Ortiz, consejeros alumnos de las facultades de Antropolog\u00eda y Filosof\u00eda, respectivamente, destacaron que en esta ocasi\u00f3<\/span><span class=\"Ninguno\"><span lang=\"FR\">n tendr<\/span><\/span><span class=\"Ninguno\">\u00e1n como invitados a estudiantes y docentes de las facultades del \u00c1rea Acad\u00e9<\/span><span class=\"Ninguno\"><span lang=\"PT\">mica de Artes (AAA): Artes Pl<\/span><\/span><span class=\"Ninguno\">\u00e1sticas, Centro de Estudios de Jazz, Danza, M\u00fasica y Teatro.<\/span><\/p>\n<p class=\"Cuerpo\"><span class=\"Ninguno\">Para ambos, el D\u00eda de las Humanidades representa un evento donde es posible se\u00f1alar perspectivas y nociones que var\u00edan bajo la delimitaci\u00f3n de cada ciencia social, pero que, a su vez, permiten el intercambio de reflexiones y resultados alcanzados en los diversos campos de acci\u00f3n.<\/span><\/p>\n<p class=\"Cuerpo\"><span class=\"Ninguno\">Explicaron que el comit\u00e9 organizador, conformado por consejeros alumnos, estudiantes y docentes de esta \u00e1rea acad\u00e9mica, propusieron como tema de esta edici\u00f3n y comentaron sobre el esfuerzo que les represent\u00f3<\/span><span class=\"Ninguno\"><span lang=\"FR\">dise<\/span><\/span><span class=\"Ninguno\">\u00f1ar un evento donde lo m\u00e1s perceptible sea la interdisciplina, pues no se trata de hacer algo s\u00f3<\/span><span class=\"Ninguno\"><span lang=\"PT\">lo para antrop<\/span><\/span><span class=\"Ninguno\">\u00f3<\/span><span class=\"Ninguno\"><span lang=\"PT\">logos o fil<\/span><\/span><span class=\"Ninguno\">\u00f3sofos, sino para las humanidades en general.<\/span><\/p>\n<p class=\"Cuerpo\"><span class=\"Ninguno\">\u201cNo es raro ni nuevo el decir que las humanidades est\u00e1n en una crisis y es nuestro deber discutir c\u00f3mo resarcirlo, qu\u00e9 podemos aportar\u201d, dijo Silvia Ang\u00e9<\/span><span class=\"Ninguno\"><span lang=\"PT\">lica.<\/span><\/span><\/p>\n<p class=\"Cuerpo\"><span class=\"Ninguno\">\u201cAdem\u00e1s, hay una contraposici\u00f3n entre las llamadas ciencias \u2018<\/span><span class=\"Ninguno\"><span lang=\"PT\">duras<\/span><\/span><span class=\"Ninguno\">\u2019 y las del \u2018esp\u00edritu\u2019; ambas pueden ser llamadas ciencias, y su enfoque de estudio es totalmente diferente. Entonces, si las ciencias exactas tienen un gran valor, nosotros tambi\u00e9n tenemos que dar un valor a nuestro quehacer y objeto de estudio\u201d, a\u00f1adi\u00f3 <\/span><span class=\"Ninguno\"><span lang=\"PT\">Donaldo Ulises.<\/span><\/span><\/p>\n<p class=\"Cuerpo\"><span class=\"Ninguno\">Sobre el tema principal del D\u00eda de las Humanidades, comentaron que normalmente como parte de un programa acad\u00e9<\/span><span class=\"Ninguno\"><span lang=\"PT\">mico de tal <\/span><\/span><span class=\"Ninguno\">\u00e1rea se estudia y trabaja a partir de autores y te\u00f3ricos de Europa o norteamericanos, y poco se considera a los latinoamericanos y mexicanos. Para atender tal escasez es que decidieron intitular esta edici\u00f3n \u201cEl papel de las humanidades en Am\u00e9<\/span><span class=\"Ninguno\"><span lang=\"IT\">rica Latina<\/span><\/span><span class=\"Ninguno\">\u201d.<\/span><\/p>\n<p class=\"Cuerpo\"><span class=\"Ninguno\">Las actividades inician el lunes 7 a las 9:30 horas en el Sal\u00f3n Azul de la Unidad de Humanidades; ah\u00ed mismo, pero una hora despu\u00e9s, Malik Tahar Chaouch, del <a href=\"https:\/\/www.uv.mx\/iihs\/\" target=\"_blank\" rel=\"noopener\">Instituto de Investigaciones Hist\u00f3rico-Sociales<\/a>, impartir\u00e1 la conferencia \u201cHumanidades, ciencias sociales y modernidad: perspectivas cr\u00edticas desde Am\u00e9<\/span><span class=\"Ninguno\"><span lang=\"IT\">rica Latina<\/span><\/span><span class=\"Ninguno\">\u201d.<\/span><\/p>\n<p class=\"Cuerpo\"><span class=\"Ninguno\">Para conocer m\u00e1s detalles de este evento, puede consultar en <\/span><span class=\"Ninguno\"><span lang=\"NL\">Facebook<\/span><\/span><span class=\"Ninguno\"><span lang=\"DE\">: D<\/span><\/span><span class=\"Ninguno\">\u00eda de las Humanidades UV.<\/span><\/p>\n","protected":false},"excerpt":{"rendered":"<p>\u201cNo es raro ni nuevo el decir que las humanidades est\u00e1n en una crisis y es nuestro deber discutir c\u00f3mo resarcirlo, qu\u00e9 podemos aportar\u201d, dijo la estudiante Silvia Ang\u00e9lica<\/p>\n","protected":false},"author":1775,"featured_media":46268,"comment_status":"closed","ping_status":"closed","sticky":false,"template":"","format":"standard","meta":{"footnotes":""},"categories":[1],"tags":[857,740,4511,4015],"class_list":["post-46227","post","type-post","status-publish","format-standard","has-post-thumbnail","hentry","category-general","tag-area-academica-de-humanidades","tag-consejeros-alumnos","tag-dia-de-las-humanidades","tag-karina-de-la-paz-reyes-diaz"],"_links":{"self":[{"href":"https:\/\/www.uv.mx\/prensa\/wp-json\/wp\/v2\/posts\/46227","targetHints":{"allow":["GET"]}}],"collection":[{"href":"https:\/\/www.uv.mx\/prensa\/wp-json\/wp\/v2\/posts"}],"about":[{"href":"https:\/\/www.uv.mx\/prensa\/wp-json\/wp\/v2\/types\/post"}],"author":[{"embeddable":true,"href":"https:\/\/www.uv.mx\/prensa\/wp-json\/wp\/v2\/users\/1775"}],"replies":[{"embeddable":true,"href":"https:\/\/www.uv.mx\/prensa\/wp-json\/wp\/v2\/comments?post=46227"}],"version-history":[{"count":1,"href":"https:\/\/www.uv.mx\/prensa\/wp-json\/wp\/v2\/posts\/46227\/revisions"}],"predecessor-version":[{"id":103446,"href":"https:\/\/www.uv.mx\/prensa\/wp-json\/wp\/v2\/posts\/46227\/revisions\/103446"}],"wp:featuredmedia":[{"embeddable":true,"href":"https:\/\/www.uv.mx\/prensa\/wp-json\/wp\/v2\/media\/46268"}],"wp:attachment":[{"href":"https:\/\/www.uv.mx\/prensa\/wp-json\/wp\/v2\/media?parent=46227"}],"wp:term":[{"taxonomy":"category","embeddable":true,"href":"https:\/\/www.uv.mx\/prensa\/wp-json\/wp\/v2\/categories?post=46227"},{"taxonomy":"post_tag","embeddable":true,"href":"https:\/\/www.uv.mx\/prensa\/wp-json\/wp\/v2\/tags?post=46227"}],"curies":[{"name":"wp","href":"https:\/\/api.w.org\/{rel}","templated":true}]}}