{"id":46225,"date":"2018-05-01T14:20:38","date_gmt":"2018-05-01T19:20:38","guid":{"rendered":"https:\/\/www.uv.mx\/prensa\/?p=46225"},"modified":"2021-11-08T08:26:31","modified_gmt":"2021-11-08T14:26:31","slug":"voto-informado-veracruz-promueve-cultura-democratica","status":"publish","type":"post","link":"https:\/\/www.uv.mx\/prensa\/cultura\/voto-informado-veracruz-promueve-cultura-democratica\/","title":{"rendered":"\u201cVoto Informado Veracruz\u201d promueve cultura democr\u00e1tica"},"content":{"rendered":"<ul>\n<li><em>UV present\u00f3 esta iniciativa, impulsada en coordinaci\u00f3n con la UNAM, cuyo fin es incentivar la participaci\u00f3n informada en el proceso electoral 2018\u00a0<\/em><\/li>\n<li><em>La plataforma est\u00e1 disponible en el sitio web <a href=\"http:\/\/votoinformadoveracruz.uv.mx\/\" target=\"_blank\" rel=\"noopener\">http:\/\/votoinformadoveracruz.uv.mx\/<\/a><\/em><\/li>\n<\/ul>\n<p>&nbsp;<\/p>\n<div id=\"attachment_46213\" style=\"width: 732px\" class=\"wp-caption aligncenter\"><a href=\"https:\/\/www.uv.mx\/prensa\/files\/2018\/05\/300418-CARLOS-Voto-Informado-1.jpg\"><img loading=\"lazy\" decoding=\"async\" aria-describedby=\"caption-attachment-46213\" class=\"size-full wp-image-46213\" src=\"https:\/\/www.uv.mx\/prensa\/files\/2018\/05\/300418-CARLOS-Voto-Informado-1.jpg\" alt=\"\" width=\"722\" height=\"482\" srcset=\"https:\/\/www.uv.mx\/prensa\/files\/2018\/05\/300418-CARLOS-Voto-Informado-1.jpg 722w, https:\/\/www.uv.mx\/prensa\/files\/2018\/05\/300418-CARLOS-Voto-Informado-1-300x200.jpg 300w\" sizes=\"auto, (max-width: 722px) 100vw, 722px\" \/><\/a><p id=\"caption-attachment-46213\" class=\"wp-caption-text\">La Rectora celebr\u00f3 que la UV contribuya el ejercicio de la democracia<\/p><\/div>\n<p><em>\u00a0<\/em><\/p>\n<p><em><strong>Carlos Hugo Hermida Rosales<\/strong><\/em><\/p>\n<p><em><strong>01\/05<\/strong><strong>\/18, Xalapa, Ver.-<\/strong><\/em> La Universidad Veracruzana (UV) y la Universidad Nacional Aut\u00f3noma de M\u00e9xico (UNAM) presentaron la plataforma \u201cVoto Informado Veracruz\u201d, que tiene la finalidad de promover la cultura democr\u00e1tica y la participaci\u00f3n informada en el proceso electoral 2018.<\/p>\n<p>Durante el evento, realizado el 30 de abril en la <a href=\"https:\/\/www.uv.mx\/usbi\/\" target=\"_blank\" rel=\"noopener\">Unidad de Servicios Bibliotecarios y de Informaci\u00f3n<\/a> (USBI), Claudio Rafael Castro L\u00f3pez, coordinador del Centro de Estudios de Opini\u00f3n y An\u00e1lisis (CEOA) de la UV, asegur\u00f3 que la falta de participaci\u00f3n ciudadana debilita a la democracia y tiene un impacto negativo en la rendici\u00f3n de cuentas, as\u00ed como en la igualdad pol\u00edtica.<\/p>\n<p>Explic\u00f3 que esta iniciativa tendr\u00e1 tres pilares. El primero es \u201cVoto Informado Veracruz\u201d, consistente en la aplicaci\u00f3n de cuestionarios a los candidatos a gobernador y diputados, mismos que despu\u00e9s podr\u00e1n responder los ciudadanos.<\/p>\n<p>El segundo es \u201cConstrucci\u00f3n de ciudadan\u00eda\u201d, el cual pondr\u00e1 al alcance de los ciudadanos informaci\u00f3n que favorezca su participaci\u00f3n razonada en el proceso electoral.<\/p>\n<p>El tercer pilar ser\u00e1 \u201cEntrevistas\u201d, en el cual se realizar\u00e1n 38 preguntas a los candidatos sobre temas como programas y pol\u00edticas p\u00fablicas, seguridad, corrupci\u00f3n y orientaci\u00f3n ideol\u00f3gica.<\/p>\n<p>En su oportunidad, Sara Ladr\u00f3n de Guevara, rectora de la UV, manifest\u00f3 que en tiempos electorales \u201cdebemos ser muy cuidadosos de que el acercamiento a las propuestas de candidatos de partidos y coaliciones no signifique un posicionamiento partidista\u201d.<\/p>\n<p>Es por ello que la UV y la UNAM desarrollaron \u201cVoto Informado Veracruz\u201d, mecanismo institucional para el seguimiento, valoraci\u00f3n e interacci\u00f3n entre universitarios y ciudadanos, y las ideas y propuestas de los candidatos en el actual proceso electoral.<\/p>\n<p>Cabe se\u00f1alar que este ejercicio tiene dos antecedentes en esta casa de estudios, ya que en 2015 la UV y la UNAM difundieron la plataforma \u201cVoto Informado UNAM 2015\u201d, en los comicios en los que se eligieron diputados federales; y en 2016 ambas instituciones llevaron a cabo el proyecto \u201cVoto Informado Veracruz\u201d, con amplia participaci\u00f3n de la comunidad universitaria a trav\u00e9s de comit\u00e9s acad\u00e9micos, t\u00e9cnicos y sociales.<\/p>\n<p>\u201cCelebro que este compromiso con la sociedad veracruzana y mexicana en general, encuentre continuidad en esta casa de estudios, y que en el cumplimiento de esta tarea y a trav\u00e9s de nuestra labor, contribuyamos al ejercicio de la democracia en nuestro pa\u00eds\u201d, manifest\u00f3 Ladr\u00f3n de Guevara.<\/p>\n<p>La presentaci\u00f3n de la plataforma \u201cVoto Informado Veracruz\u201d, tambi\u00e9n cont\u00f3 con la presencia de Octavio Ochoa Contreras, secretario de Desarrollo Institucional; Raciel Dam\u00f3n Mart\u00ednez G\u00f3mez, director General de Comunicaci\u00f3n Universitaria, y Claudia Bodek Stavenhagen, representante de la UNAM.<\/p>\n<p>La plataforma \u201cVoto Informado Veracruz\u201d, se encuentra disponible en el sitio web http:\/\/votoinformadoveracruz.uv.mx\/<\/p>\n<p>&nbsp;<\/p>\n<div id=\"attachment_46224\" style=\"width: 732px\" class=\"wp-caption aligncenter\"><a href=\"https:\/\/www.uv.mx\/prensa\/files\/2018\/05\/300418-CARLOS-Voto-Informado-2-K.jpg\"><img loading=\"lazy\" decoding=\"async\" aria-describedby=\"caption-attachment-46224\" class=\"size-full wp-image-46224\" src=\"https:\/\/www.uv.mx\/prensa\/files\/2018\/05\/300418-CARLOS-Voto-Informado-2-K.jpg\" alt=\"\" width=\"722\" height=\"482\" srcset=\"https:\/\/www.uv.mx\/prensa\/files\/2018\/05\/300418-CARLOS-Voto-Informado-2-K.jpg 722w, https:\/\/www.uv.mx\/prensa\/files\/2018\/05\/300418-CARLOS-Voto-Informado-2-K-300x200.jpg 300w\" sizes=\"auto, (max-width: 722px) 100vw, 722px\" \/><\/a><p id=\"caption-attachment-46224\" class=\"wp-caption-text\">Autoridades universitarias promueven \u201cVoto Informado Veracruz\u201d<\/p><\/div>\n","protected":false},"excerpt":{"rendered":"<p>A trav\u00e9s de esta plataforma, la UNAM y la UV promueven la cultura democr\u00e1tica y la participaci\u00f3n informada en el proceso electoral 2018<\/p>\n","protected":false},"author":1869,"featured_media":46221,"comment_status":"closed","ping_status":"closed","sticky":false,"template":"","format":"standard","meta":{"footnotes":""},"categories":[11,5128,61],"tags":[],"class_list":["post-46225","post","type-post","status-publish","format-standard","has-post-thumbnail","hentry","category-cultura","category-filu","category-banner"],"_links":{"self":[{"href":"https:\/\/www.uv.mx\/prensa\/wp-json\/wp\/v2\/posts\/46225","targetHints":{"allow":["GET"]}}],"collection":[{"href":"https:\/\/www.uv.mx\/prensa\/wp-json\/wp\/v2\/posts"}],"about":[{"href":"https:\/\/www.uv.mx\/prensa\/wp-json\/wp\/v2\/types\/post"}],"author":[{"embeddable":true,"href":"https:\/\/www.uv.mx\/prensa\/wp-json\/wp\/v2\/users\/1869"}],"replies":[{"embeddable":true,"href":"https:\/\/www.uv.mx\/prensa\/wp-json\/wp\/v2\/comments?post=46225"}],"version-history":[{"count":1,"href":"https:\/\/www.uv.mx\/prensa\/wp-json\/wp\/v2\/posts\/46225\/revisions"}],"predecessor-version":[{"id":104655,"href":"https:\/\/www.uv.mx\/prensa\/wp-json\/wp\/v2\/posts\/46225\/revisions\/104655"}],"wp:featuredmedia":[{"embeddable":true,"href":"https:\/\/www.uv.mx\/prensa\/wp-json\/wp\/v2\/media\/46221"}],"wp:attachment":[{"href":"https:\/\/www.uv.mx\/prensa\/wp-json\/wp\/v2\/media?parent=46225"}],"wp:term":[{"taxonomy":"category","embeddable":true,"href":"https:\/\/www.uv.mx\/prensa\/wp-json\/wp\/v2\/categories?post=46225"},{"taxonomy":"post_tag","embeddable":true,"href":"https:\/\/www.uv.mx\/prensa\/wp-json\/wp\/v2\/tags?post=46225"}],"curies":[{"name":"wp","href":"https:\/\/api.w.org\/{rel}","templated":true}]}}