{"id":46218,"date":"2018-05-01T16:49:50","date_gmt":"2018-05-01T21:49:50","guid":{"rendered":"https:\/\/www.uv.mx\/prensa\/?p=46218"},"modified":"2021-11-08T08:26:31","modified_gmt":"2021-11-08T14:26:31","slug":"publicaciones-en-redes-sociales-denotan-lo-que-somos-gabriel-perez","status":"publish","type":"post","link":"https:\/\/www.uv.mx\/prensa\/cultura\/publicaciones-en-redes-sociales-denotan-lo-que-somos-gabriel-perez\/","title":{"rendered":"Publicaciones en redes sociales denotan lo que somos: Gabriel P\u00e9rez"},"content":{"rendered":"<ul>\n<li><em>El catedr\u00e1tico de la Universidad Aut\u00f3noma de Coahuila particip\u00f3 en la mesa \u201cComunicaci\u00f3n y construcci\u00f3n de la identidad\u201d del Foro Acad\u00e9mico de la FILU 2018<\/em><\/li>\n<li><em>Tambi\u00e9n intervinieron Sarah Corona, Homero \u00c1vila y Eric Abad Esp\u00edndola<\/em><\/li>\n<\/ul>\n<p>&nbsp;<\/p>\n<div id=\"attachment_46255\" style=\"width: 732px\" class=\"wp-caption aligncenter\"><a href=\"https:\/\/www.uv.mx\/prensa\/files\/2018\/05\/010518-COMUNICACION-Y-CONSTRUCCION-DE-LA-IDENTIDAD-1.jpg\"><img loading=\"lazy\" decoding=\"async\" aria-describedby=\"caption-attachment-46255\" class=\"size-full wp-image-46255\" src=\"https:\/\/www.uv.mx\/prensa\/files\/2018\/05\/010518-COMUNICACION-Y-CONSTRUCCION-DE-LA-IDENTIDAD-1.jpg\" alt=\"\" width=\"722\" height=\"458\" srcset=\"https:\/\/www.uv.mx\/prensa\/files\/2018\/05\/010518-COMUNICACION-Y-CONSTRUCCION-DE-LA-IDENTIDAD-1.jpg 722w, https:\/\/www.uv.mx\/prensa\/files\/2018\/05\/010518-COMUNICACION-Y-CONSTRUCCION-DE-LA-IDENTIDAD-1-300x190.jpg 300w\" sizes=\"auto, (max-width: 722px) 100vw, 722px\" \/><\/a><p id=\"caption-attachment-46255\" class=\"wp-caption-text\">Especialistas en comunicaci\u00f3n disertaron sobre identidad y sus diversas expresiones<\/p><\/div>\n<p>&nbsp;<\/p>\n<p><em><strong>Claudia Peralta V<\/strong><strong>\u00e1zquez <\/strong><\/em><\/p>\n<p><em><strong>01\/05\/18, Xalapa, Ver.-<\/strong><\/em> \u201cNuestras publicaciones en redes sociales dan cuenta de qui\u00e9nes somos, nos presentamos de forma inconsciente y somos profundamente discriminatorios y racistas cuando nos burlamos de los consumos comerciales de los otros\u201d, expres\u00f3 Gabriel P\u00e9rez Salazar, catedr\u00e1tico de la Universidad Aut\u00f3noma de Coahuila (UAdeC), durante su participaci\u00f3n en el Foro Acad\u00e9mico de la Feria Internacional del Libro Universitario (FILU) 2018 de la Universidad Veracruzana (UV) este martes.<\/p>\n<p>En la mesa cuatro \u201cComunicaci\u00f3n y construcci\u00f3n de la identidad\u201d, moderada por Celia del Palacio, coordinadora del <a href=\"https:\/\/www.uv.mx\/cecc\/\" target=\"_blank\" rel=\"noopener\">Centro de Estudios de la Cultura y la Comunicaci\u00f3n<\/a> (CECC) , el profesor de la Facultad de Comunicaci\u00f3n de la UAdeC reflexion\u00f3 sobre la identidad y la forma en que se expresa a trav\u00e9s de redes sociales.<\/p>\n<p>En el sal\u00f3n Emilio Carballido del Complejo Deportivo Omega, Sarah Corona, directora del Centro de Estudios Latinoamericanos Avanzados (CALAS, por sus siglas en ingl\u00e9s) con sede en la Universidad de Guadalajara, resalt\u00f3 que hablar del lenguaje es hablar del pensamiento, pues las cosas nunca son como las percibimos con los sentidos: \u201cNo son las ideas las que dominan la identidad sino las palabras, nuestra identidad es l\u00e9xico encarnado y la comunicaci\u00f3n s\u00f3lo puede ser comprendida por el lenguaje\u201d.<\/p>\n<p>En su intervenci\u00f3n Homero \u00c1vila, investigador del CECC, disert\u00f3 sobre la identidad y el desarrollo cultural de algunos movimientos art\u00edsticos.<\/p>\n<p>Eric Abad Esp\u00edndola, catedr\u00e1tico de la <a href=\"https:\/\/www.uv.mx\/fcas\/\" target=\"_blank\" rel=\"noopener\">Facultad de Ciencias Administrativas y Sociales<\/a> (FCAS) de la UV, habl\u00f3 sobre la hipermediaci\u00f3n, que surge como la b\u00fasqueda de un referente de los cambios vividos en los \u00faltimos 20 a\u00f1os, desde la aparici\u00f3n de Internet y la tecnolog\u00eda digital que cambiaron los procesos de producci\u00f3n de consumo cultural, los textos y las narrativas.<\/p>\n<p>&nbsp;<\/p>\n","protected":false},"excerpt":{"rendered":"<p>\u201cNo son las ideas las que dominan la identidad sino las palabras, nuestra identidad es l\u00e9xico encarnado y la comunicaci\u00f3n s\u00f3lo puede ser comprendida por el lenguaje\u201d: Sarah Corona<\/p>\n","protected":false},"author":1869,"featured_media":46255,"comment_status":"closed","ping_status":"closed","sticky":false,"template":"","format":"standard","meta":{"footnotes":""},"categories":[11,5128],"tags":[],"class_list":["post-46218","post","type-post","status-publish","format-standard","has-post-thumbnail","hentry","category-cultura","category-filu"],"_links":{"self":[{"href":"https:\/\/www.uv.mx\/prensa\/wp-json\/wp\/v2\/posts\/46218","targetHints":{"allow":["GET"]}}],"collection":[{"href":"https:\/\/www.uv.mx\/prensa\/wp-json\/wp\/v2\/posts"}],"about":[{"href":"https:\/\/www.uv.mx\/prensa\/wp-json\/wp\/v2\/types\/post"}],"author":[{"embeddable":true,"href":"https:\/\/www.uv.mx\/prensa\/wp-json\/wp\/v2\/users\/1869"}],"replies":[{"embeddable":true,"href":"https:\/\/www.uv.mx\/prensa\/wp-json\/wp\/v2\/comments?post=46218"}],"version-history":[{"count":1,"href":"https:\/\/www.uv.mx\/prensa\/wp-json\/wp\/v2\/posts\/46218\/revisions"}],"predecessor-version":[{"id":104653,"href":"https:\/\/www.uv.mx\/prensa\/wp-json\/wp\/v2\/posts\/46218\/revisions\/104653"}],"wp:featuredmedia":[{"embeddable":true,"href":"https:\/\/www.uv.mx\/prensa\/wp-json\/wp\/v2\/media\/46255"}],"wp:attachment":[{"href":"https:\/\/www.uv.mx\/prensa\/wp-json\/wp\/v2\/media?parent=46218"}],"wp:term":[{"taxonomy":"category","embeddable":true,"href":"https:\/\/www.uv.mx\/prensa\/wp-json\/wp\/v2\/categories?post=46218"},{"taxonomy":"post_tag","embeddable":true,"href":"https:\/\/www.uv.mx\/prensa\/wp-json\/wp\/v2\/tags?post=46218"}],"curies":[{"name":"wp","href":"https:\/\/api.w.org\/{rel}","templated":true}]}}