{"id":46200,"date":"2018-05-01T14:00:47","date_gmt":"2018-05-01T19:00:47","guid":{"rendered":"https:\/\/www.uv.mx\/prensa\/?p=46200"},"modified":"2021-11-08T08:26:31","modified_gmt":"2021-11-08T14:26:31","slug":"internacionalizacion-fundamental-para-las-universidades-abdellatif-miraoui","status":"publish","type":"post","link":"https:\/\/www.uv.mx\/prensa\/cultura\/internacionalizacion-fundamental-para-las-universidades-abdellatif-miraoui\/","title":{"rendered":"Internacionalizaci\u00f3n, fundamental para las universidades: Abdellatif Miraoui"},"content":{"rendered":"<style type=\"text\/css\">\n  blockquote p { color: #28519b; font-family: helvetica; font-size: 1.6em; }<br \/>\n<\/style>\n<ul>\n<li><em>Europa es ejemplo en materia de movilidad e internacionalizaci\u00f3n en sus universidades<\/em><\/li>\n<\/ul>\n<p>&nbsp;<\/p>\n<p><a href=\"https:\/\/www.uv.mx\/prensa\/files\/2018\/05\/010518-GENERAL-Conferencia-Miraoui-1.jpg\"><img loading=\"lazy\" decoding=\"async\" class=\"aligncenter size-full wp-image-46205\" src=\"https:\/\/www.uv.mx\/prensa\/files\/2018\/05\/010518-GENERAL-Conferencia-Miraoui-1.jpg\" alt=\"\" width=\"722\" height=\"481\" srcset=\"https:\/\/www.uv.mx\/prensa\/files\/2018\/05\/010518-GENERAL-Conferencia-Miraoui-1.jpg 722w, https:\/\/www.uv.mx\/prensa\/files\/2018\/05\/010518-GENERAL-Conferencia-Miraoui-1-300x200.jpg 300w\" sizes=\"auto, (max-width: 722px) 100vw, 722px\" \/><\/a><\/p>\n<p>&nbsp;<\/p>\n<blockquote><p>\u201cNo debemos tenerle miedo a la internacionalizaci\u00f3n y a la globalizaci\u00f3n, sino sentirse afortunados de ser una generaci\u00f3n que tiene la oportunidad de estar conectada con todo el mundo a trav\u00e9s de la tecnolog\u00eda\u201d Abdellatif Miraoui<\/p><\/blockquote>\n<p>&nbsp;<\/p>\n<p><strong><em>Paola Cort\u00e9s P\u00e9rez<\/em><\/strong><\/p>\n<p><em><strong>01\/05\/18, Xalapa, Ver.-<\/strong><\/em> Abdellatif Miraoui, rector de la Universidad Cadi Ayyad, en Marrakech, Marruecos, platic\u00f3 con estudiantes de la <a href=\"https:\/\/www.uv.mx\/fcas\/\" target=\"_blank\" rel=\"noopener\">Facultad de Ciencias Administrativas y Sociales<\/a> (FCAS) de la Universidad Veracruzana (UV), a quienes invit\u00f3 a realizar movilidad y estancias en instituciones educativas del extranjero para enriquecer su formaci\u00f3n acad\u00e9mica y personal.<\/p>\n<p>Lo anterior, la tarde del mi\u00e9rcoles 25 de abril al participar en el 14\u00ba Mexicomercio Internacional 2018 \u201cZonas Econ\u00f3micas Especiales\u201d, organizado por la FCAS y que tuvo lugar en el auditorio de la <a href=\"https:\/\/www.uv.mx\/arquitectura\/\/\" target=\"_blank\" rel=\"noopener\">Facultad de Arquitectura<\/a>, donde dict\u00f3 la conferencia \u201cLa importancia de lo internacional en las universidades actuales\u201d.<\/p>\n<p>Cabe mencionar que esta pl\u00e1tica fue posible gracias a que la UV es miembro de la Agencia Universitaria de la Francofon\u00eda, de donde el conferencista es Presidente Honorario.<\/p>\n<p>Subray\u00f3 que la internacionalizaci\u00f3n debe ser un tema que se viva de manera natural en las universidades de todo el mundo, con la finalidad de mejorar la formaci\u00f3n de los estudiantes al ampliarles las fronteras culturales y de conocimiento, lo cual les ser\u00e1 de gran ayuda al insertarse al campo laboral.<\/p>\n<p>Por ello, consider\u00f3 que es necesario que las universidades \u2013dentro de sus posibilidades\u2013 aumenten el n\u00famero de becas para fortalecer la formaci\u00f3n de j\u00f3venes en otros pa\u00edses; organizar actividades y eventos entre estudiantes de casa y estudiantes o acad\u00e9micos de intercambio, para impulsar la denominada \u201cinternacionalizaci\u00f3n en casa\u201d, y aprovechar los medios tecnol\u00f3gicos existentes.<\/p>\n<p>\u201cNo debemos tenerle miedo a la internacionalizaci\u00f3n y a la globalizaci\u00f3n, sino sentirse afortunados de ser una generaci\u00f3n que tiene la oportunidad de estar conectada con todo el mundo a trav\u00e9s de la tecnolog\u00eda.<\/p>\n<p>\u201dLas universidades tampoco deben temerle a la globalizaci\u00f3n; por el contrario, deben aprovecharla para elevar la calidad de sus programas educativos y as\u00ed formar a profesionales que sean competitivos a nivel internacional.\u201d<\/p>\n<p>De acuerdo con datos de la Organizaci\u00f3n de las Naciones Unidas para la Educaci\u00f3n, la Ciencia y la Cultura (UNESCO), \u00c1frica y Am\u00e9rica del Sur son las regiones que registran menos movilidad de estudiantes. Por otro lado, en los pa\u00edses miembros de la Organizaci\u00f3n para la Cooperaci\u00f3n y el Desarrollo Econ\u00f3micos (OCDE) ha crecido el n\u00famero.<\/p>\n<p>\u201cEuropa es el modelo a seguir en materia de internacionalizaci\u00f3n, ya que durante a\u00f1os ha invertido en la movilizaci\u00f3n de sus estudiantes, pero a cambio obtiene una gran riqueza en conocimiento, ah\u00ed es donde est\u00e1 la verdadera competitividad y crecimiento.\u201d<\/p>\n<p>Recomend\u00f3 a los universitarios no s\u00f3lo realizar movilidad en las universidades de habla hispana, tambi\u00e9n en instituciones de cultura e idioma diferentes, pues seguramente el aprendizaje ser\u00e1 enorme.<\/p>\n","protected":false},"excerpt":{"rendered":"<p>Debe ser un tema natural en las universidades de todo el mundo, con la finalidad de mejorar la formaci\u00f3n de los estudiantes, se\u00f1al\u00f3 el rector de la Universidad Cadi Ayyad, en Marrakech<\/p>\n","protected":false},"author":1869,"featured_media":46205,"comment_status":"closed","ping_status":"closed","sticky":false,"template":"","format":"standard","meta":{"footnotes":""},"categories":[11,5128],"tags":[],"class_list":["post-46200","post","type-post","status-publish","format-standard","has-post-thumbnail","hentry","category-cultura","category-filu"],"_links":{"self":[{"href":"https:\/\/www.uv.mx\/prensa\/wp-json\/wp\/v2\/posts\/46200","targetHints":{"allow":["GET"]}}],"collection":[{"href":"https:\/\/www.uv.mx\/prensa\/wp-json\/wp\/v2\/posts"}],"about":[{"href":"https:\/\/www.uv.mx\/prensa\/wp-json\/wp\/v2\/types\/post"}],"author":[{"embeddable":true,"href":"https:\/\/www.uv.mx\/prensa\/wp-json\/wp\/v2\/users\/1869"}],"replies":[{"embeddable":true,"href":"https:\/\/www.uv.mx\/prensa\/wp-json\/wp\/v2\/comments?post=46200"}],"version-history":[{"count":1,"href":"https:\/\/www.uv.mx\/prensa\/wp-json\/wp\/v2\/posts\/46200\/revisions"}],"predecessor-version":[{"id":104656,"href":"https:\/\/www.uv.mx\/prensa\/wp-json\/wp\/v2\/posts\/46200\/revisions\/104656"}],"wp:featuredmedia":[{"embeddable":true,"href":"https:\/\/www.uv.mx\/prensa\/wp-json\/wp\/v2\/media\/46205"}],"wp:attachment":[{"href":"https:\/\/www.uv.mx\/prensa\/wp-json\/wp\/v2\/media?parent=46200"}],"wp:term":[{"taxonomy":"category","embeddable":true,"href":"https:\/\/www.uv.mx\/prensa\/wp-json\/wp\/v2\/categories?post=46200"},{"taxonomy":"post_tag","embeddable":true,"href":"https:\/\/www.uv.mx\/prensa\/wp-json\/wp\/v2\/tags?post=46200"}],"curies":[{"name":"wp","href":"https:\/\/api.w.org\/{rel}","templated":true}]}}