{"id":46164,"date":"2018-04-30T18:07:13","date_gmt":"2018-04-30T23:07:13","guid":{"rendered":"https:\/\/www.uv.mx\/prensa\/?p=46164"},"modified":"2021-11-08T08:26:32","modified_gmt":"2021-11-08T14:26:32","slug":"editorial-uv-presente-en-el-mundo-digital","status":"publish","type":"post","link":"https:\/\/www.uv.mx\/prensa\/cultura\/editorial-uv-presente-en-el-mundo-digital\/","title":{"rendered":"Editorial UV, presente en el mundo digital"},"content":{"rendered":"<ul>\n<li><i>Present\u00f3 sus cat\u00e1logos electr\u00f3nicos de libros y revistas en la FILU 2018<\/i><\/li>\n<\/ul>\n<p>&nbsp;<\/p>\n<div id=\"attachment_46135\" style=\"width: 732px\" class=\"wp-caption aligncenter\"><a href=\"https:\/\/www.uv.mx\/prensa\/files\/2018\/04\/300418-KARINA-Catalogo-Editorial-UV.jpg\"><img loading=\"lazy\" decoding=\"async\" aria-describedby=\"caption-attachment-46135\" class=\"wp-image-46135 size-full\" src=\"https:\/\/www.uv.mx\/prensa\/files\/2018\/04\/300418-KARINA-Catalogo-Editorial-UV.jpg\" alt=\"\" width=\"722\" height=\"542\" srcset=\"https:\/\/www.uv.mx\/prensa\/files\/2018\/04\/300418-KARINA-Catalogo-Editorial-UV.jpg 722w, https:\/\/www.uv.mx\/prensa\/files\/2018\/04\/300418-KARINA-Catalogo-Editorial-UV-300x225.jpg 300w\" sizes=\"auto, (max-width: 722px) 100vw, 722px\" \/><\/a><p id=\"caption-attachment-46135\" class=\"wp-caption-text\">Lizeth Pedregal, Norma Ang\u00e9lica Cuevas, A\u00edda Pozos y Edgar Garc\u00eda<\/p><\/div>\n<p>&nbsp;<\/p>\n<p><b><i>Karina de la Paz Reyes D\u00edaz<\/i><\/b><\/p>\n<p><b><i>30\/04\/18, Xalapa, Ver.-<\/i><\/b> La Editorial de la Universidad Veracruzana (UV) present\u00f3 sus cat\u00e1logos electr\u00f3nicos de libros y revistas en la Feria Internacional del Libro Universitario (FILU) 2018, a las que se puede acceder en: <a href=\"http:\/\/libros.uv.mx\/index.php\/UV\">libros.uv.mx<\/a> y <a href=\"http:\/\/revistas.uv.mx\/\">revistas.uv.mx<\/a>.<\/p>\n<p>En el caso del portal de libros, se presentan las cerca de 30 series que la Editorial UV ha creado desde hace m\u00e1s de 60 a\u00f1os a la fecha. Adem\u00e1s del t\u00edtulo de la obra, se contempla la portada y una rese\u00f1a.<\/p>\n<p>Cabe se\u00f1alar que el cat\u00e1logo de la Editorial UV cuenta con autores como Elena Garro, Blanca Varela, Eraclio Zepeda, Rosario Castellanos, Jos\u00e9 Revueltas, \u00c1lvaro Mutis, Jaime Sabines, Juan de la Cabada, Luis Cernuda, Gabriel Garc\u00eda M\u00e1rquez, Juan Carlos Onetti, Emilio Carballido, Jos\u00e9 de la Colina, Carlo Antonio Castro, Carlos Pellicer, Le\u00f3n Tolstoi, Charles Darwin, Miguel de Cervantes y Carlos Fuentes, por citar s\u00f3lo algunos.<\/p>\n<p>Dicho cat\u00e1logo tiene un apartado de informaci\u00f3n para lectores; para escritores o acad\u00e9micos interesados en publicar en la Editorial UV; uno m\u00e1s para bibliotecarios; est\u00e1 contemplado otro para inscribirse v\u00eda correo electr\u00f3nico y recibir notificaciones de este sello universitario; incluso, es posible realizar compras de libros desde ah\u00ed.<\/p>\n<p>Para hablar del tema en la FILU 2018, se dieron cita en el Sal\u00f3n \u201cJuan Vicente Melo\u201d del Complejo Deportivo \u201cOmega\u201d: Norma Ang\u00e9lica Cuevas, presidenta del Consejo Editorial; A\u00edda Pozos, del \u00c1rea de Producci\u00f3n Editorial; Edgar Garc\u00eda Valencia, titular de la Editorial UV, y Lizeth Pedregal, en calidad de moderadora.<\/p>\n<p>En su intervenci\u00f3n, Norma Ang\u00e9lica Cuevas destac\u00f3 que todo el trabajo desarrollado es con el \u00e1nimo de estar a la altura del tiempo actual, concretamente con el mundo digital. \u201cPara ser atractivo no basta ofrecer buenos contenidos, sino estar en el lugar adecuado\u201d.<\/p>\n<p>Asimismo, habl\u00f3 de la reciente reorganizaci\u00f3n del Consejo Editorial, que ha implicado, por ejemplo, contemplar integrantes de todas las \u00e1reas acad\u00e9micas de la UV: Artes, Ciencias de la Salud, Humanidades, Econ\u00f3mico-Administrativas, Biol\u00f3gico-Agropecuarias y T\u00e9cnica. Todo ello con el af\u00e1n de que sea un \u00f3rgano equilibrado.<\/p>\n<p>A\u00edda Pozos coment\u00f3 acerca de la labor editorial en general y en particular de la que se desarrolla en la UV; mientras tanto, Garc\u00eda Valencia mostr\u00f3 los dos portales y reconoci\u00f3 la labor desarrollada por quienes han trabajado en ellos.<\/p>\n<p>\u201cSe trata de tener acceso a un cat\u00e1logo general con cerca de dos mil t\u00edtulos, que es la producci\u00f3n hist\u00f3rica de la Universidad Veracruzana, m\u00e1s las novedades; se puede visitar pr\u00e1cticamente toda la producci\u00f3n que se ha hecho.\u201d<\/p>\n<p>Adem\u00e1s, enfatiz\u00f3 que a trav\u00e9s de esa p\u00e1gina se transparenta el proceso de publicaci\u00f3n en la Editorial UV.<\/p>\n","protected":false},"excerpt":{"rendered":"<p>En la FILU 2018, la editora universitaria present\u00f3 sus cat\u00e1logos electr\u00f3nicos de libros y revistas, que contienen un acervo de aproximadamente dos mil t\u00edtulos<\/p>\n","protected":false},"author":1508,"featured_media":46135,"comment_status":"closed","ping_status":"closed","sticky":false,"template":"","format":"standard","meta":{"footnotes":""},"categories":[11,5128],"tags":[],"class_list":["post-46164","post","type-post","status-publish","format-standard","has-post-thumbnail","hentry","category-cultura","category-filu"],"_links":{"self":[{"href":"https:\/\/www.uv.mx\/prensa\/wp-json\/wp\/v2\/posts\/46164","targetHints":{"allow":["GET"]}}],"collection":[{"href":"https:\/\/www.uv.mx\/prensa\/wp-json\/wp\/v2\/posts"}],"about":[{"href":"https:\/\/www.uv.mx\/prensa\/wp-json\/wp\/v2\/types\/post"}],"author":[{"embeddable":true,"href":"https:\/\/www.uv.mx\/prensa\/wp-json\/wp\/v2\/users\/1508"}],"replies":[{"embeddable":true,"href":"https:\/\/www.uv.mx\/prensa\/wp-json\/wp\/v2\/comments?post=46164"}],"version-history":[{"count":1,"href":"https:\/\/www.uv.mx\/prensa\/wp-json\/wp\/v2\/posts\/46164\/revisions"}],"predecessor-version":[{"id":104661,"href":"https:\/\/www.uv.mx\/prensa\/wp-json\/wp\/v2\/posts\/46164\/revisions\/104661"}],"wp:featuredmedia":[{"embeddable":true,"href":"https:\/\/www.uv.mx\/prensa\/wp-json\/wp\/v2\/media\/46135"}],"wp:attachment":[{"href":"https:\/\/www.uv.mx\/prensa\/wp-json\/wp\/v2\/media?parent=46164"}],"wp:term":[{"taxonomy":"category","embeddable":true,"href":"https:\/\/www.uv.mx\/prensa\/wp-json\/wp\/v2\/categories?post=46164"},{"taxonomy":"post_tag","embeddable":true,"href":"https:\/\/www.uv.mx\/prensa\/wp-json\/wp\/v2\/tags?post=46164"}],"curies":[{"name":"wp","href":"https:\/\/api.w.org\/{rel}","templated":true}]}}