{"id":46157,"date":"2018-04-30T17:31:19","date_gmt":"2018-04-30T22:31:19","guid":{"rendered":"https:\/\/www.uv.mx\/prensa\/?p=46157"},"modified":"2018-05-02T11:27:18","modified_gmt":"2018-05-02T16:27:18","slug":"eee-realizo-el-foro-internacional-dialogo-intercultural","status":"publish","type":"post","link":"https:\/\/www.uv.mx\/prensa\/general\/eee-realizo-el-foro-internacional-dialogo-intercultural\/","title":{"rendered":"EEE realiz\u00f3 el Foro Internacional: Di\u00e1logo Intercultural"},"content":{"rendered":"<ul>\n<li><i>\u00a0Acad\u00e9micos de universidades de M\u00e9xico y el extranjero\u00a0presentaron 16 ponencias<\/i><\/li>\n<\/ul>\n<p>&nbsp;<\/p>\n<div id=\"attachment_46132\" style=\"width: 732px\" class=\"wp-caption aligncenter\"><a href=\"https:\/\/www.uv.mx\/prensa\/files\/2018\/04\/300418-COUTTOLENC-Foro-EEE-1.jpg\"><img loading=\"lazy\" decoding=\"async\" aria-describedby=\"caption-attachment-46132\" class=\"wp-image-46132 size-full\" src=\"https:\/\/www.uv.mx\/prensa\/files\/2018\/04\/300418-COUTTOLENC-Foro-EEE-1.jpg\" alt=\"\" width=\"722\" height=\"483\" srcset=\"https:\/\/www.uv.mx\/prensa\/files\/2018\/04\/300418-COUTTOLENC-Foro-EEE-1.jpg 722w, https:\/\/www.uv.mx\/prensa\/files\/2018\/04\/300418-COUTTOLENC-Foro-EEE-1-300x201.jpg 300w\" sizes=\"auto, (max-width: 722px) 100vw, 722px\" \/><\/a><p id=\"caption-attachment-46132\" class=\"wp-caption-text\">Alumnos de China, India y M\u00e9xico conforman el grupo Son de Aqu\u00ed, Son de All\u00e1<\/p><\/div>\n<p>&nbsp;<\/p>\n<p><b><i>Jos\u00e9 Luis Couttolenc Soto<\/i><\/b><\/p>\n<p><b><i>30\/04\/18, Xalapa, Ver.-<\/i><\/b> Con la finalidad de dar oportunidad a la comunidad acad\u00e9mica y estudiantil de la Universidad Veracruzana (UV) de conocer la interculturalidad desde diferentes perspectivas, la <a href=\"https:\/\/www.uv.mx\/eee\/\" target=\"_blank\" rel=\"noopener\">Escuela para Estudiantes Extranjeros<\/a> (EEE) realiz\u00f3 el lunes 30 de abril el Foro Internacional: Di\u00e1logo Intercultural, en el que profesores de diversas universidades de M\u00e9xico y el extranjero disertaron sobre el tema.<\/p>\n<p>Celia Cristina Contreras Asturias, directora de la EEE, expuso que la interculturalidad constituye uno de los ejes transversales sobre los que trabaja la UV, por lo que la entidad a su cargo se uni\u00f3 a la promoci\u00f3n del di\u00e1logo intercultural debido a que all\u00ed se cuenta con alumnos que proceden de diferentes pa\u00edses y culturas.<\/p>\n<p>Se ofrecieron 16 conferencias a cargo de acad\u00e9micos de instituciones de educaci\u00f3n superior como la Universidad de Ciencia y Tecnolog\u00eda de Chongqing de China, de la Universidad Webster y la Universidad de Nuevo M\u00e9xico, de los Estados Unidos, de la <a href=\"https:\/\/www.uv.mx\/uvi\/\" target=\"_blank\" rel=\"noopener\">Universidad Veracruzana Intercultural<\/a> (UVI) y de la UV.<\/p>\n<p>La apertura del foro se dio con la presentaci\u00f3n formal del grupo musical Son de Aqu\u00ed, Son de All\u00e1, que est\u00e1 integrado por estudiantes del curso-taller M\u00fasica Veracruzana, entre cuyos integrantes se encuentran Jie Deng y Yuancheng Li, de China; Ashim Dutta, de India, y de M\u00e9xico, Susana Alicia Rivera Jim\u00e9nez, Elpidia D\u00edaz Dur\u00e1n, Martha Leticia Hern\u00e1ndez Ruiz, Mar\u00eda Cristina Mestizo Aquino, Susana Hern\u00e1ndez Garc\u00eda y Mario Licona Aguilar.<\/p>\n<p>Sobre este curso taller, Contreras Asturias consider\u00f3 que para la EEE es importante que sus estudiantes extranjeros se acerquen tanto a la historia de M\u00e9xico como al conjunto de expresiones que determinan la cultura del pa\u00eds, entre las que se encuentra la m\u00fasica veracruzana, en la que los alumnos palpan la m\u00fasica desde su hechura hasta su interpretaci\u00f3n, al tiempo que les permite captar el sentido profundo que el son jarocho tiene en la vida cotidiana de los veracruzanos.<\/p>\n<p>Al evento asistieron: Mario Oliva Su\u00e1rez, director general de Relaciones Internaciones de la UV, as\u00ed como alumnos de las facultades de Idiomas y Letras, y del <a href=\"https:\/\/www.uv.mx\/iie\/\" target=\"_blank\" rel=\"noopener\">Instituto de Investigaciones en Educaci\u00f3n<\/a>.<\/p>\n<p>&nbsp;<\/p>\n<div id=\"attachment_46133\" style=\"width: 732px\" class=\"wp-caption aligncenter\"><a href=\"https:\/\/www.uv.mx\/prensa\/files\/2018\/04\/300418-COUTTOLENC-Foro-EEE-2.jpg\"><img loading=\"lazy\" decoding=\"async\" aria-describedby=\"caption-attachment-46133\" class=\"size-full wp-image-46133\" src=\"https:\/\/www.uv.mx\/prensa\/files\/2018\/04\/300418-COUTTOLENC-Foro-EEE-2.jpg\" alt=\"\" width=\"722\" height=\"481\" srcset=\"https:\/\/www.uv.mx\/prensa\/files\/2018\/04\/300418-COUTTOLENC-Foro-EEE-2.jpg 722w, https:\/\/www.uv.mx\/prensa\/files\/2018\/04\/300418-COUTTOLENC-Foro-EEE-2-300x200.jpg 300w\" sizes=\"auto, (max-width: 722px) 100vw, 722px\" \/><\/a><p id=\"caption-attachment-46133\" class=\"wp-caption-text\">Ashim Dutta, de India, Jie Deng y Yuancheng Li, de China<\/p><\/div>\n","protected":false},"excerpt":{"rendered":"<p>La Escuela de Estudiantes Extranjeros se uni\u00f3 a la promoci\u00f3n del di\u00e1logo intercultural, uno de los ejes transversales en los que trabaja la UV<\/p>\n","protected":false},"author":1508,"featured_media":46133,"comment_status":"closed","ping_status":"closed","sticky":false,"template":"","format":"standard","meta":{"footnotes":""},"categories":[1],"tags":[],"class_list":["post-46157","post","type-post","status-publish","format-standard","has-post-thumbnail","hentry","category-general"],"_links":{"self":[{"href":"https:\/\/www.uv.mx\/prensa\/wp-json\/wp\/v2\/posts\/46157","targetHints":{"allow":["GET"]}}],"collection":[{"href":"https:\/\/www.uv.mx\/prensa\/wp-json\/wp\/v2\/posts"}],"about":[{"href":"https:\/\/www.uv.mx\/prensa\/wp-json\/wp\/v2\/types\/post"}],"author":[{"embeddable":true,"href":"https:\/\/www.uv.mx\/prensa\/wp-json\/wp\/v2\/users\/1508"}],"replies":[{"embeddable":true,"href":"https:\/\/www.uv.mx\/prensa\/wp-json\/wp\/v2\/comments?post=46157"}],"version-history":[{"count":0,"href":"https:\/\/www.uv.mx\/prensa\/wp-json\/wp\/v2\/posts\/46157\/revisions"}],"wp:featuredmedia":[{"embeddable":true,"href":"https:\/\/www.uv.mx\/prensa\/wp-json\/wp\/v2\/media\/46133"}],"wp:attachment":[{"href":"https:\/\/www.uv.mx\/prensa\/wp-json\/wp\/v2\/media?parent=46157"}],"wp:term":[{"taxonomy":"category","embeddable":true,"href":"https:\/\/www.uv.mx\/prensa\/wp-json\/wp\/v2\/categories?post=46157"},{"taxonomy":"post_tag","embeddable":true,"href":"https:\/\/www.uv.mx\/prensa\/wp-json\/wp\/v2\/tags?post=46157"}],"curies":[{"name":"wp","href":"https:\/\/api.w.org\/{rel}","templated":true}]}}