{"id":46146,"date":"2018-04-30T18:00:09","date_gmt":"2018-04-30T23:00:09","guid":{"rendered":"https:\/\/www.uv.mx\/prensa\/?p=46146"},"modified":"2021-11-08T08:26:32","modified_gmt":"2021-11-08T14:26:32","slug":"el-lenguaje-nos-une-e-identifica-medallistas-al-merito-uv","status":"publish","type":"post","link":"https:\/\/www.uv.mx\/prensa\/cultura\/el-lenguaje-nos-une-e-identifica-medallistas-al-merito-uv\/","title":{"rendered":"El lenguaje nos une e identifica: medallistas al M\u00e9rito UV"},"content":{"rendered":"<ul>\n<li><i>Mardonio Carballo, Concepci\u00f3n Company y Jacobo Siruela recibieron uno de los m\u00e1ximos reconocimientos que otorga esta casa de estudios<\/i><\/li>\n<li><i>Con este evento inici\u00f3 el Foro Acad\u00e9mico \u201cEl lenguaje en la construcci\u00f3n de la identidad\u201d, en el marco de la FILU<\/i><\/li>\n<li><i>Las actividades contin\u00faan hasta el 2 de mayo<\/i><\/li>\n<\/ul>\n<p>&nbsp;<\/p>\n<div id=\"attachment_46149\" style=\"width: 732px\" class=\"wp-caption aligncenter\"><a href=\"https:\/\/www.uv.mx\/prensa\/files\/2018\/04\/300418-Medallistas-1.jpg\"><img loading=\"lazy\" decoding=\"async\" aria-describedby=\"caption-attachment-46149\" class=\"size-full wp-image-46149\" src=\"https:\/\/www.uv.mx\/prensa\/files\/2018\/04\/300418-Medallistas-1.jpg\" alt=\"\" width=\"722\" height=\"481\" srcset=\"https:\/\/www.uv.mx\/prensa\/files\/2018\/04\/300418-Medallistas-1.jpg 722w, https:\/\/www.uv.mx\/prensa\/files\/2018\/04\/300418-Medallistas-1-300x200.jpg 300w\" sizes=\"auto, (max-width: 722px) 100vw, 722px\" \/><\/a><p id=\"caption-attachment-46149\" class=\"wp-caption-text\">La Rectora y los galardonados con la Medalla al M\u00e9rito Universidad Veracruzana<\/p><\/div>\n<p>&nbsp;<\/p>\n<p><b><i>David Sandoval, Carlos Hermida y Karina Reyes<\/i><\/b><\/p>\n<p><b><i>30\/04\/18, Xalapa, Ver.-<\/i><\/b> La Medalla al M\u00e9rito Universidad Veracruzana (UV) fue entregada este lunes 30 de abril por la rectora Sara Ladr\u00f3n de Guevara, al poeta, actor y periodista Mardonio Carballo; la investigadora y fil\u00f3loga Concepci\u00f3n Company Company, y al editor y escritor, Jacobo Siruela, en el marco de la Feria Internacional del Libro Universitario (FILU) 2018 y de la inauguraci\u00f3n del Foro Acad\u00e9mico \u201cEl lenguaje en la construcci\u00f3n de la identidad\u201d, en el Foro \u201cSergio Galindo\u201d del Complejo Deportivo Omega.<\/p>\n<p>Al referirse a este ejercicio que se desarrollar\u00e1 hasta el 2 de mayo, con conferencias magistrales de los galardonados y mesas de an\u00e1lisis, la Rectora de la UV aludi\u00f3 al poeta Octavio Paz y comparti\u00f3: \u201cNo pierdan de vista, por otra parte, la importancia que la identidad tiene en el mundo de nuestros d\u00edas; un mundo que exige correspondencia y coherencia entre la realidad, el lenguaje y la identidad\u201d.<\/p>\n<p>Asimismo, cit\u00f3 que la Medalla al M\u00e9rito UV se entreg\u00f3 a tres distinguidos personajes que han hecho del lenguaje una herramienta de construcci\u00f3n de identidad: \u201cLos tres son (para utilizar la afortunada expresi\u00f3n del primero de ellos) trabajadores de la palabra: Mardonio Carballo, Concepci\u00f3n Company y Jacobo Siruela. Su aceptaci\u00f3n de este reconocimiento nos honra y deseo que tambi\u00e9n les honre a ellos\u201d.<\/p>\n<p>La primera entrega de esta presea fue para Mardonio Carballo, quien la dedic\u00f3 a las lenguas ind\u00edgenas y a quienes las hablan; a los periodistas y estudiantes ca\u00eddos; a su familia y amistades que lo acompa\u00f1an en este andar, \u201cexcepto a los clept\u00f3manos y asesinos\u201d.<\/p>\n<p>La lectura y semblanza en n\u00e1huatl de Carballo estuvo a cargo de Santiago Bautista Hern\u00e1ndez, estudiante de la Maestr\u00eda<span class=\"Apple-converted-space\">\u00a0 <\/span>en Educaci\u00f3n para la Interculturalidad y Sustentabilidad de la UV, as\u00ed como egresado de la Universidad Veracruzana Intercultural (UVI), sede Huasteca, regi\u00f3n de la que tambi\u00e9n es originario el galardonado. Adem\u00e1s, la semblanza en espa\u00f1ol fue compartida por la directora de la UVI, Shantal Meseguer Galv\u00e1n.<\/p>\n<p>La segunda en recibir la medalla fue Concepci\u00f3n Company, quien la recibi\u00f3 \u201ccon emoci\u00f3n y gratitud\u201d. Para ella, el nombre de esta presea simboliza el compromiso y trabajo continuo que todo universitario debe tener con la sociedad desde varios \u00e1mbitos, como la innovaci\u00f3n del conocimiento, la contribuci\u00f3n a la reflexi\u00f3n cr\u00edtica y la difusi\u00f3n de la cultura y el conocimiento.<\/p>\n<p>\u201cRecibo esta medalla como una obrera de la lengua, porque eso soy y as\u00ed me gusta definirme. Eso somos todos los profesionales que tenemos como oficio la cultura y la sociedad que se hace visible a trav\u00e9s de la lengua, de cualquier lengua.<\/p>\n<p>En el caso de Company, investigadora em\u00e9rita del Instituto de Investigaciones Filol\u00f3gicas de la Universidad Nacional Aut\u00f3noma de M\u00e9xico, la lectura de la semblanza estuvo a cargo de Martha Elena Mungu\u00eda Zatara\u00edn, del Instituto de Investigaciones Ling\u00fc\u00edstico-Literarias de la UV, quien destac\u00f3:<\/p>\n<p>\u201cLa Universidad Veracruzana, consecuente con el compromiso de impulsar el estudio y conocimiento humanista, decidi\u00f3 otorgar una Medalla al M\u00e9rito a una persona excepcional, por su larga labor en el estudio de la lengua espa\u00f1ola.\u201d<\/p>\n<p>Al recibir la Medalla al M\u00e9rito UV, Jacobo Siruela agradeci\u00f3 profundamente a esta Universidad y dijo estar realmente conmovido.Se manifest\u00f3 especialmente agradecido que sea una universidad tan prestigiosa la que dedica el premio.<\/p>\n<p>Finaliz\u00f3 sus palabras dedicando la presea a su esposa y co-fundadora de la Editorial Atalanta, Inka Mart\u00ed, \u201csin quien no hubiera podido comenzar esta tarea\u201d, afirm\u00f3.<\/p>\n<p>El cr\u00edtico literario Pablo Sol Mora, al leer su semblanza, expres\u00f3 que el galardonado construy\u00f3 una de las obras editoriales m\u00e1s importantes de la lengua espa\u00f1ola: la editorial Siruela. \u201cNinguna otra hizo tanto en su tiempo por la literatura fant\u00e1stica\u201d, agreg\u00f3.<\/p>\n<p>La ceremonia congreg\u00f3 a autoridades universitarias, estudiantes, p\u00fablico en general interesado en el tema y familiares de los galardonados.<\/p>\n<p>En el pres\u00eddium estuvieron los secretarios Acad\u00e9mico, de Administraci\u00f3n y Finanzas, y de Desarrollo Institucional: Magdalena Hern\u00e1ndez Alarc\u00f3n, Salvador Tapia Spinoso y Octavio Ochoa Contreras, respectivamente. Asimismo, el director general de Difusi\u00f3n Cultural y de la FILU, Rodolfo Mendoza Rosendo.<\/p>\n<p>&nbsp;<\/p>\n<div id=\"attachment_46148\" style=\"width: 732px\" class=\"wp-caption aligncenter\"><a href=\"https:\/\/www.uv.mx\/prensa\/files\/2018\/04\/300418-Medallistas-2.jpg\"><img loading=\"lazy\" decoding=\"async\" aria-describedby=\"caption-attachment-46148\" class=\"size-full wp-image-46148\" src=\"https:\/\/www.uv.mx\/prensa\/files\/2018\/04\/300418-Medallistas-2.jpg\" alt=\"\" width=\"722\" height=\"481\" srcset=\"https:\/\/www.uv.mx\/prensa\/files\/2018\/04\/300418-Medallistas-2.jpg 722w, https:\/\/www.uv.mx\/prensa\/files\/2018\/04\/300418-Medallistas-2-300x200.jpg 300w\" sizes=\"auto, (max-width: 722px) 100vw, 722px\" \/><\/a><p id=\"caption-attachment-46148\" class=\"wp-caption-text\">Sara Ladr\u00f3n de Guevara inaugur\u00f3 el Foro Acad\u00e9mico que se desarrolla en la FILU 2018<\/p><\/div>\n<p>&nbsp;<\/p>\n","protected":false},"excerpt":{"rendered":"<p>La rectora Sara Ladr\u00f3n de Guevara impuso la presea de la UV al poeta, actor y periodista Mardonio Carballo; la investigadora y fil\u00f3loga Concepci\u00f3n Company, y al editor y escritor, Jacobo Siruela<\/p>\n","protected":false},"author":1508,"featured_media":46147,"comment_status":"closed","ping_status":"closed","sticky":false,"template":"","format":"standard","meta":{"footnotes":""},"categories":[11,5128,61],"tags":[],"class_list":["post-46146","post","type-post","status-publish","format-standard","has-post-thumbnail","hentry","category-cultura","category-filu","category-banner"],"_links":{"self":[{"href":"https:\/\/www.uv.mx\/prensa\/wp-json\/wp\/v2\/posts\/46146","targetHints":{"allow":["GET"]}}],"collection":[{"href":"https:\/\/www.uv.mx\/prensa\/wp-json\/wp\/v2\/posts"}],"about":[{"href":"https:\/\/www.uv.mx\/prensa\/wp-json\/wp\/v2\/types\/post"}],"author":[{"embeddable":true,"href":"https:\/\/www.uv.mx\/prensa\/wp-json\/wp\/v2\/users\/1508"}],"replies":[{"embeddable":true,"href":"https:\/\/www.uv.mx\/prensa\/wp-json\/wp\/v2\/comments?post=46146"}],"version-history":[{"count":1,"href":"https:\/\/www.uv.mx\/prensa\/wp-json\/wp\/v2\/posts\/46146\/revisions"}],"predecessor-version":[{"id":104662,"href":"https:\/\/www.uv.mx\/prensa\/wp-json\/wp\/v2\/posts\/46146\/revisions\/104662"}],"wp:featuredmedia":[{"embeddable":true,"href":"https:\/\/www.uv.mx\/prensa\/wp-json\/wp\/v2\/media\/46147"}],"wp:attachment":[{"href":"https:\/\/www.uv.mx\/prensa\/wp-json\/wp\/v2\/media?parent=46146"}],"wp:term":[{"taxonomy":"category","embeddable":true,"href":"https:\/\/www.uv.mx\/prensa\/wp-json\/wp\/v2\/categories?post=46146"},{"taxonomy":"post_tag","embeddable":true,"href":"https:\/\/www.uv.mx\/prensa\/wp-json\/wp\/v2\/tags?post=46146"}],"curies":[{"name":"wp","href":"https:\/\/api.w.org\/{rel}","templated":true}]}}