{"id":46058,"date":"2018-04-29T15:49:14","date_gmt":"2018-04-29T20:49:14","guid":{"rendered":"https:\/\/www.uv.mx\/prensa\/?p=46058"},"modified":"2021-11-08T08:26:51","modified_gmt":"2021-11-08T14:26:51","slug":"poetas-mexicanos-del-30-los-mas-influidos-por-octavio-paz","status":"publish","type":"post","link":"https:\/\/www.uv.mx\/prensa\/cultura\/poetas-mexicanos-del-30-los-mas-influidos-por-octavio-paz\/","title":{"rendered":"<em>Poetas mexicanos del 30<\/em>,\u00a0los m\u00e1s influidos por Octavio Paz"},"content":{"rendered":"<ul>\n<li><em>Editorial UV present\u00f3 en la FILU un estudio monogr\u00e1fico sobre esta generaci\u00f3n, autor\u00eda de Rogelio Guedea<\/em><\/li>\n<\/ul>\n<p>&nbsp;<\/p>\n<div id=\"attachment_46065\" style=\"width: 732px\" class=\"wp-caption aligncenter\"><a href=\"https:\/\/www.uv.mx\/prensa\/files\/2018\/04\/280418-Poeta-de-los-30-1.jpg\"><img loading=\"lazy\" decoding=\"async\" aria-describedby=\"caption-attachment-46065\" class=\"size-full wp-image-46065\" src=\"https:\/\/www.uv.mx\/prensa\/files\/2018\/04\/280418-Poeta-de-los-30-1.jpg\" alt=\"\" width=\"722\" height=\"963\" srcset=\"https:\/\/www.uv.mx\/prensa\/files\/2018\/04\/280418-Poeta-de-los-30-1.jpg 722w, https:\/\/www.uv.mx\/prensa\/files\/2018\/04\/280418-Poeta-de-los-30-1-225x300.jpg 225w\" sizes=\"auto, (max-width: 722px) 100vw, 722px\" \/><\/a><p id=\"caption-attachment-46065\" class=\"wp-caption-text\"><em>Poetas mexicanos del 30<\/em>. Una generaci\u00f3n entre el cielo y la tierra es una publicaci\u00f3n m\u00e1s de la Editorial UV<\/p><\/div>\n<p><strong><em>\u00a0<\/em><\/strong><\/p>\n<p><strong><em>Karina de la Paz Reyes D\u00edaz<\/em><\/strong><\/p>\n<p><strong><em>29\/04\/18, Xalapa, Ver.-<\/em><\/strong> La Editorial de la Universidad Veracruzana (UV) present\u00f3 la obra <em>Poetas del 30. Una generaci\u00f3n entre el cielo y la tierra<\/em>, del escritor Rogelio Guedea, en la Feria Internacional del Libro Universitario (FILU). Se trata de un estudio monogr\u00e1fico pionero sobre una generaci\u00f3n que no ha sido analizada de manera conjunta.<\/p>\n<p>Aunque es un libro breve \u2013poco m\u00e1s de 100 p\u00e1ginas\u2013, est\u00e1 conformado por ensayos sobre la obra de Jos\u00e9 Emilio Pacheco, Jos\u00e9 Carlos Becerra, Gerardo Deniz, Gabriel Zaid, Francisco Cervantes y Marco Antonio Montes de Oca.<\/p>\n<p>Rogelio Guedea enfatiza la importancia que Octavio Paz tuvo en esta generaci\u00f3n y de ello abund\u00f3 en la presentaci\u00f3n que se desarroll\u00f3 el s\u00e1bado 28 de abril en el Sal\u00f3n \u201cJuan Vicente Melo\u201d del Complejo Deportivo Omega, sede de la FILU 2018, espacio que congreg\u00f3 a j\u00f3venes y adultos asiduos a la poes\u00eda.<\/p>\n<p>\u201cAunque algunos est\u00e1n dispersos, como Jos\u00e9 Emilio Pacheco, m\u00e1s en lo conversacional o el coloquialismo, hay muchos puntos de coincidencia con Octavio Paz. He le\u00eddo poetas del 40 y del 50, y me doy cuenta de que la del 30 es la generaci\u00f3n que tiene la mayor influencia de Paz\u201d, destac\u00f3.<\/p>\n<p>En la presentaci\u00f3n participaron el director de la Editorial UV, \u00c9dgar Garc\u00eda Valencia, y el joven Mayco Osiris Ruiz, quienes celebraron que se trate de una lectura libre de academicismos.<\/p>\n<p>\u201cRogelio Guedea ha sabido dotar de rostro a una generaci\u00f3n plural y multifac\u00e9tica; con una escritura sobria, inteligente, libre de ese falso academicismo que tanto lastima los estudios literarios; ha puesto las coordenadas para entender por separado y en su conjunto uno de los momentos m\u00e1s importantes de la l\u00edrica nacional\u201d, dijo Mayco Osiris.<\/p>\n<p>&nbsp;<\/p>\n<div id=\"attachment_46068\" style=\"width: 732px\" class=\"wp-caption aligncenter\"><a href=\"https:\/\/www.uv.mx\/prensa\/files\/2018\/04\/280418-Poeta-de-los-30-2.jpg\"><img loading=\"lazy\" decoding=\"async\" aria-describedby=\"caption-attachment-46068\" class=\"size-full wp-image-46068\" src=\"https:\/\/www.uv.mx\/prensa\/files\/2018\/04\/280418-Poeta-de-los-30-2.jpg\" alt=\"\" width=\"722\" height=\"542\" srcset=\"https:\/\/www.uv.mx\/prensa\/files\/2018\/04\/280418-Poeta-de-los-30-2.jpg 722w, https:\/\/www.uv.mx\/prensa\/files\/2018\/04\/280418-Poeta-de-los-30-2-300x225.jpg 300w\" sizes=\"auto, (max-width: 722px) 100vw, 722px\" \/><\/a><p id=\"caption-attachment-46068\" class=\"wp-caption-text\">Mayco Osyris, Rogelio Guedea y \u00c9dgar Garc\u00eda<\/p><\/div>\n","protected":false},"excerpt":{"rendered":"<p><em>Poetas mexicanos del 30<\/em>, poco m\u00e1s de 100 p\u00e1ginas que guardan a Jos\u00e9 Emilio Pacheco, Jos\u00e9 Carlos Becerra, Gerardo Deniz, Gabriel Zaid, Francisco Cervantes y Marco Antonio Montes de Oca<\/p>\n","protected":false},"author":1869,"featured_media":46068,"comment_status":"closed","ping_status":"closed","sticky":false,"template":"","format":"standard","meta":{"footnotes":""},"categories":[11,5128],"tags":[],"class_list":["post-46058","post","type-post","status-publish","format-standard","has-post-thumbnail","hentry","category-cultura","category-filu"],"_links":{"self":[{"href":"https:\/\/www.uv.mx\/prensa\/wp-json\/wp\/v2\/posts\/46058","targetHints":{"allow":["GET"]}}],"collection":[{"href":"https:\/\/www.uv.mx\/prensa\/wp-json\/wp\/v2\/posts"}],"about":[{"href":"https:\/\/www.uv.mx\/prensa\/wp-json\/wp\/v2\/types\/post"}],"author":[{"embeddable":true,"href":"https:\/\/www.uv.mx\/prensa\/wp-json\/wp\/v2\/users\/1869"}],"replies":[{"embeddable":true,"href":"https:\/\/www.uv.mx\/prensa\/wp-json\/wp\/v2\/comments?post=46058"}],"version-history":[{"count":1,"href":"https:\/\/www.uv.mx\/prensa\/wp-json\/wp\/v2\/posts\/46058\/revisions"}],"predecessor-version":[{"id":104673,"href":"https:\/\/www.uv.mx\/prensa\/wp-json\/wp\/v2\/posts\/46058\/revisions\/104673"}],"wp:featuredmedia":[{"embeddable":true,"href":"https:\/\/www.uv.mx\/prensa\/wp-json\/wp\/v2\/media\/46068"}],"wp:attachment":[{"href":"https:\/\/www.uv.mx\/prensa\/wp-json\/wp\/v2\/media?parent=46058"}],"wp:term":[{"taxonomy":"category","embeddable":true,"href":"https:\/\/www.uv.mx\/prensa\/wp-json\/wp\/v2\/categories?post=46058"},{"taxonomy":"post_tag","embeddable":true,"href":"https:\/\/www.uv.mx\/prensa\/wp-json\/wp\/v2\/tags?post=46058"}],"curies":[{"name":"wp","href":"https:\/\/api.w.org\/{rel}","templated":true}]}}