{"id":45915,"date":"2018-04-27T20:19:39","date_gmt":"2018-04-28T01:19:39","guid":{"rendered":"https:\/\/www.uv.mx\/prensa\/?p=45915"},"modified":"2018-05-02T14:31:41","modified_gmt":"2018-05-02T19:31:41","slug":"microna-e-icimap-se-vinculan-para-enriquecer-la-investigacion","status":"publish","type":"post","link":"https:\/\/www.uv.mx\/prensa\/regiones\/microna-e-icimap-se-vinculan-para-enriquecer-la-investigacion\/","title":{"rendered":"Microna e Icimap se vinculan para enriquecer la investigaci\u00f3n"},"content":{"rendered":"<ul>\n<li><em>Algunos t\u00f3picos a estudiar ser\u00e1n la calidad del agua, los corales o incluso los peces<\/em><\/li>\n<\/ul>\n<p>&nbsp;<\/p>\n<div id=\"attachment_45921\" style=\"width: 732px\" class=\"wp-caption aligncenter\"><a href=\"https:\/\/www.uv.mx\/prensa\/files\/2018\/04\/270418-Veracruz-Icimap-y-Microna-1.jpg\"><img loading=\"lazy\" decoding=\"async\" aria-describedby=\"caption-attachment-45921\" class=\"size-full wp-image-45921\" src=\"https:\/\/www.uv.mx\/prensa\/files\/2018\/04\/270418-Veracruz-Icimap-y-Microna-1.jpg\" alt=\"\" width=\"722\" height=\"406\" srcset=\"https:\/\/www.uv.mx\/prensa\/files\/2018\/04\/270418-Veracruz-Icimap-y-Microna-1.jpg 722w, https:\/\/www.uv.mx\/prensa\/files\/2018\/04\/270418-Veracruz-Icimap-y-Microna-1-300x169.jpg 300w\" sizes=\"auto, (max-width: 722px) 100vw, 722px\" \/><\/a><p id=\"caption-attachment-45921\" class=\"wp-caption-text\">Investigadores de Microna e Icimap desarrollar\u00e1n investigaci\u00f3n conjunta<\/p><\/div>\n<p>&nbsp;<\/p>\n<p><strong><em>Alma Mart<\/em><\/strong><strong><em>\u00ednez Maldonado<\/em><\/strong><\/p>\n<p><strong><em>27\/04\/18, Boca del R<\/em><\/strong><strong><em>\u00ed<\/em><\/strong><strong><em>o, Ver.-<\/em><\/strong>\u00a0A trav\u00e9s de un seminario, investigadores del <a href=\"https:\/\/www.uv.mx\/veracruz\/microna\/\" target=\"_blank\" rel=\"noopener\">Centro de Investigaci\u00f3n en Micro y Nanotecnolog\u00eda<\/a> (<em>Microna<\/em>) y del <a href=\"https:\/\/www.uv.mx\/veracruz\/icmp\/\" target=\"_blank\" rel=\"noopener\">Instituto de Ciencias Marinas y Pesquer\u00edas<\/a> (<em>Icimap<\/em>) de la Universidad Veracruzana (UV) identificaron sus \u00e1reas de inter\u00e9s com\u00fan para estrechar lazos de colaboraci\u00f3n que consoliden su quehacer profesional.<\/p>\n<p>El evento fue realizado el viernes 27 de abril, organizado por\u00a0 los cuerpos acad\u00e9micos (CA): Arrecifes Coralinos del <em>Icimap<\/em> y Nanomateriales de <em>Microna<\/em>, se expusieron las l\u00edneas de investigaci\u00f3n en las que se trabajar\u00e1 de forma colaborativa.<\/p>\n<p>Luis Zamora Peredo, coordinador de <em>Microna<\/em>, explic\u00f3 que en dicho centro se cuenta con equipo de alta tecnolog\u00eda que facilitar\u00e1 la labor investigativa.<\/p>\n<p>En <em>Microna<\/em> se tiene equipo para estudiar o caracterizar materiales y en el <em>Icimap<\/em> existen proyectos que requieren del uso de este equipo, afirm\u00f3.<\/p>\n<p>Adem\u00e1s, \u201cEl CA Nanomateriales trabaja espec\u00edficamente en una l\u00ednea de investigaci\u00f3n en biomateriales, considero que aqu\u00ed es donde se puede dar la vinculaci\u00f3n\u201d, a\u00f1adi\u00f3.<\/p>\n<p>Durante el seminario, cada uno de los investigadores expuso su actividad y su experiencia y con base en ellas se establecieron sinergias de trabajo.<\/p>\n<p>Nanomateriales, microscop\u00eda electr\u00f3nica de barrido en el estudio de materiales, nanomateriales para el estudio de agua y sus contaminantes y nanocatalizadores, fueron los temas expuestos por los investigadores de <em>Microna<\/em>.<\/p>\n<p>Por parte del <em>Icimap<\/em> se presentaron: ciguatera, an\u00e1lisis espacial en zonas costeras, estudio de los ecosistemas arrecifales de Veracruz y estudios de fitoplancton marino.<\/p>\n<p>Zamora Peredo sostuvo que algunos t\u00f3picos a estudiar ser\u00e1n la calidad del agua, los corales e incluso los peces.<\/p>\n<p>Cabe informar que el acercamiento para trabajar colaborativamente fue a trav\u00e9s de Yuri Okolodkov del <em>Icimap<\/em>, quien realiza estudios del agua, arrecifes coralinos y tiene experiencia en determinar la calidad de los materiales que encuentra.<\/p>\n<p>El Director de <em>Microna<\/em> explic\u00f3 que de una pl\u00e1tica sostenida con Okolodkov \u201csurgi\u00f3 el inter\u00e9s de la microscop\u00eda, que se puede investigar con nuestro equipo\u201d.<\/p>\n<p>En breve se dar\u00e1n a conocer las sinergias de trabajo para fortalecer la investigaci\u00f3n y desarrollo de nuevos proyectos en la UV<\/p>\n<p>&nbsp;<\/p>\n<div id=\"attachment_45922\" style=\"width: 732px\" class=\"wp-caption aligncenter\"><a href=\"https:\/\/www.uv.mx\/prensa\/files\/2018\/04\/270418-Veracruz-Icimap-y-Microna-2.jpg\"><img loading=\"lazy\" decoding=\"async\" aria-describedby=\"caption-attachment-45922\" class=\"size-full wp-image-45922\" src=\"https:\/\/www.uv.mx\/prensa\/files\/2018\/04\/270418-Veracruz-Icimap-y-Microna-2.jpg\" alt=\"\" width=\"722\" height=\"406\" srcset=\"https:\/\/www.uv.mx\/prensa\/files\/2018\/04\/270418-Veracruz-Icimap-y-Microna-2.jpg 722w, https:\/\/www.uv.mx\/prensa\/files\/2018\/04\/270418-Veracruz-Icimap-y-Microna-2-300x169.jpg 300w\" sizes=\"auto, (max-width: 722px) 100vw, 722px\" \/><\/a><p id=\"caption-attachment-45922\" class=\"wp-caption-text\">Estudiantes de posgrado escucharon las investigaciones de ambos institutos<\/p><\/div>\n","protected":false},"excerpt":{"rendered":"<p>En <em>Microna<\/em> se tiene equipo para estudiar o caracterizar materiales y en el <em>Icimap<\/em> existen proyectos que requieren del uso de este equipo, elementos necesarios para la vinculaci\u00f3n<\/p>\n","protected":false},"author":1869,"featured_media":45921,"comment_status":"closed","ping_status":"closed","sticky":false,"template":"","format":"standard","meta":{"footnotes":""},"categories":[32,55],"tags":[],"class_list":["post-45915","post","type-post","status-publish","format-standard","has-post-thumbnail","hentry","category-regiones","category-veracruz"],"_links":{"self":[{"href":"https:\/\/www.uv.mx\/prensa\/wp-json\/wp\/v2\/posts\/45915","targetHints":{"allow":["GET"]}}],"collection":[{"href":"https:\/\/www.uv.mx\/prensa\/wp-json\/wp\/v2\/posts"}],"about":[{"href":"https:\/\/www.uv.mx\/prensa\/wp-json\/wp\/v2\/types\/post"}],"author":[{"embeddable":true,"href":"https:\/\/www.uv.mx\/prensa\/wp-json\/wp\/v2\/users\/1869"}],"replies":[{"embeddable":true,"href":"https:\/\/www.uv.mx\/prensa\/wp-json\/wp\/v2\/comments?post=45915"}],"version-history":[{"count":0,"href":"https:\/\/www.uv.mx\/prensa\/wp-json\/wp\/v2\/posts\/45915\/revisions"}],"wp:featuredmedia":[{"embeddable":true,"href":"https:\/\/www.uv.mx\/prensa\/wp-json\/wp\/v2\/media\/45921"}],"wp:attachment":[{"href":"https:\/\/www.uv.mx\/prensa\/wp-json\/wp\/v2\/media?parent=45915"}],"wp:term":[{"taxonomy":"category","embeddable":true,"href":"https:\/\/www.uv.mx\/prensa\/wp-json\/wp\/v2\/categories?post=45915"},{"taxonomy":"post_tag","embeddable":true,"href":"https:\/\/www.uv.mx\/prensa\/wp-json\/wp\/v2\/tags?post=45915"}],"curies":[{"name":"wp","href":"https:\/\/api.w.org\/{rel}","templated":true}]}}