{"id":45912,"date":"2018-04-27T19:32:15","date_gmt":"2018-04-28T00:32:15","guid":{"rendered":"https:\/\/www.uv.mx\/prensa\/?p=45912"},"modified":"2021-11-08T08:27:11","modified_gmt":"2021-11-08T14:27:11","slug":"especialistas-de-mexico-y-espana-convergeran-en-el-ii-foro-editorial","status":"publish","type":"post","link":"https:\/\/www.uv.mx\/prensa\/cultura\/especialistas-de-mexico-y-espana-convergeran-en-el-ii-foro-editorial\/","title":{"rendered":"Especialistas de M\u00e9xico y Espa\u00f1a converger\u00e1n en el II Foro Editorial"},"content":{"rendered":"<ul>\n<li><em>El martes 1 de mayo, como parte de la XXV Feria Internacional del Libro Universitario (FILU) 2018<\/em><\/li>\n<li><em>A trav\u00e9s de cuatro mesas se discutir\u00e1 en torno al tema de revistas cient\u00edficas<\/em><\/li>\n<li><em>Tendr\u00e1 lugar en el Colegio de Notarios, ubicado sobre la calle Nicol\u00e1s Bravo n\u00famero 15, en la zona centro de esta ciudad<\/em><\/li>\n<\/ul>\n<p>&nbsp;<\/p>\n<div id=\"attachment_45913\" style=\"width: 732px\" class=\"wp-caption aligncenter\"><a href=\"https:\/\/www.uv.mx\/prensa\/files\/2018\/04\/270418-Foro-Editorial-1.jpg\"><img loading=\"lazy\" decoding=\"async\" aria-describedby=\"caption-attachment-45913\" class=\"size-full wp-image-45913\" src=\"https:\/\/www.uv.mx\/prensa\/files\/2018\/04\/270418-Foro-Editorial-1.jpg\" alt=\"\" width=\"722\" height=\"481\" srcset=\"https:\/\/www.uv.mx\/prensa\/files\/2018\/04\/270418-Foro-Editorial-1.jpg 722w, https:\/\/www.uv.mx\/prensa\/files\/2018\/04\/270418-Foro-Editorial-1-300x200.jpg 300w\" sizes=\"auto, (max-width: 722px) 100vw, 722px\" \/><\/a><p id=\"caption-attachment-45913\" class=\"wp-caption-text\">En la FILU 2018 se desarrollar\u00e1 el II Foro Editorial<\/p><\/div>\n<p>&nbsp;<\/p>\n<p><strong><em>Claudia Peralta V<\/em><\/strong><strong><em>\u00e1zquez<\/em><\/strong><\/p>\n<p><strong><em>27\/04\/2018, Xalapa, Ver.-<\/em><\/strong> Como parte de las actividades de la XXV Feria Internacional del Libro Universitario (FILU) 2018, el martes 1 de mayo tendr\u00e1 lugar el II Foro Editorial \u201cEdici\u00f3n digital, hacia una nueva manera de editar revistas y libros universitarios\u201d, cuya subsede ser\u00e1 el Colegio de Notarios del Estado de Veracruz.<\/p>\n<p>En este sitio, ubicado sobre la calle Nicol\u00e1s Bravo n\u00famero 15, en la zona centro de esta ciudad, a las 10:00 horas iniciar\u00e1 este foro dedicado a las revistas cient\u00edficas y con la participaci\u00f3n de especialistas de M\u00e9xico y Espa\u00f1a, este \u00faltimo pa\u00eds invitado a la fiesta literaria.<\/p>\n<p>Con la colaboraci\u00f3n del 3er Congreso Nacional e Iberoamericano de Revistas Cient\u00edficas (CNIRC), hasta las 17:30 horas se desarrollar\u00e1n cuatro mesas con igual n\u00famero de temas por abordar.<\/p>\n<p>La primera, se enfocar\u00e1 a la \u201cIndizaci\u00f3n de revistas acad\u00e9micas en bases de datos internacionales\u201d, con la participaci\u00f3n de Crist\u00f3bal Urbano, profesor titular de la Universidad de Barcelona, Espa\u00f1a.<\/p>\n<p>A las 11:30 horas, el tema de la Mesa 2 ser\u00e1 \u201cRedes de revistas acad\u00e9micas. Un impulso a la comunicaci\u00f3n acad\u00e9mica y cient\u00edfica\u201d, en la que intervendr\u00e1 Guillermo Ch\u00e1vez, Gubisha Ruiz Mor\u00e1n y \u00c9dgar Garc\u00eda Valencia.<\/p>\n<p>En punto de las 13:00 horas, con las opiniones de Llu\u00eds Pastor, Martha Esparza y Sayri Karp, se realizar\u00e1 la Mesa 3 \u201cLas redes, una manera de crecer\u201d.<\/p>\n<p>A las 16:30 horas inicia la Mesa 4 \u201cLos retos de las revistas en el mundo digital\u201d, a cargo de H\u00e9ctor Merino, Gwennhael Huesca y Gerardo Ochoa.<\/p>\n","protected":false},"excerpt":{"rendered":"<p>Tendr\u00e1 lugar en el Colegio de Notarios, ubicado sobre la calle Nicol\u00e1s Bravo n\u00famero 15, en la zona centro de esta ciudad<\/p>\n","protected":false},"author":1869,"featured_media":45913,"comment_status":"closed","ping_status":"closed","sticky":false,"template":"","format":"standard","meta":{"footnotes":""},"categories":[11,5128],"tags":[],"class_list":["post-45912","post","type-post","status-publish","format-standard","has-post-thumbnail","hentry","category-cultura","category-filu"],"_links":{"self":[{"href":"https:\/\/www.uv.mx\/prensa\/wp-json\/wp\/v2\/posts\/45912","targetHints":{"allow":["GET"]}}],"collection":[{"href":"https:\/\/www.uv.mx\/prensa\/wp-json\/wp\/v2\/posts"}],"about":[{"href":"https:\/\/www.uv.mx\/prensa\/wp-json\/wp\/v2\/types\/post"}],"author":[{"embeddable":true,"href":"https:\/\/www.uv.mx\/prensa\/wp-json\/wp\/v2\/users\/1869"}],"replies":[{"embeddable":true,"href":"https:\/\/www.uv.mx\/prensa\/wp-json\/wp\/v2\/comments?post=45912"}],"version-history":[{"count":1,"href":"https:\/\/www.uv.mx\/prensa\/wp-json\/wp\/v2\/posts\/45912\/revisions"}],"predecessor-version":[{"id":104685,"href":"https:\/\/www.uv.mx\/prensa\/wp-json\/wp\/v2\/posts\/45912\/revisions\/104685"}],"wp:featuredmedia":[{"embeddable":true,"href":"https:\/\/www.uv.mx\/prensa\/wp-json\/wp\/v2\/media\/45913"}],"wp:attachment":[{"href":"https:\/\/www.uv.mx\/prensa\/wp-json\/wp\/v2\/media?parent=45912"}],"wp:term":[{"taxonomy":"category","embeddable":true,"href":"https:\/\/www.uv.mx\/prensa\/wp-json\/wp\/v2\/categories?post=45912"},{"taxonomy":"post_tag","embeddable":true,"href":"https:\/\/www.uv.mx\/prensa\/wp-json\/wp\/v2\/tags?post=45912"}],"curies":[{"name":"wp","href":"https:\/\/api.w.org\/{rel}","templated":true}]}}