{"id":45814,"date":"2018-04-26T19:51:48","date_gmt":"2018-04-27T00:51:48","guid":{"rendered":"https:\/\/www.uv.mx\/prensa\/?p=45814"},"modified":"2021-10-22T11:31:43","modified_gmt":"2021-10-22T16:31:43","slug":"expertos-disertaran-sobre-importancia-de-la-activacion-fisica","status":"publish","type":"post","link":"https:\/\/www.uv.mx\/prensa\/eventos\/expertos-disertaran-sobre-importancia-de-la-activacion-fisica\/","title":{"rendered":"Expertos disertar\u00e1n sobre importancia de la activaci\u00f3n f\u00edsica"},"content":{"rendered":"<ul>\n<li><em>El s\u00e1bado 28 de abril, a las 16:00 horas, en la USBI Xalapa<\/em><\/li>\n<li><em>Alumnas de octavo semestre de FCAS organizan este evento dirigido al p\u00fablico en general<\/em><\/li>\n<li><em>Forma parte de la segunda edici\u00f3n del Foro Emerge 2018<\/em><\/li>\n<\/ul>\n<div id=\"attachment_45815\" style=\"width: 732px\" class=\"wp-caption aligncenter\"><a href=\"https:\/\/www.uv.mx\/prensa\/files\/2018\/04\/260418-EVENTOS-activacion-fisica-100k.jpg\"><img loading=\"lazy\" decoding=\"async\" aria-describedby=\"caption-attachment-45815\" class=\"size-full wp-image-45815\" src=\"https:\/\/www.uv.mx\/prensa\/files\/2018\/04\/260418-EVENTOS-activacion-fisica-100k.jpg\" alt=\"\" width=\"722\" height=\"481\" srcset=\"https:\/\/www.uv.mx\/prensa\/files\/2018\/04\/260418-EVENTOS-activacion-fisica-100k.jpg 722w, https:\/\/www.uv.mx\/prensa\/files\/2018\/04\/260418-EVENTOS-activacion-fisica-100k-300x200.jpg 300w\" sizes=\"auto, (max-width: 722px) 100vw, 722px\" \/><\/a><p id=\"caption-attachment-45815\" class=\"wp-caption-text\">Citlalli Qui\u00f1ones Alonso, coordinadora general del Colectivo Escom<\/p><\/div>\n<p>&nbsp;<\/p>\n<p class=\"Cuerpo\"><span class=\"Ninguno\"><b><i><span lang=\"IT\">Claudia Peralta V<\/span><\/i><\/b><\/span><span class=\"Ninguno\"><b><i><span lang=\"ES-TRAD\">\u00e1zquez<\/span><\/i><\/b><\/span><\/p>\n<p class=\"Cuerpo\"><span class=\"Ninguno\"><b><i><span lang=\"ES-TRAD\">26\/04\/18, Xalapa, Ver.- <\/span><\/i><\/b><\/span><span class=\"Ninguno\"><span lang=\"ES-TRAD\">Alumnas de octavo semestre del programa educativo (PE) Publicidad y Relaciones P\u00fablicas de la <a href=\"https:\/\/www.uv.mx\/fcas\/\" target=\"_blank\" rel=\"noopener\">Facultad de Ciencias Administrativas y Sociales<\/a> (FCAS) de la Universidad Veracruzana (UV), invitan al p\u00fablico en general al evento Acciona, que incluye la mesa de di\u00e1<\/span><\/span><span class=\"Ninguno\"><span lang=\"PT\">logo <\/span><\/span><span class=\"Ninguno\"><span lang=\"ES-TRAD\">\u201cLa activaci\u00f3n f\u00edsica como alternativa para lograr la salud del individuo\u201d.<\/span><\/span><\/p>\n<p class=\"Cuerpo\"><span class=\"Ninguno\"><span lang=\"ES-TRAD\">Esto tendr\u00e1 lugar el s\u00e1bado 28 de abril, a las 16:00 horas, en las salas de videoconferencias I y II de la <a href=\"https:\/\/www.uv.mx\/usbi\/\" target=\"_blank\" rel=\"noopener\">Unidad de Servicios Bibliotecarios y de Informaci\u00f3n<\/a> (USBI).<\/span><\/span><\/p>\n<p class=\"Cuerpo\"><span class=\"Ninguno\"><span lang=\"ES-TRAD\">En entrevista, Citlalli Qui\u00f1ones Alonso, coordinadora general del Colectivo <\/span><\/span><span class=\"Ninguno\"><i><span lang=\"PT\">Escom<\/span><\/i><\/span><span class=\"Ninguno\"><span lang=\"ES-TRAD\">(Estrategia y Comunicaci\u00f3n) distintivo morado, dio a conocer que este evento forma parte de la segunda edici\u00f3n del Foro Emerge 2018, que se realiza del 23 al 28 de abril a iniciativa de alumnos de la generaci\u00f3<\/span><\/span><span class=\"Ninguno\"><span lang=\"PT\">n 2014-2018 de FCAS.<\/span><\/span><\/p>\n<p class=\"Cuerpo\"><span class=\"Ninguno\"><span lang=\"ES-TRAD\">Dentro de los temas que aborda el Colectivo <\/span><\/span><span class=\"Ninguno\"><i><span lang=\"PT\">Escom<\/span><\/i><\/span><span class=\"Ninguno\"><span lang=\"ES-TRAD\">destaca: Arte y cultura, Sustentabilidad, y Cultura f\u00edsica y deporte.<\/span><\/span><\/p>\n<p class=\"Cuerpo\"><span class=\"Ninguno\"><span lang=\"ES-TRAD\">En este \u00faltimo, junto con su compa\u00f1era de equipo M\u00f3nica Lara Rosas, se aboc\u00f3 a la tarea de organizar el evento Acciona, como un espacio de reflexi\u00f3n entre actores estrat\u00e9gicos y con el objetivo de mostrar la importancia de la activaci\u00f3n f\u00edsica en la salud del individuo a trav\u00e9s de acciones de publicidad y relaciones p\u00fa<\/span><\/span><span class=\"Ninguno\"><span lang=\"PT\">blicas.<\/span><\/span><\/p>\n<p class=\"Cuerpo\"><span class=\"Ninguno\"><span lang=\"ES-TRAD\">Dio a conocer que en la mesa de di\u00e1<\/span><\/span><span class=\"Ninguno\"><span lang=\"PT\">logo participar<\/span><\/span><span class=\"Ninguno\"><span lang=\"ES-TRAD\">\u00e1n: Yanga Melgarejo Ortiz, experto en direcci\u00f3<\/span><\/span><span class=\"Ninguno\"><span lang=\"DE\">n deportiva y con vasta trayectoria en gesti<\/span><\/span><span class=\"Ninguno\"><span lang=\"ES-TRAD\">\u00f3n de programas de activaci\u00f3n f\u00edsica; Miguel N\u00fa\u00f1ez Acosta, ex jugador de basquetbol y actual dirigente del Comit\u00e9 Municipal del Deporte en Misantla; y Jes\u00fas Enrique Valenzuela, experto en entrenamiento deportivo y oficial de programas en Fundaci\u00f3n Paso del Norte y Community Impact en Coaches Across Continents.<\/span><\/span><\/p>\n<p class=\"Cuerpo\"><span class=\"Ninguno\"><span lang=\"ES-TRAD\">Ellos disertar\u00e1n sobre: qu\u00e9 es la actividad f\u00edsica y su impacto en la salud; gesti\u00f3n y ejecuci\u00f3n de programas de activaci\u00f3n f\u00edsica y su importancia; participaci\u00f3n de distintos sectores de la poblaci\u00f3n (asociaciones civiles, empresas privadas e instituciones gubernamentales) en la actividad f\u00edsica y su conexi\u00f3n con la comunidad, entre otros.<\/span><\/span><\/p>\n<p class=\"Cuerpo\"><span class=\"Ninguno\"><span lang=\"IT\">Al t<\/span><\/span><span class=\"Ninguno\"><span lang=\"ES-TRAD\">\u00e9rmino\u00a0de esta acci\u00f3<\/span><\/span><span class=\"Ninguno\"><span lang=\"PT\">n se realizar<\/span><\/span><span class=\"Ninguno\"><span lang=\"ES-TRAD\">\u00e1 una activaci\u00f3n f\u00edsica en la explanada de la USBI Xalapa.<\/span><\/span><\/p>\n<p class=\"Cuerpo\"><span class=\"Ninguno\"><span lang=\"IT\">Qui<\/span><\/span><span class=\"Ninguno\"><span lang=\"ES-TRAD\">\u00f1ones Alonso precis\u00f3 <\/span><\/span><span class=\"Ninguno\"><span lang=\"IT\">dentro del <\/span><\/span><span class=\"Ninguno\"><span lang=\"ES-TRAD\">\u00e1mbito de la salud hay muchas iniciativas encaminadas hacia la atenci\u00f3n de esta problem\u00e1<\/span><\/span><span class=\"Ninguno\"><span lang=\"PT\">tica social. <\/span><\/span><\/p>\n<p class=\"Cuerpo\"><span class=\"Ninguno\"><span lang=\"PT\">Agreg<\/span><\/span><span class=\"Ninguno\"><span lang=\"ES-TRAD\">\u00f3 que el foro contribuye ampliamente en la formaci\u00f3n profesional de los estudiantes, pues los acerca a escenarios y experiencias laborales reales.<\/span><\/span><\/p>\n<p class=\"Cuerpo\"><span class=\"Ninguno\"><span lang=\"ES-TRAD\">\u201cTenemos que hablar con medios, contactar citas, incluso los participantes vienen de distintas partes de la Rep\u00fablica Mexicana; los maestros nos gu\u00edan pero a la vez dejan a nuestro cargo la organizaci\u00f3n. Personalmente ha sido muy constructivo, es el arma que los profesores nos dan para cuando nos graduemos.\u201d<\/span><\/span><\/p>\n","protected":false},"excerpt":{"rendered":"<p>Alumnas de Publicidad y Relaciones P\u00fablicas invitan al evento Acciona, el 28 de abril en la Unidad de Servicios Bibliotecarios y de Informaci\u00f3n, dentro de la segunda edici\u00f3n del Foro Emerge 2018<\/p>\n","protected":false},"author":1775,"featured_media":45815,"comment_status":"closed","ping_status":"closed","sticky":false,"template":"","format":"standard","meta":{"footnotes":""},"categories":[47],"tags":[4163,2954,264,2750,507,1296,4486,572,279],"class_list":["post-45814","post","type-post","status-publish","format-standard","has-post-thumbnail","hentry","category-eventos","tag-claudia-peralta-vazquez","tag-evento","tag-fcas","tag-mesa-de-dialogo","tag-pe","tag-programa-educativo","tag-publicidad-y-relaciones-publicas-de-la-facultad-de-ciencias-administrativas-y-sociales","tag-unidad-de-servicios-bibliotecarios-y-de-informacion","tag-usbi"],"_links":{"self":[{"href":"https:\/\/www.uv.mx\/prensa\/wp-json\/wp\/v2\/posts\/45814","targetHints":{"allow":["GET"]}}],"collection":[{"href":"https:\/\/www.uv.mx\/prensa\/wp-json\/wp\/v2\/posts"}],"about":[{"href":"https:\/\/www.uv.mx\/prensa\/wp-json\/wp\/v2\/types\/post"}],"author":[{"embeddable":true,"href":"https:\/\/www.uv.mx\/prensa\/wp-json\/wp\/v2\/users\/1775"}],"replies":[{"embeddable":true,"href":"https:\/\/www.uv.mx\/prensa\/wp-json\/wp\/v2\/comments?post=45814"}],"version-history":[{"count":1,"href":"https:\/\/www.uv.mx\/prensa\/wp-json\/wp\/v2\/posts\/45814\/revisions"}],"predecessor-version":[{"id":103435,"href":"https:\/\/www.uv.mx\/prensa\/wp-json\/wp\/v2\/posts\/45814\/revisions\/103435"}],"wp:featuredmedia":[{"embeddable":true,"href":"https:\/\/www.uv.mx\/prensa\/wp-json\/wp\/v2\/media\/45815"}],"wp:attachment":[{"href":"https:\/\/www.uv.mx\/prensa\/wp-json\/wp\/v2\/media?parent=45814"}],"wp:term":[{"taxonomy":"category","embeddable":true,"href":"https:\/\/www.uv.mx\/prensa\/wp-json\/wp\/v2\/categories?post=45814"},{"taxonomy":"post_tag","embeddable":true,"href":"https:\/\/www.uv.mx\/prensa\/wp-json\/wp\/v2\/tags?post=45814"}],"curies":[{"name":"wp","href":"https:\/\/api.w.org\/{rel}","templated":true}]}}