{"id":45575,"date":"2018-04-24T15:35:57","date_gmt":"2018-04-24T20:35:57","guid":{"rendered":"https:\/\/www.uv.mx\/prensa\/?p=45575"},"modified":"2018-04-26T14:14:20","modified_gmt":"2018-04-26T19:14:20","slug":"uvserva-presentara-su-quinto-numero","status":"publish","type":"post","link":"https:\/\/www.uv.mx\/prensa\/general\/uvserva-presentara-su-quinto-numero\/","title":{"rendered":"UVserva presentar\u00e1 su quinto n\u00famero"},"content":{"rendered":"<ul>\n<li><em>La publicaci\u00f3n electr\u00f3nica de la Coordinaci\u00f3n Universitaria de Observatorios (CUO) de la UV estar\u00e1 disponible en l\u00ednea a partir del 25 de abril en <\/em><a href=\"https:\/\/www.uv.mx\/uvserva\/\"><em>uv.mx\/uvserva\/<\/em><\/a><\/li>\n<li><em>Tambi\u00e9n ser\u00e1 presentada el 1 de mayo, en la FILU<\/em><\/li>\n<\/ul>\n<p>&nbsp;<\/p>\n<div id=\"attachment_45565\" style=\"width: 521px\" class=\"wp-caption aligncenter\"><a href=\"https:\/\/www.uv.mx\/prensa\/files\/2018\/04\/230418-UVserva-1.jpg\"><img loading=\"lazy\" decoding=\"async\" aria-describedby=\"caption-attachment-45565\" class=\"size-full wp-image-45565\" src=\"https:\/\/www.uv.mx\/prensa\/files\/2018\/04\/230418-UVserva-1.jpg\" alt=\"\" width=\"511\" height=\"722\" srcset=\"https:\/\/www.uv.mx\/prensa\/files\/2018\/04\/230418-UVserva-1.jpg 511w, https:\/\/www.uv.mx\/prensa\/files\/2018\/04\/230418-UVserva-1-212x300.jpg 212w\" sizes=\"auto, (max-width: 511px) 100vw, 511px\" \/><\/a><p id=\"caption-attachment-45565\" class=\"wp-caption-text\">Portada del quinto n\u00famero<\/p><\/div>\n<p>&nbsp;<\/p>\n<p><strong><em>Carlos Hugo Hermida Rosales<\/em><\/strong><\/p>\n<p><strong><em>24\/04\/18, Xalapa, Ver.- <\/em><\/strong><em>UVserva<\/em>, revista electr\u00f3nica de la <a href=\"https:\/\/www.uv.mx\/cuo\/\" target=\"_blank\" rel=\"noopener\">Coordinaci\u00f3n Universitaria de Observatorios<\/a> (CUO) de la Universidad Veracruzana (UV), presentar\u00e1 su quinto n\u00famero en el Sal\u00f3n \u201cRam\u00f3n Rodr\u00edguez\u201d del Complejo Deportivo Omega, sede de la Feria Internacional del Libro Universitario (FILU), el martes 1 de mayo a las 12:00 horas.<\/p>\n<p>El evento contar\u00e1 con la participaci\u00f3n de Magdalena Hern\u00e1ndez Alarc\u00f3n, Claudio Rafael Castro L\u00f3pez y Shantal Meseguer Galv\u00e1n, y la moderaci\u00f3n ser\u00e1 de Jos\u00e9 Oth\u00f3n Flores Consejo.<\/p>\n<p>Denisse Garc\u00eda Medina, jefa del Departamento de Producci\u00f3n y An\u00e1lisis de Informaci\u00f3n de la CUO, explic\u00f3 que <em>UVserva\u00a0<\/em>se publica semestralmente y que su objetivo es dar a conocer la investigaci\u00f3n que se realiza en los observatorios pertenecientes a la Red Estatal de Observatorios de la UV, mediante la publicaci\u00f3n de art\u00edculos in\u00e9ditos y arbitrados que abordan diversas tem\u00e1ticas de estudio.<\/p>\n<p>Comparti\u00f3 que este ejemplar contar\u00e1 con art\u00edculos de temas muy variados, entre ellos \u201cEspacios p\u00fablicos amables para las mujeres en Xalapa, Veracruz, una mirada desde el Observatorio Urbano Universitario\u201d, investigaci\u00f3n del Observatorio Urbano Universitario, en donde investigadores y asistentes reflexionan acerca de la importancia de considerar la perspectiva de g\u00e9nero en el dise\u00f1o y estudio del espacio urbano.<\/p>\n<p>En \u201c\u00bfEst\u00e1 cambiando el clima en Xalapa y Coatepec?\u201d, acad\u00e9micos de Ciencias Agr\u00edcolas, investigadores del Observatorio de la Cafeticultura Veracruzana y del <a href=\"https:\/\/www.uv.mx\/cienti\/\" target=\"_blank\" rel=\"noopener\">Centro de Ciencias de la Tierra<\/a> de la UV, as\u00ed como del Centro de Ecolog\u00eda de la Universidad Nacional Aut\u00f3noma de M\u00e9xico, muestran evidencia de que estas ciudades son menos extremas t\u00e9rmicamente que en el pasado.<\/p>\n<p>Mariana Riveros Pozos, adscrita al \u00e1rea de apoyo de Difusi\u00f3n y Divulgaci\u00f3n de la CUO, declar\u00f3 que la revista es una forma de acercar a la comunidad universitaria y al p\u00fablico en general al trabajo que los investigadores realizan en los observatorios universitarios, y as\u00ed motivar a los lectores a involucrarse en las labores que se llevan a cabo.<\/p>\n<p>\u201cLa publicaci\u00f3n no es muy conocida y nos interesa que la comunidad universitaria y p\u00fablico en general sepa que existe una revista que conjunta los trabajos de estos observatorios.\u201d<\/p>\n<p>A\u00f1adi\u00f3 que cualquier persona puede participar en la publicaci\u00f3n ya sea con un art\u00edculo, reflexi\u00f3n o nota breve, y mencion\u00f3 que incluso se han recibido publicaciones de investigadores de otros estados como Yucat\u00e1n, Tabasco y Oaxaca.<\/p>\n<p>Afirm\u00f3 que <em>UVserva\u00a0<\/em>cada vez cuenta con un mayor n\u00famero de colaboradores, y coment\u00f3 que uno de los principales objetivos a mediano plazo de su equipo editorial es lograr indexarla.<\/p>\n<p>El n\u00famero 5 de la revista <em>UVServa\u00a0<\/em>estar\u00e1 disponible para todo p\u00fablico a partir del 25 de abril, en la p\u00e1gina <em>web\u00a0<\/em><a href=\"https:\/\/www.uv.mx\/uvserva\/\">https:\/\/www.uv.mx\/uvserva\/<\/a><\/p>\n<p>&nbsp;<\/p>\n","protected":false},"excerpt":{"rendered":"<p>La revista electr\u00f3nica de la Coordinaci\u00f3n Universitaria de Observatorios estar\u00e1 disponible a partir del 25 de abril, en la p\u00e1gina www.uv.mx\/uvserva\/<\/p>\n","protected":false},"author":1508,"featured_media":45565,"comment_status":"closed","ping_status":"closed","sticky":false,"template":"","format":"standard","meta":{"footnotes":""},"categories":[1],"tags":[],"class_list":["post-45575","post","type-post","status-publish","format-standard","has-post-thumbnail","hentry","category-general"],"_links":{"self":[{"href":"https:\/\/www.uv.mx\/prensa\/wp-json\/wp\/v2\/posts\/45575","targetHints":{"allow":["GET"]}}],"collection":[{"href":"https:\/\/www.uv.mx\/prensa\/wp-json\/wp\/v2\/posts"}],"about":[{"href":"https:\/\/www.uv.mx\/prensa\/wp-json\/wp\/v2\/types\/post"}],"author":[{"embeddable":true,"href":"https:\/\/www.uv.mx\/prensa\/wp-json\/wp\/v2\/users\/1508"}],"replies":[{"embeddable":true,"href":"https:\/\/www.uv.mx\/prensa\/wp-json\/wp\/v2\/comments?post=45575"}],"version-history":[{"count":0,"href":"https:\/\/www.uv.mx\/prensa\/wp-json\/wp\/v2\/posts\/45575\/revisions"}],"wp:featuredmedia":[{"embeddable":true,"href":"https:\/\/www.uv.mx\/prensa\/wp-json\/wp\/v2\/media\/45565"}],"wp:attachment":[{"href":"https:\/\/www.uv.mx\/prensa\/wp-json\/wp\/v2\/media?parent=45575"}],"wp:term":[{"taxonomy":"category","embeddable":true,"href":"https:\/\/www.uv.mx\/prensa\/wp-json\/wp\/v2\/categories?post=45575"},{"taxonomy":"post_tag","embeddable":true,"href":"https:\/\/www.uv.mx\/prensa\/wp-json\/wp\/v2\/tags?post=45575"}],"curies":[{"name":"wp","href":"https:\/\/api.w.org\/{rel}","templated":true}]}}