{"id":45397,"date":"2018-04-20T19:31:55","date_gmt":"2018-04-21T00:31:55","guid":{"rendered":"https:\/\/www.uv.mx\/prensa\/?p=45397"},"modified":"2021-10-22T10:58:40","modified_gmt":"2021-10-22T15:58:40","slug":"educacion-llama-que-nos-guia-en-la-oscuridad-egresados","status":"publish","type":"post","link":"https:\/\/www.uv.mx\/prensa\/regiones\/coatzacoalcos\/educacion-llama-que-nos-guia-en-la-oscuridad-egresados\/","title":{"rendered":"Educaci\u00f3n, llama que nos gu\u00eda  en la oscuridad: egresados"},"content":{"rendered":"<p>Cada egresado representa una historia que se enriquece con las emociones, las ideas y conocimientos de los dem\u00e1s<\/p>\n<p><a href=\"https:\/\/www.uv.mx\/prensa\/files\/2018\/04\/Egresados-1-100k.jpg\"><img decoding=\"async\" loading=\"lazy\" class=\"size-full wp-image-45398 aligncenter\" src=\"https:\/\/www.uv.mx\/prensa\/files\/2018\/04\/Egresados-1-100k.jpg\" alt=\"\" width=\"722\" height=\"481\" srcset=\"https:\/\/www.uv.mx\/prensa\/files\/2018\/04\/Egresados-1-100k.jpg 722w, https:\/\/www.uv.mx\/prensa\/files\/2018\/04\/Egresados-1-100k-300x200.jpg 300w\" sizes=\"(max-width: 722px) 100vw, 722px\" \/><\/a><\/p>\n<blockquote><p>Cada egresado representa una historia que se enriquece con las emociones, las ideas y conocimientos de los dem\u00e1s<\/p><\/blockquote>\n<p>&nbsp;<\/p>\n<p><strong><em>Cecilia Escribano Reyes<\/em><\/strong><\/p>\n<p><strong><em>20\/04\/18, Coatzacoalcos, Ver.- <\/em><\/strong>De manera simult\u00e1nea, las cinco regiones de la Universidad Veracruzana (UV) \u2013Xalapa, Veracruz, Poza Rica-Tuxpan, Coatzacoalcos-Minatitl\u00e1n y Orizaba-C\u00f3rdoba\u2013 realizaron la Ceremonia de Egresados 2018.<\/p>\n<p>En esta regi\u00f3n se llev\u00f3 a cabo en dos sedes, Coatzacoalcos y Minatitl\u00e1n, presidida por Carlos Lamothe Zavaleta, vicerrector; Florentino Cruz Mart\u00ednez, secretario Acad\u00e9mico regional; Norma Morales S\u00e1nchez, secretaria de Administraci\u00f3n y Finanzas, y como invitados especiales asistieron los directores de las distintas facultades, adem\u00e1s de familiares de los egresados.<\/p>\n<p>Se enton\u00f3 el Himno de la Universidad Veracruzana, cuya m\u00fasica es autor\u00eda de Richard Siwy y letra de Francisco Morosini Cordero. La bienvenida estuvo a cargo del Vicerrector, quien se\u00f1al\u00f3 que egresar de la UV es concluir una etapa de la vida de quienes han transitado por sus aulas y han tomado lo mejor de ella para sus vidas.<\/p>\n<div id=\"attachment_45402\" style=\"width: 732px\" class=\"wp-caption aligncenter\"><a href=\"https:\/\/www.uv.mx\/prensa\/files\/2018\/04\/Egresados-2-100k.jpg\"><img aria-describedby=\"caption-attachment-45402\" decoding=\"async\" loading=\"lazy\" class=\"size-full wp-image-45402\" src=\"https:\/\/www.uv.mx\/prensa\/files\/2018\/04\/Egresados-2-100k.jpg\" alt=\"\" width=\"722\" height=\"301\" srcset=\"https:\/\/www.uv.mx\/prensa\/files\/2018\/04\/Egresados-2-100k.jpg 722w, https:\/\/www.uv.mx\/prensa\/files\/2018\/04\/Egresados-2-100k-300x125.jpg 300w\" sizes=\"(max-width: 722px) 100vw, 722px\" \/><\/a><p id=\"caption-attachment-45402\" class=\"wp-caption-text\">Egresados de Coatzacoalcos<\/p><\/div>\n<p>&nbsp;<\/p>\n<p>Recalc\u00f3 que cada egresado representa una historia que se enriquece con las emociones, las ideas y conocimientos de los dem\u00e1s. \u201c\u00c9sa es la raz\u00f3n de ser de la Universidad, es el espacio donde confluye un universo que da cabida a la diversidad de esperanza, ilusiones, opiniones y manifestaciones de vida para dar luz a nuevos y mejores conocimientos\u201d.<\/p>\n<p>Invit\u00f3 a los presentes a recordar los nervios al presentar el examen de ingreso, revivir la emoci\u00f3n de verse en la lista de aceptados, su primer d\u00eda como universitarios, y compararse con el presente, como los profesionales que son ahora. \u201cSon nuestro orgullo UV, la Universidad Veracruzana siempre ser\u00e1 su casa, los invito a llevar siempre el orgullo de ser universitarios, de ser UV\u201d.<\/p>\n<p>En la ceremonia de Coatzacoalcos, Kim Villalobos Centeno, egresada de la Licenciatura en Administraci\u00f3n, felicit\u00f3 a los egresados de la generaci\u00f3n 2014-2018.<\/p>\n<p>\u201cQuiero aplaudirles por alcanzar sus metas y valorar la oportunidad de tener acceso a una educaci\u00f3n de calidad, la educaci\u00f3n es la llama que nos gu\u00eda en la oscuridad, la llave que nos abre puertas, el ingrediente que alimenta nuestros sue\u00f1os y la flama que mantiene encendida la esperanza, \u00e9sa es la educaci\u00f3n que nos dio la Universidad Veracruzana.\u201d<\/p>\n<div id=\"attachment_45406\" style=\"width: 732px\" class=\"wp-caption aligncenter\"><a href=\"https:\/\/www.uv.mx\/prensa\/files\/2018\/04\/Egresados-3-100k.jpg\"><img aria-describedby=\"caption-attachment-45406\" decoding=\"async\" loading=\"lazy\" class=\"size-full wp-image-45406\" src=\"https:\/\/www.uv.mx\/prensa\/files\/2018\/04\/Egresados-3-100k.jpg\" alt=\"\" width=\"722\" height=\"295\" srcset=\"https:\/\/www.uv.mx\/prensa\/files\/2018\/04\/Egresados-3-100k.jpg 722w, https:\/\/www.uv.mx\/prensa\/files\/2018\/04\/Egresados-3-100k-300x123.jpg 300w\" sizes=\"(max-width: 722px) 100vw, 722px\" \/><\/a><p id=\"caption-attachment-45406\" class=\"wp-caption-text\">Egresados de Minatitl\u00e1n<\/p><\/div>\n<p>&nbsp;<\/p>\n<p>En la ceremonia de Minatitl\u00e1n, Elsy Karina Estrella Cruz, egresada de la Licenciatura en Enfermer\u00eda, felicit\u00f3 a sus compa\u00f1eros y se\u00f1al\u00f3: \u201cSomos portadores de la semilla que la Universidad ha sembrado en nosotros y que a partir de hoy dar\u00e1 sus frutos; somos una trasformaci\u00f3n paulatina. Hoy estamos compartiendo la alegr\u00eda de haber conseguido una meta personal; celebramos la estancia en la UV, que nos permiti\u00f3 desarrollar habilidades gen\u00e9ricas y profesionales que hoy pongo en pr\u00e1ctica con la gu\u00eda y orientaci\u00f3n de mis catedr\u00e1ticos, para lograr las mejores competencias en nuestra formaci\u00f3n\u201d.<\/p>\n<p>Adem\u00e1s se present\u00f3 un emotivo video de la rectora Sara Ladr\u00f3n de Guevara Gonz\u00e1lez, donde invit\u00f3 a los egresados a representar a su alma m\u00e1ter con orgullo.<\/p>\n<p>En Coatzacoalcos se entregaron constancias de egreso a los alumnos de las facultades de: Contadur\u00eda y Administraci\u00f3n, Ingenier\u00eda, Ciencias Qu\u00edmica, Enfermer\u00eda, Ingenier\u00eda en Sistemas de Producci\u00f3n Agropecuaria, Escuela de Enfermer\u00eda, Sistema de Ense\u00f1anza Abierta. En Minatitl\u00e1n, las recibieron egresados de las facultades de: Medicina, Odontolog\u00eda, Enfermer\u00eda, Trabajo Social y la <a href=\"https:\/\/www.uv.mx\/uvi\/\" target=\"_blank\" rel=\"noopener\">Universidad Veracruzana Intercultural<\/a>.<\/p>\n<div id=\"attachment_45399\" style=\"width: 732px\" class=\"wp-caption aligncenter\"><a href=\"https:\/\/www.uv.mx\/prensa\/files\/2018\/04\/Egresados-4-100k.jpg\"><img aria-describedby=\"caption-attachment-45399\" decoding=\"async\" loading=\"lazy\" class=\"size-full wp-image-45399\" src=\"https:\/\/www.uv.mx\/prensa\/files\/2018\/04\/Egresados-4-100k.jpg\" alt=\"\" width=\"722\" height=\"481\" srcset=\"https:\/\/www.uv.mx\/prensa\/files\/2018\/04\/Egresados-4-100k.jpg 722w, https:\/\/www.uv.mx\/prensa\/files\/2018\/04\/Egresados-4-100k-300x200.jpg 300w\" sizes=\"(max-width: 722px) 100vw, 722px\" \/><\/a><p id=\"caption-attachment-45399\" class=\"wp-caption-text\">El vicerrector Carlos Lamothe Zavaleta<\/p><\/div>\n","protected":false},"excerpt":{"rendered":"<p>Egresar de la UV es concluir una etapa de la vida de quienes han transitado por sus aulas y han tomado lo mejor de ella para sus vidas: Carlos Lamothe, vicerrector de Coatzacoalcos-Minatitl\u00e1n<\/p>\n","protected":false},"author":1775,"featured_media":45398,"comment_status":"closed","ping_status":"closed","sticky":false,"template":"","format":"standard","meta":[],"categories":[52],"tags":[4167,4448,69],"_links":{"self":[{"href":"https:\/\/www.uv.mx\/prensa\/wp-json\/wp\/v2\/posts\/45397"}],"collection":[{"href":"https:\/\/www.uv.mx\/prensa\/wp-json\/wp\/v2\/posts"}],"about":[{"href":"https:\/\/www.uv.mx\/prensa\/wp-json\/wp\/v2\/types\/post"}],"author":[{"embeddable":true,"href":"https:\/\/www.uv.mx\/prensa\/wp-json\/wp\/v2\/users\/1775"}],"replies":[{"embeddable":true,"href":"https:\/\/www.uv.mx\/prensa\/wp-json\/wp\/v2\/comments?post=45397"}],"version-history":[{"count":1,"href":"https:\/\/www.uv.mx\/prensa\/wp-json\/wp\/v2\/posts\/45397\/revisions"}],"predecessor-version":[{"id":103419,"href":"https:\/\/www.uv.mx\/prensa\/wp-json\/wp\/v2\/posts\/45397\/revisions\/103419"}],"wp:featuredmedia":[{"embeddable":true,"href":"https:\/\/www.uv.mx\/prensa\/wp-json\/wp\/v2\/media\/45398"}],"wp:attachment":[{"href":"https:\/\/www.uv.mx\/prensa\/wp-json\/wp\/v2\/media?parent=45397"}],"wp:term":[{"taxonomy":"category","embeddable":true,"href":"https:\/\/www.uv.mx\/prensa\/wp-json\/wp\/v2\/categories?post=45397"},{"taxonomy":"post_tag","embeddable":true,"href":"https:\/\/www.uv.mx\/prensa\/wp-json\/wp\/v2\/tags?post=45397"}],"curies":[{"name":"wp","href":"https:\/\/api.w.org\/{rel}","templated":true}]}}