{"id":45333,"date":"2018-04-20T12:11:03","date_gmt":"2018-04-20T17:11:03","guid":{"rendered":"https:\/\/www.uv.mx\/prensa\/?p=45333"},"modified":"2018-04-20T12:11:03","modified_gmt":"2018-04-20T17:11:03","slug":"uv-ofrecio-curso-sobre-perspectiva-de-genero","status":"publish","type":"post","link":"https:\/\/www.uv.mx\/prensa\/regiones\/uv-ofrecio-curso-sobre-perspectiva-de-genero\/","title":{"rendered":"UV ofreci\u00f3 curso sobre perspectiva de g\u00e9nero"},"content":{"rendered":"<p>&nbsp;<\/p>\n<div id=\"attachment_45338\" style=\"width: 732px\" class=\"wp-caption aligncenter\"><a href=\"https:\/\/www.uv.mx\/prensa\/files\/2018\/04\/200418-ORIZABA-Perspectiva-de-genero-01.jpg\"><img loading=\"lazy\" decoding=\"async\" aria-describedby=\"caption-attachment-45338\" class=\"size-full wp-image-45338\" src=\"https:\/\/www.uv.mx\/prensa\/files\/2018\/04\/200418-ORIZABA-Perspectiva-de-genero-01.jpg\" alt=\"\" width=\"722\" height=\"406\" srcset=\"https:\/\/www.uv.mx\/prensa\/files\/2018\/04\/200418-ORIZABA-Perspectiva-de-genero-01.jpg 722w, https:\/\/www.uv.mx\/prensa\/files\/2018\/04\/200418-ORIZABA-Perspectiva-de-genero-01-300x169.jpg 300w\" sizes=\"auto, (max-width: 722px) 100vw, 722px\" \/><\/a><p id=\"caption-attachment-45338\" class=\"wp-caption-text\">Autoridades, directivos y funcionarios universitarios participaron en el curso<\/p><\/div>\n<p>&nbsp;<\/p>\n<p><strong><em>Francisco Javier Cha\u00edn Revuelta<\/em><\/strong><\/p>\n<p><strong><em>20\/04\/18, Ixtaczoquitl\u00e1n, Ver.-<\/em><\/strong> La Universidad Veracruzana (UV) realiz\u00f3 el curso-taller \u201cIncorporaci\u00f3n de la perspectiva de g\u00e9nero en los planes de Desarrollo Acad\u00e9mico (<em>Pladea<\/em>) y de Desarrollo de las Dependencias (<em>Plades<\/em>)\u201d, en el que participaron autoridades, directores y funcionarios acad\u00e9micos y administrativos de todas las dependencias de la regi\u00f3n Orizaba-C\u00f3rdoba.<\/p>\n<p>El curso tuvo lugar del 9 al 13 de abril en la Unidad de Servicios Bibliotecarios y de Informaci\u00f3n (USBI) de Ixtaczoquitl\u00e1n, organizado por la Coordinaci\u00f3n de Estudios de G\u00e9nero con facilitadores del grupo Desarrollo Autogestionable, A.C.<\/p>\n<p>Anabel Ojeda Guti\u00e9rrez, responsable regional de la Unidad de G\u00e9nero, se\u00f1al\u00f3 que el objetivo fue brindar herramientas para transversalizar el enfoque de g\u00e9nero sobre toda la generaci\u00f3n de <em>Plades<\/em> y <em>Pladea<\/em>.<\/p>\n<p>El curso-taller se desarroll\u00f3 con un repaso de los conceptos b\u00e1sicos sobre equidad de g\u00e9nero y despu\u00e9s se profundiz\u00f3 en cada uno de los temas principales.<\/p>\n<p>El primer objetivo fue comprender la relaci\u00f3n entre tales conceptos y las desigualdades estructurales que existen entre mujeres y hombres, para ello es indispensable entender que el \u201cg\u00e9nero\u201d es una construcci\u00f3n social y es importante diferenciarlo del concepto \u201csexo\u201d, al que pertenecen las caracter\u00edsticas f\u00edsicas y biol\u00f3gicas que distinguen a mujeres y varones.<\/p>\n<p>As\u00ed, g\u00e9nero se define como el conjunto de caracter\u00edsticas psicol\u00f3gicas, sociales y culturales que la sociedad asigna diferenciadamente a hombres y mujeres, mismas que no son biol\u00f3gicas pues se construyen con base en el entendimiento de los diferentes roles y las relaciones entre hombres y mujeres en la sociedad. Esto significa que ambos aprenden a comportarse de maneras distintas, seg\u00fan las normas que se consideren como adecuadas.<\/p>\n<p>Otro de los conceptos discutidos fueron las \u201ccaracter\u00edsticas de g\u00e9nero\u201d y se se\u00f1al\u00f3 que est\u00e1n relacionadas con lo que la sociedad permite que hagan los hombres y las mujeres, as\u00ed como el trabajo social que cada uno desempe\u00f1a.<\/p>\n<p>Despu\u00e9s de repasar todo el conjunto de los conceptos que se involucran con los estudios de g\u00e9nero, se profundiz\u00f3 en los temas de equidad, no discriminaci\u00f3n por razones de diversidad sexual o por preferencias amorosas; sobre todo se estudi\u00f3 el objetivo principal que es contar con m\u00e1s mecanismos metodol\u00f3gicos para seguir incorporando la transversalidad de g\u00e9nero en los planes de desarrollo de la UV.<\/p>\n<p>El curso fue inaugurado por la secretaria Acad\u00e9mica regional, Emma Virginia Herrera Huerta, en representaci\u00f3n del vicerrector Jos\u00e9 Eduardo Mart\u00ednez Canales.<\/p>\n","protected":false},"excerpt":{"rendered":"<p>Fue organizado por la Coordinaci\u00f3n de Estudios de G\u00e9nero con facilitadores del grupo Desarrollo Autogestionable, A.C, en la regi\u00f3n Orizaba-C\u00f3rdoba<\/p>\n","protected":false},"author":1869,"featured_media":45338,"comment_status":"closed","ping_status":"closed","sticky":false,"template":"","format":"standard","meta":{"footnotes":""},"categories":[53,32],"tags":[],"class_list":["post-45333","post","type-post","status-publish","format-standard","has-post-thumbnail","hentry","category-orizaba","category-regiones"],"_links":{"self":[{"href":"https:\/\/www.uv.mx\/prensa\/wp-json\/wp\/v2\/posts\/45333","targetHints":{"allow":["GET"]}}],"collection":[{"href":"https:\/\/www.uv.mx\/prensa\/wp-json\/wp\/v2\/posts"}],"about":[{"href":"https:\/\/www.uv.mx\/prensa\/wp-json\/wp\/v2\/types\/post"}],"author":[{"embeddable":true,"href":"https:\/\/www.uv.mx\/prensa\/wp-json\/wp\/v2\/users\/1869"}],"replies":[{"embeddable":true,"href":"https:\/\/www.uv.mx\/prensa\/wp-json\/wp\/v2\/comments?post=45333"}],"version-history":[{"count":0,"href":"https:\/\/www.uv.mx\/prensa\/wp-json\/wp\/v2\/posts\/45333\/revisions"}],"wp:featuredmedia":[{"embeddable":true,"href":"https:\/\/www.uv.mx\/prensa\/wp-json\/wp\/v2\/media\/45338"}],"wp:attachment":[{"href":"https:\/\/www.uv.mx\/prensa\/wp-json\/wp\/v2\/media?parent=45333"}],"wp:term":[{"taxonomy":"category","embeddable":true,"href":"https:\/\/www.uv.mx\/prensa\/wp-json\/wp\/v2\/categories?post=45333"},{"taxonomy":"post_tag","embeddable":true,"href":"https:\/\/www.uv.mx\/prensa\/wp-json\/wp\/v2\/tags?post=45333"}],"curies":[{"name":"wp","href":"https:\/\/api.w.org\/{rel}","templated":true}]}}