{"id":45328,"date":"2018-04-20T11:44:29","date_gmt":"2018-04-20T16:44:29","guid":{"rendered":"https:\/\/www.uv.mx\/prensa\/?p=45328"},"modified":"2021-10-22T10:50:55","modified_gmt":"2021-10-22T15:50:55","slug":"pedagogia-fomenta-la-internacionalizacion","status":"publish","type":"post","link":"https:\/\/www.uv.mx\/prensa\/general\/pedagogia-fomenta-la-internacionalizacion\/","title":{"rendered":"Pedagog\u00eda fomenta la internacionalizaci\u00f3n"},"content":{"rendered":"<ul>\n<li><em>Organiz\u00f3 di\u00e1logo entre j\u00f3venes colombianos y de la Universidad Veracruzana<\/em><\/li>\n<\/ul>\n<div id=\"attachment_45329\" style=\"width: 732px\" class=\"wp-caption aligncenter\"><a href=\"https:\/\/www.uv.mx\/prensa\/files\/2018\/04\/200418-GENERAL-Pedagogia-100k.jpg\"><img loading=\"lazy\" decoding=\"async\" aria-describedby=\"caption-attachment-45329\" class=\"size-full wp-image-45329\" src=\"https:\/\/www.uv.mx\/prensa\/files\/2018\/04\/200418-GENERAL-Pedagogia-100k.jpg\" alt=\"\" width=\"722\" height=\"482\" srcset=\"https:\/\/www.uv.mx\/prensa\/files\/2018\/04\/200418-GENERAL-Pedagogia-100k.jpg 722w, https:\/\/www.uv.mx\/prensa\/files\/2018\/04\/200418-GENERAL-Pedagogia-100k-300x200.jpg 300w\" sizes=\"auto, (max-width: 722px) 100vw, 722px\" \/><\/a><p id=\"caption-attachment-45329\" class=\"wp-caption-text\">J\u00f3venes de Colombia y de esta casa de estudios dialogaron sobre la importancia de la internacionalizaci\u00f3n<\/p><\/div>\n<p>&nbsp;<\/p>\n<p><strong><em>Paola Cort\u00e9s P\u00e9rez<\/em><\/strong><\/p>\n<p><strong><em>20\/04\/18, Xalapa, Ver.- <\/em><\/strong>Las facultades de Pedagog\u00eda y de Instrumentaci\u00f3n Electr\u00f3nica y la Coordinaci\u00f3n de Cooperaci\u00f3n Acad\u00e9mica de la Direcci\u00f3n General de Relaciones Internacionales de la Universidad Veracruzana (UV), organizaron el evento \u201cExperiencias escolares de estudiantes universitarios colombianos y mexicanos. Di\u00e1logo desde la interdisciplina\u201d, a fin de propiciar el desarrollo de competencias internacionales e interculturales entre los j\u00f3venes.<\/p>\n<p>Roc\u00edo Liliana Gonz\u00e1lez Guerrero, directora de la Facultad de Pedagog\u00eda, coment\u00f3 que en 2017 fue creado el Programa de Cooperaci\u00f3n y Producci\u00f3n Acad\u00e9mica, con el objetivo de impulsar actividades acad\u00e9micas y eventos que fortalezcan las competencias interculturales e internacionalizantes entre la comunidad estudiantil.<\/p>\n<p>\u201cEste evento nos permiti\u00f3 acercarnos, desde casa y de viva voz, a las formas en que se vive la formaci\u00f3n profesional en dos pa\u00edses, Colombia y M\u00e9xico, y en dos \u00e1reas acad\u00e9micas: t\u00e9cnica y humanidades.\u201d<\/p>\n<p>La charla se llev\u00f3 a cabo el mi\u00e9rcoles 11 de abril, con la participaci\u00f3n de Esteban Echeverri Tamayo y Jes\u00fas Miguel Rangel, estudiantes de Ingenier\u00eda Mecatr\u00f3nica del Instituto Tecnol\u00f3gico de Medell\u00edn (ITM), Colombia; Mara Cristina Villa S\u00e1nchez y Juan Manuel Salazar Ju\u00e1rez, de la Licenciatura en Pedagog\u00eda; as\u00ed como Sergio Escalera Canto y Jos\u00e9 Eduardo M\u00e9ndez V\u00e1zquez, de Instrumentaci\u00f3n Electr\u00f3nica.<\/p>\n<p>Los j\u00f3venes coincidieron al expresar que la convivencia con estudiantes de diferentes disciplinas, instituciones educativas y pa\u00edses, los enriquece a nivel acad\u00e9mico y personal, porque todos tienen algo que aprender de todos.<\/p>\n<p>Esteban Echeverri comparti\u00f3 que este tipo de actividad enriquece el pensamiento, \u201cconoces y tomas en cuenta la opini\u00f3n de diversas personas que pueden ayudarte a tomar una decisi\u00f3n, son muy \u00fatiles para no ser una mente cerrada\u201d.<\/p>\n<p>Jos\u00e9 Eduardo M\u00e9ndez dijo que el trabajar y convivir con estudiantes de otras carreras y de otros pa\u00edses \u201cte ampl\u00eda el horizonte y te vuelves m\u00e1s comprensivo con el resto de las personas\u201d.<\/p>\n<p>Juan Manuel Salazar consider\u00f3 que fue un evento que dej\u00f3 mucho aprendizaje para ellos y los j\u00f3venes asistentes, adem\u00e1s los acerc\u00f3 a diferentes formas de ense\u00f1anza.<\/p>\n","protected":false},"excerpt":{"rendered":"<p>La convivencia con estudiantes de diferentes disciplinas, instituciones y pa\u00edses nos enriquece a nivel acad\u00e9mico y personal: universitarios<\/p>\n","protected":false},"author":1775,"featured_media":45329,"comment_status":"closed","ping_status":"closed","sticky":false,"template":"","format":"standard","meta":{"footnotes":""},"categories":[1],"tags":[4440,1027,2954,1282,4164,1801],"class_list":["post-45328","post","type-post","status-publish","format-standard","has-post-thumbnail","hentry","category-general","tag-coordinacion-de-cooperacion-academica","tag-direccion-general-de-relaciones-internacionales","tag-evento","tag-instrumentacion-electronica","tag-paola-cortes-perez","tag-pedagogia"],"_links":{"self":[{"href":"https:\/\/www.uv.mx\/prensa\/wp-json\/wp\/v2\/posts\/45328","targetHints":{"allow":["GET"]}}],"collection":[{"href":"https:\/\/www.uv.mx\/prensa\/wp-json\/wp\/v2\/posts"}],"about":[{"href":"https:\/\/www.uv.mx\/prensa\/wp-json\/wp\/v2\/types\/post"}],"author":[{"embeddable":true,"href":"https:\/\/www.uv.mx\/prensa\/wp-json\/wp\/v2\/users\/1775"}],"replies":[{"embeddable":true,"href":"https:\/\/www.uv.mx\/prensa\/wp-json\/wp\/v2\/comments?post=45328"}],"version-history":[{"count":1,"href":"https:\/\/www.uv.mx\/prensa\/wp-json\/wp\/v2\/posts\/45328\/revisions"}],"predecessor-version":[{"id":103413,"href":"https:\/\/www.uv.mx\/prensa\/wp-json\/wp\/v2\/posts\/45328\/revisions\/103413"}],"wp:featuredmedia":[{"embeddable":true,"href":"https:\/\/www.uv.mx\/prensa\/wp-json\/wp\/v2\/media\/45329"}],"wp:attachment":[{"href":"https:\/\/www.uv.mx\/prensa\/wp-json\/wp\/v2\/media?parent=45328"}],"wp:term":[{"taxonomy":"category","embeddable":true,"href":"https:\/\/www.uv.mx\/prensa\/wp-json\/wp\/v2\/categories?post=45328"},{"taxonomy":"post_tag","embeddable":true,"href":"https:\/\/www.uv.mx\/prensa\/wp-json\/wp\/v2\/tags?post=45328"}],"curies":[{"name":"wp","href":"https:\/\/api.w.org\/{rel}","templated":true}]}}