{"id":45227,"date":"2018-04-19T14:44:18","date_gmt":"2018-04-19T19:44:18","guid":{"rendered":"https:\/\/www.uv.mx\/prensa\/?p=45227"},"modified":"2018-04-19T14:44:18","modified_gmt":"2018-04-19T19:44:18","slug":"berenice-ortigoza-ofrecio-conciertos-didacticos","status":"publish","type":"post","link":"https:\/\/www.uv.mx\/prensa\/regiones\/berenice-ortigoza-ofrecio-conciertos-didacticos\/","title":{"rendered":"Berenice Ortigoza ofreci\u00f3 conciertos did\u00e1cticos"},"content":{"rendered":"<ul>\n<li><em>La pianista y estudiante de Educaci\u00f3n Musical se present\u00f3 en las facultades de Ciencias Qu\u00edmicas, Ingenier\u00eda y Odontolog\u00eda de Orizaba<\/em><\/li>\n<\/ul>\n<p>&nbsp;<\/p>\n<div id=\"attachment_45175\" style=\"width: 732px\" class=\"wp-caption aligncenter\"><a href=\"https:\/\/www.uv.mx\/prensa\/files\/2018\/04\/180418-ORIZABA-Concierto-piano-1.jpg\"><img loading=\"lazy\" decoding=\"async\" aria-describedby=\"caption-attachment-45175\" class=\"size-full wp-image-45175\" src=\"https:\/\/www.uv.mx\/prensa\/files\/2018\/04\/180418-ORIZABA-Concierto-piano-1.jpg\" alt=\"\" width=\"722\" height=\"481\" srcset=\"https:\/\/www.uv.mx\/prensa\/files\/2018\/04\/180418-ORIZABA-Concierto-piano-1.jpg 722w, https:\/\/www.uv.mx\/prensa\/files\/2018\/04\/180418-ORIZABA-Concierto-piano-1-300x200.jpg 300w\" sizes=\"auto, (max-width: 722px) 100vw, 722px\" \/><\/a><p id=\"caption-attachment-45175\" class=\"wp-caption-text\">Berenice Ortigoza Barradas<\/p><\/div>\n<p><em>\u00a0<\/em><\/p>\n<p>&nbsp;<\/p>\n<p><strong><em>Francisco Javier Cha\u00edn Revuelta<\/em><\/strong><\/p>\n<p><strong><em>19\/04\/18, Orizaba, Ver.-<\/em><\/strong> Berenice Ortigoza Barradas ofreci\u00f3 conciertos did\u00e1cticos de piano en las facultades de Ciencias Qu\u00edmicas, Ingenier\u00eda y Odontolog\u00eda, el pasado 4 de abril, organizados por la vicerrector\u00eda Orizaba-C\u00f3rdoba, a trav\u00e9s de la Coordinaci\u00f3n de Difusi\u00f3n Cultural.<\/p>\n<p>La joven inici\u00f3 su concierto con dos divertimentos de Johann Sebastian Bach (1685-1750), compositor de la \u00e9poca barroca e indispensable en cualquier repertorio musical, quien no escrib\u00eda para piano \u2500a\u00fan no exist\u00eda\u2500, s\u00f3lo para clavec\u00edn, antecesor de este instrumento, explic\u00f3.<\/p>\n<p>La mayor\u00eda de sus composiciones son de temas religiosos pues fue organista en iglesias y tocaba para pr\u00edncipes y reyes, dominaba la improvisaci\u00f3n y por tanto compon\u00eda con suma facilidad. Agreg\u00f3 que sus piezas son complejas y que es el autor m\u00e1s apreciado por m\u00fasicos cl\u00e1sicos, estudiantes de conservatorio y profesionales de la m\u00fasica.<\/p>\n<p>Berenice Ortigoza detall\u00f3 que los dos divertimentos de Bach que toc\u00f3 son a dos voces, por lo que se pueden apreciar dos melod\u00edas funcionando a la vez.<\/p>\n<p>El concierto continu\u00f3 con una sonata de Franz Joseph Haydn (1732-1809), quien pertenece al periodo cl\u00e1sico junto con Mozart (1756-1791) y Beethoven (1770-1827); se le considera el m\u00e1ximo representante de las sinfon\u00edas y cuartetos, sus composiciones fueron determinantes para estas formas musicales.<\/p>\n<p>La joven concertista a\u00f1adi\u00f3 que Haydn se inici\u00f3 en coros cuando al cambiar de voz realiz\u00f3 estudios de m\u00fasica, de viol\u00edn y clavec\u00edn. Su obra es amplia \u2013m\u00e1s de 340 horas de m\u00fasica\u2013 y en su \u00e9poca fue reconocido como el mejor m\u00fasico.<\/p>\n<p>La sonata, comparti\u00f3, es una forma musical com\u00fan para piano, viol\u00edn y chelo, pero esta forma musical es la que Haydn llev\u00f3 a las sinfon\u00edas que son las obras que se interpretan en orquesta.<\/p>\n<p>El siguiente periodo musical despu\u00e9s del Barroco y el cl\u00e1sico fue el Rom\u00e1ntico, y un representante clave fue Frederic Chopin, cuyo repertorio para piano es muy extenso; sus nocturnos, preludios y fantas\u00edas son mezcla de virtuosismo y sentimentalismo. Chopin pertenec\u00eda a la corriente nacionalista y por ello tiene muchas obras del car\u00e1cter polaco, sus polonesas son famosas. Berenice toc\u00f3 para los estudiantes uno de los nocturnos de este m\u00fasico: el Opus 9 n\u00famero 2.<\/p>\n<p>La concertista tambi\u00e9n interpret\u00f3 un <em>impromptu<\/em> de Franz Schubert, m\u00fasico del periodo rom\u00e1ntico que escribi\u00f3 para piano y voz, su m\u00fasica instrumental posee un car\u00e1cter bien diferente que logra expresar con elementos musicales muchas sensaciones y emociones, como si escuch\u00e1ramos palabras.<\/p>\n<p>Berenice Ortigoza Barradas (C\u00f3rdoba, 1990) inici\u00f3 estudios de manera autodidacta a los 13 a\u00f1os, a los 18 imparti\u00f3 clases de piano en las escuelas locales e hizo recitales como solista, en ensambles y como acompa\u00f1ante de cuerdas en diverso foros regionales. En 2012 ingres\u00f3 a la Facultad de M\u00fasica de la UV, donde estudi\u00f3 piano con el maestro Luis Enrique Le\u00f3n Espa\u00f1a; desde 2015 estudia la Licenciatura en Educaci\u00f3n Musical.<\/p>\n<p>&nbsp;<\/p>\n<div id=\"attachment_45174\" style=\"width: 732px\" class=\"wp-caption aligncenter\"><a href=\"https:\/\/www.uv.mx\/prensa\/files\/2018\/04\/180418-ORIZABA-Concierto-piano-2.jpg\"><img loading=\"lazy\" decoding=\"async\" aria-describedby=\"caption-attachment-45174\" class=\"size-full wp-image-45174\" src=\"https:\/\/www.uv.mx\/prensa\/files\/2018\/04\/180418-ORIZABA-Concierto-piano-2.jpg\" alt=\"\" width=\"722\" height=\"481\" srcset=\"https:\/\/www.uv.mx\/prensa\/files\/2018\/04\/180418-ORIZABA-Concierto-piano-2.jpg 722w, https:\/\/www.uv.mx\/prensa\/files\/2018\/04\/180418-ORIZABA-Concierto-piano-2-300x200.jpg 300w\" sizes=\"auto, (max-width: 722px) 100vw, 722px\" \/><\/a><p id=\"caption-attachment-45174\" class=\"wp-caption-text\">El p\u00fablico disfrut\u00f3 obras de Bach, Haydn, Chopin y Schubert<\/p><\/div>\n","protected":false},"excerpt":{"rendered":"<p>En las facultades de Ciencias Qu\u00edmicas, Ingenier\u00eda y Odontolog\u00eda de Orizaba, la pianista y estudiante de Educaci\u00f3n Musical interpret\u00f3 a Bach, Haydn, Chopin y Schubert<\/p>\n","protected":false},"author":1869,"featured_media":45175,"comment_status":"closed","ping_status":"closed","sticky":false,"template":"","format":"standard","meta":{"footnotes":""},"categories":[53,32],"tags":[],"class_list":["post-45227","post","type-post","status-publish","format-standard","has-post-thumbnail","hentry","category-orizaba","category-regiones"],"_links":{"self":[{"href":"https:\/\/www.uv.mx\/prensa\/wp-json\/wp\/v2\/posts\/45227","targetHints":{"allow":["GET"]}}],"collection":[{"href":"https:\/\/www.uv.mx\/prensa\/wp-json\/wp\/v2\/posts"}],"about":[{"href":"https:\/\/www.uv.mx\/prensa\/wp-json\/wp\/v2\/types\/post"}],"author":[{"embeddable":true,"href":"https:\/\/www.uv.mx\/prensa\/wp-json\/wp\/v2\/users\/1869"}],"replies":[{"embeddable":true,"href":"https:\/\/www.uv.mx\/prensa\/wp-json\/wp\/v2\/comments?post=45227"}],"version-history":[{"count":0,"href":"https:\/\/www.uv.mx\/prensa\/wp-json\/wp\/v2\/posts\/45227\/revisions"}],"wp:featuredmedia":[{"embeddable":true,"href":"https:\/\/www.uv.mx\/prensa\/wp-json\/wp\/v2\/media\/45175"}],"wp:attachment":[{"href":"https:\/\/www.uv.mx\/prensa\/wp-json\/wp\/v2\/media?parent=45227"}],"wp:term":[{"taxonomy":"category","embeddable":true,"href":"https:\/\/www.uv.mx\/prensa\/wp-json\/wp\/v2\/categories?post=45227"},{"taxonomy":"post_tag","embeddable":true,"href":"https:\/\/www.uv.mx\/prensa\/wp-json\/wp\/v2\/tags?post=45227"}],"curies":[{"name":"wp","href":"https:\/\/api.w.org\/{rel}","templated":true}]}}