{"id":45203,"date":"2018-04-19T10:54:09","date_gmt":"2018-04-19T15:54:09","guid":{"rendered":"https:\/\/www.uv.mx\/prensa\/?p=45203"},"modified":"2018-04-19T11:24:04","modified_gmt":"2018-04-19T16:24:04","slug":"gabriele-carcano-sera-solista-con-la-osx","status":"publish","type":"post","link":"https:\/\/www.uv.mx\/prensa\/eventos\/gabriele-carcano-sera-solista-con-la-osx\/","title":{"rendered":"Gabriele Carcano ser\u00e1 solista con la OSX"},"content":{"rendered":"<ul>\n<li><em>Carcano es un pianista de alto nivel como solista en orquestas, as\u00ed como en m\u00fasica de c\u00e1mara. Ha sido elogiado como un \u201cescultor de sonido\u201d<\/em><\/li>\n<\/ul>\n<p><em>\u00a0<\/em><\/p>\n<div id=\"attachment_45178\" style=\"width: 732px\" class=\"wp-caption aligncenter\"><a href=\"https:\/\/www.uv.mx\/prensa\/files\/2018\/04\/180418-Gabriele-Carcano.jpg\"><img loading=\"lazy\" decoding=\"async\" aria-describedby=\"caption-attachment-45178\" class=\"size-full wp-image-45178\" src=\"https:\/\/www.uv.mx\/prensa\/files\/2018\/04\/180418-Gabriele-Carcano.jpg\" alt=\"\" width=\"722\" height=\"481\" srcset=\"https:\/\/www.uv.mx\/prensa\/files\/2018\/04\/180418-Gabriele-Carcano.jpg 722w, https:\/\/www.uv.mx\/prensa\/files\/2018\/04\/180418-Gabriele-Carcano-300x200.jpg 300w\" sizes=\"auto, (max-width: 722px) 100vw, 722px\" \/><\/a><p id=\"caption-attachment-45178\" class=\"wp-caption-text\">Gabriele Carcano<\/p><\/div>\n<p><strong><em>\u00a0<\/em><\/strong><\/p>\n<p>&nbsp;<\/p>\n<p><strong><em>19\/04\/18, Xalapa, Ver.-<\/em><\/strong> La <a href=\"http:\/\/www.orquestasinfonicadexalapa.com\/\" target=\"_blank\" rel=\"noopener\">Orquesta Sinf\u00f3nica de Xalapa<\/a> (OSX) presenta el programa <em>El Emperador<\/em>, con m\u00fasica de Federico Ibarra, Gustav Mahler y Ludwig van Beethoven, bajo la direcci\u00f3n de Guido Maria Guida. La cita es el viernes 20 de abril a las 20:30 horas en Tlaqn\u00e1, Centro Cultural.<\/p>\n<p>Guido Maria Guida se gradu\u00f3 en piano, composici\u00f3n y direcci\u00f3n de orquesta en los conservatorios de Tur\u00edn y Mil\u00e1n. Posteriormente se especializ\u00f3 en la Ecole Normale de Par\u00eds y la Academia Chigiana de Siena. Durante 12 a\u00f1os trabaj\u00f3 como asistente musical de G. Sinopoli, con presentaciones en los teatros m\u00e1s prestigiados del mundo. Ha sido director principal de la \u00d3pera de Bellas Artes en M\u00e9xico.<\/p>\n<p>La audici\u00f3n iniciar\u00e1 con la obra <em>Constructores de lo ef\u00edmero<\/em> del mexicano Federico Ibarra. En palabras del compositor, se trata de \u201cuna representaci\u00f3n de las m\u00e1s de 100 personas que trabajan en conjunto para construir algo como la m\u00fasica, que inmediatamente desaparecer\u00e1\u201d.<\/p>\n<p>Continuar\u00e1 con el <em>Adagio <\/em>de la Sinfon\u00eda No. 10 de Mahler. Antes de morir, el autor inici\u00f3 la que ser\u00eda su d\u00e9cima sinfon\u00eda, pero s\u00f3lo termin\u00f3 el primer movimiento \u2500que ser\u00eda un \u201cAdagio\u201d\u2500 y el tercer movimiento, el cual no logr\u00f3 orquestar. Con el tiempo, music\u00f3logos han hecho reconstrucciones de lo que pudo haber sido esta sinfon\u00eda, sin llegar a una versi\u00f3n definitiva.<\/p>\n<p>Por \u00faltimo se presentar\u00e1 el concierto para piano No. 5 de Beethoven, popularmente llamado <em>El Emperador<\/em>, con la participaci\u00f3n del pianista Gabriele Carcano, quien tendr\u00e1 el rol protag\u00f3nico al piano.<\/p>\n<p>Nacido en Tur\u00edn, Gabriele comenz\u00f3 a estudiar piano a la edad de siete a\u00f1os y se gradu\u00f3 del Conservatorio \u201cGiuseppe Verdi\u201d de aquella ciudad a los 17, con los m\u00e1s altos grados y honores. Es un pianista de alto nivel como solista en orquestas, as\u00ed como en m\u00fasica de c\u00e1mara. Ha sido elogiado como un \u201cescultor de sonido\u201d.<\/p>\n<p>Gabriele ha ganado numerosos galardones, incluido el Premio Casella en la Competencia Venecia, donde debut\u00f3 en el Teatro La Fenice.<\/p>\n<p>El concierto para Piano no. 5, fue compuesto entre 1809 y 1811 durante la invasi\u00f3n francesa a Viena, por lo que es el \u00faltimo concierto para piano de Beethoven. Se piensa que se le llam\u00f3 <em>El Emperador<\/em> por el corte marcial e innovador de la m\u00fasica y por su ligera relaci\u00f3n con la corona, ya que fue dedicado al archiduque y pr\u00edncipe imperial Rodolfo de Austria.<\/p>\n<p>Las entradas tienen un costo de 120, 80 y 30 pesos para estudiantes, se pueden adquirir en las oficinas de la OSX y en la taquilla de Tlaqn\u00e1 el d\u00eda del evento a partir de las 11:00 horas.<\/p>\n<p>&nbsp;<\/p>\n","protected":false},"excerpt":{"rendered":"<p>Participar\u00e1 en el programa del 20 de abril, con el concierto para piano No. 5 de Beethoven, popularmente llamado <em>El Emperador<\/em><\/p>\n","protected":false},"author":1869,"featured_media":45178,"comment_status":"closed","ping_status":"closed","sticky":false,"template":"","format":"standard","meta":{"footnotes":""},"categories":[47],"tags":[],"class_list":["post-45203","post","type-post","status-publish","format-standard","has-post-thumbnail","hentry","category-eventos"],"_links":{"self":[{"href":"https:\/\/www.uv.mx\/prensa\/wp-json\/wp\/v2\/posts\/45203","targetHints":{"allow":["GET"]}}],"collection":[{"href":"https:\/\/www.uv.mx\/prensa\/wp-json\/wp\/v2\/posts"}],"about":[{"href":"https:\/\/www.uv.mx\/prensa\/wp-json\/wp\/v2\/types\/post"}],"author":[{"embeddable":true,"href":"https:\/\/www.uv.mx\/prensa\/wp-json\/wp\/v2\/users\/1869"}],"replies":[{"embeddable":true,"href":"https:\/\/www.uv.mx\/prensa\/wp-json\/wp\/v2\/comments?post=45203"}],"version-history":[{"count":0,"href":"https:\/\/www.uv.mx\/prensa\/wp-json\/wp\/v2\/posts\/45203\/revisions"}],"wp:featuredmedia":[{"embeddable":true,"href":"https:\/\/www.uv.mx\/prensa\/wp-json\/wp\/v2\/media\/45178"}],"wp:attachment":[{"href":"https:\/\/www.uv.mx\/prensa\/wp-json\/wp\/v2\/media?parent=45203"}],"wp:term":[{"taxonomy":"category","embeddable":true,"href":"https:\/\/www.uv.mx\/prensa\/wp-json\/wp\/v2\/categories?post=45203"},{"taxonomy":"post_tag","embeddable":true,"href":"https:\/\/www.uv.mx\/prensa\/wp-json\/wp\/v2\/tags?post=45203"}],"curies":[{"name":"wp","href":"https:\/\/api.w.org\/{rel}","templated":true}]}}