{"id":45146,"date":"2018-04-18T14:54:17","date_gmt":"2018-04-18T19:54:17","guid":{"rendered":"https:\/\/www.uv.mx\/prensa\/?p=45146"},"modified":"2018-04-19T12:57:34","modified_gmt":"2018-04-19T17:57:34","slug":"la-palabra-y-el-hombre-trasciende-fronteras","status":"publish","type":"post","link":"https:\/\/www.uv.mx\/prensa\/cultura\/la-palabra-y-el-hombre-trasciende-fronteras\/","title":{"rendered":"La Palabra y el Hombre trasciende fronteras"},"content":{"rendered":"<ul>\n<li><em>La revista emblem\u00e1tica de la UV tiene suscriptores en Europa del Este, Estados Unidos y Latinoam\u00e9rica<\/em><\/li>\n<li><em>Ha sabido conjugar un amplio abanico de temas, al igual que a escritores noveles y consagrados<\/em><\/li>\n<\/ul>\n<p>&nbsp;<\/p>\n<div id=\"attachment_45147\" style=\"width: 732px\" class=\"wp-caption aligncenter\"><a href=\"https:\/\/www.uv.mx\/prensa\/files\/2018\/04\/180418-Cultura-la-Palabra-y-el-Hombre.jpg\"><img loading=\"lazy\" decoding=\"async\" aria-describedby=\"caption-attachment-45147\" class=\"size-full wp-image-45147\" src=\"https:\/\/www.uv.mx\/prensa\/files\/2018\/04\/180418-Cultura-la-Palabra-y-el-Hombre.jpg\" alt=\"\" width=\"722\" height=\"481\" srcset=\"https:\/\/www.uv.mx\/prensa\/files\/2018\/04\/180418-Cultura-la-Palabra-y-el-Hombre.jpg 722w, https:\/\/www.uv.mx\/prensa\/files\/2018\/04\/180418-Cultura-la-Palabra-y-el-Hombre-300x200.jpg 300w\" sizes=\"auto, (max-width: 722px) 100vw, 722px\" \/><\/a><p id=\"caption-attachment-45147\" class=\"wp-caption-text\">Claudia Ram\u00edrez, M\u00f3nica Hern\u00e1ndez, Mario Mu\u00f1oz, Diana Luz S\u00e1nchez y Jos\u00e9 Antonio Garc\u00eda dieron detalles del nuevo n\u00famero<\/p><\/div>\n<p>&nbsp;<\/p>\n<p>&nbsp;<\/p>\n<p><strong><em>David Sandoval Rodr\u00edguez<\/em><\/strong><\/p>\n<p><strong><em>18\/04\/18, Xalapa, Ver.-<\/em><\/strong> <em>La Palabra y el Hombre<\/em>, revista emblem\u00e1tica de la Universidad Veracruzana (UV), tiene en puerta el n\u00famero 44 de su reciente \u00e9poca, correspondiente al trimestre de abril-junio de 2018, que al igual que los anteriores trascender\u00e1 las fronteras de esta casa de estudios y M\u00e9xico al llegar a los ojos de lectores de Europa del Este, Estados Unidos y diferentes partes de Latinoam\u00e9rica.<\/p>\n<p>Fiel a su tradici\u00f3n, contendr\u00e1 art\u00edculos de temas de vanguardia, una entrevista con Juan Villoro, el ensayo ganador del Premio al Estudiante Universitario, as\u00ed como el dossier con la obra del fot\u00f3grafo Jos\u00e9 Luis Cuevas y en las im\u00e1genes de interiores las creaciones de Elisa Malo, alumna de La Esmeralda.<\/p>\n<p>Diana Luz S\u00e1nchez Flores, editora responsable de la publicaci\u00f3n, dio a conocer que el n\u00famero 44 contiene un texto de John O\u2019 Kuinghttons denominado \u201cBiblioclastia\u201d, concepto de reciente creaci\u00f3n que refiere al caso de Augusto Pinochet, quien desprecia los libros pero a su vez plagia obras que ostenta como propias.<\/p>\n<p>Dos poetas muy j\u00f3venes, Roc\u00edo Elizabeth Moreno y Amado Pe\u00f1a, publican sus versos y Rogelio Cer\u00f3n publica \u201cRyszard Kapuscinski: semi\u00f3tica, periodismo y literatura\u201d.<\/p>\n<p>Contiene tambi\u00e9n una traducci\u00f3n de un texto de C\u00e9cile Brochard, \u201cEl grito del mundo: novelas contempor\u00e1neas de la dictadura\u201d, referente a las dictaduras latinoamericanas y africanas.<\/p>\n<p>Brianda Pineda Melgarejo, ganadora del Premio al Estudiante Universitario en categor\u00eda de ensayo, publica \u201cNi\u00f1a ahogada en el pozo: Garc\u00eda Lorca en Nueva York\u201d.<\/p>\n<p>En la secci\u00f3n Estado y Sociedad se publicar\u00e1 la entrevista que Lino Monanegi realiz\u00f3 a Juan Villoro con motivo de su visita a la capital en apoyo a la candidata independiente Mar\u00eda de Jes\u00fas Patricio, \u201cMarichuy\u201d.<\/p>\n<p>Publica adem\u00e1s Juan Capetillo Hern\u00e1ndez \u201cLa escritura de la locura: el caso Schreber, Lacan y la psicosis\u201d, as\u00ed como el art\u00edculo \u201cArpillera xalape\u00f1a o un acercamiento a la ciudad violenta\u201d, donde se aborda el tema desde el monumento funerario a la hija asesinada de Esther Hern\u00e1ndez Palacios.<\/p>\n<p>En la secci\u00f3n Arte se publicar\u00e1n dos textos: \u201cLa otra <em>Giganta<\/em>: persistencia del desnudo\u201d, a cargo de Irene Herner, doctora en Historia del Arte.<\/p>\n<p>Jos\u00e9 Antonio Garc\u00eda Arias, asistente de edici\u00f3n, coment\u00f3 que hay varias rese\u00f1as de libros, as\u00ed como de una revista hermana titulada <em>Pliego 16<\/em>, de la Fundaci\u00f3n para las Letras Mexicanas.<\/p>\n<p>En la secci\u00f3n de Miscel\u00e1nea se publicar\u00e1 un ensayo de Alfonso Colorado sobre la relaci\u00f3n entre cultura y pol\u00edtica de nuestro pa\u00eds; tambi\u00e9n se presentar\u00e1 el texto \u201cEl <em>espanglish<\/em>, \u00bffutura lengua en Estados Unidos?\u201d, por Katia Escalante, y \u201cAparente sosiego: los cuentos de Alice Munro\u201d, ganadora del Premio Nobel de Literatura, escrito por Emanuel Bravo Guti\u00e9rrez.<\/p>\n<p>Mario Mu\u00f1oz, acad\u00e9mico de la <a href=\"https:\/\/www.uv.mx\/letrasesp\/\" target=\"_blank\" rel=\"noopener\">Facultad de Letras Espa\u00f1olas<\/a> y encargado de la direcci\u00f3n, record\u00f3 que en cada n\u00famero se busca lograr la mayor calidad posible y siempre est\u00e1 presente la intenci\u00f3n de mejora.<\/p>\n<p>Destac\u00f3 que tanto el comit\u00e9 editorial como las autoridades universitarias han respaldado el prop\u00f3sito de mantener la tradici\u00f3n de <em>La Palabra y el Hombre<\/em> \u2013que comenz\u00f3 en 1957 bajo la direcci\u00f3n de Sergio Galindo\u2013 de publicar en su versi\u00f3n impresa, aunque es posible que en pr\u00f3ximos n\u00fameros aparezca tambi\u00e9n en versi\u00f3n digital.<\/p>\n<p>Maricruz G\u00f3mez Lim\u00f3n, responsable de Relaciones P\u00fablicas y suscripciones, refiri\u00f3 que en pa\u00edses de Europa del Este hay varios suscriptores, tambi\u00e9n en Estados Unidos y Latinoam\u00e9rica, quienes est\u00e1n pendientes de los pr\u00f3ximos n\u00fameros y se les brinda una atenci\u00f3n personalizada.<\/p>\n<p>Como prestadoras de servicio social, apoyan en el trabajo de edici\u00f3n M\u00f3nica Hern\u00e1ndez Cort\u00e9s y Claudia Ram\u00edrez Morales, estudiantes de Letras Espa\u00f1olas.<\/p>\n<p>Los entrevistados precisaron que el s\u00e1bado 28 de abril a las 13:00 horas se presentar\u00e1 el nuevo n\u00famero en la Feria Internacional del Libro Universitario (FILU) 2018.<\/p>\n","protected":false},"excerpt":{"rendered":"<p>La revista emblem\u00e1tica de la UV publicar\u00e1 en breve el n\u00famero 44 de su \u00e9poca reciente, correspondiente al trimestre de abril-junio de 2018<\/p>\n","protected":false},"author":1869,"featured_media":45149,"comment_status":"closed","ping_status":"closed","sticky":false,"template":"","format":"standard","meta":{"footnotes":""},"categories":[11,61],"tags":[],"class_list":["post-45146","post","type-post","status-publish","format-standard","has-post-thumbnail","hentry","category-cultura","category-banner"],"_links":{"self":[{"href":"https:\/\/www.uv.mx\/prensa\/wp-json\/wp\/v2\/posts\/45146","targetHints":{"allow":["GET"]}}],"collection":[{"href":"https:\/\/www.uv.mx\/prensa\/wp-json\/wp\/v2\/posts"}],"about":[{"href":"https:\/\/www.uv.mx\/prensa\/wp-json\/wp\/v2\/types\/post"}],"author":[{"embeddable":true,"href":"https:\/\/www.uv.mx\/prensa\/wp-json\/wp\/v2\/users\/1869"}],"replies":[{"embeddable":true,"href":"https:\/\/www.uv.mx\/prensa\/wp-json\/wp\/v2\/comments?post=45146"}],"version-history":[{"count":0,"href":"https:\/\/www.uv.mx\/prensa\/wp-json\/wp\/v2\/posts\/45146\/revisions"}],"wp:featuredmedia":[{"embeddable":true,"href":"https:\/\/www.uv.mx\/prensa\/wp-json\/wp\/v2\/media\/45149"}],"wp:attachment":[{"href":"https:\/\/www.uv.mx\/prensa\/wp-json\/wp\/v2\/media?parent=45146"}],"wp:term":[{"taxonomy":"category","embeddable":true,"href":"https:\/\/www.uv.mx\/prensa\/wp-json\/wp\/v2\/categories?post=45146"},{"taxonomy":"post_tag","embeddable":true,"href":"https:\/\/www.uv.mx\/prensa\/wp-json\/wp\/v2\/tags?post=45146"}],"curies":[{"name":"wp","href":"https:\/\/api.w.org\/{rel}","templated":true}]}}